{"id":99297,"date":"2025-11-28T16:18:54","date_gmt":"2025-11-28T16:18:54","guid":{"rendered":"https:\/\/www.europesays.com\/no\/99297\/"},"modified":"2025-11-28T16:18:54","modified_gmt":"2025-11-28T16:18:54","slug":"har-innledet-ny-militaeroperasjon","status":"publish","type":"post","link":"https:\/\/www.europesays.com\/no\/99297\/","title":{"rendered":"Har innledet ny milit\u00e6roperasjon"},"content":{"rendered":"<p class=\"kicker \" style=\"\">Vestbredden:\u00a0<\/p>\n<p>  Det israelske forsvaret har startet en stor offensiv. &#8211; De er redde for at Vestbredden skal eksplodere, sier Midt\u00f8sten-ekspert.\u00a0<\/p>\n<p>\n    NY OFFENSIV: Israel har denne uka innledet ny offensiv nord p\u00e5 Vestbredden. Foto: Zain Jaafar \/ AFP \/ NTB\n  <\/p>\n<p>Hundrevis av israelske soldater er i gang med en st\u00f8rre offensiv p\u00e5 Vestbredden.\u00a0<\/p>\n<p>Offensiven, som det israelske forsvaret (IDF) og sikkerhetstjenesten Shin Bet omtaler som en \u00abomfattende antiterroroperasjon\u00bb, er den st\u00f8rste siden v\u00e5penhvilen p\u00e5 Gaza ble innf\u00f8rt, skriver <a href=\"https:\/\/www.theguardian.com\/world\/2025\/nov\/26\/hundreds-israeli-soldiers-raid-palestinian-town-tubas-west-bank\" rel=\"nofollow noopener\" target=\"_blank\">The Guardian.<\/a>\u00a0\u00a0<\/p>\n<p>&#8211; De er redde for at Vestbredden skal eksplodere, sier Midt\u00f8sten-ekspert Dag Henrik Tuastad til Dagbladet.\u00a0<\/p>\n<p>    <a itemprop=\"url\" href=\"https:\/\/www.dagbladet.no\/nyheter\/her-blir-jamil-og-hiam-kastet-ut-fra-olivenlundene-sine\/83740764\" rel=\"nofollow noopener\" target=\"_blank\"><\/p>\n<p>      <img loading=\"lazy\" decoding=\"async\" src=\"https:\/\/www.europesays.com\/no\/wp-content\/uploads\/2025\/11\/83741160.webp\" width=\"980\" height=\"441\" title=\"Her blir Jamil og Hiam kastet ut fra olivenlunden sin\" alt=\"\" class=\"lazyload\" style=\"--aspect-ratio-image: 2.22; \"\/><\/p>\n<p>        Her blir Jamil og Hiam kastet ut fra olivenlunden sin<\/p>\n<p>    <\/a><\/p>\n<p>\u00abFristed for terrorisme\u00bb\t<\/p>\n<p>Det var tirsdag kveld at det ble innf\u00f8rt portforbud i byene og landsbyene Tubas, Tammun og al-Aqaba, nord\u00f8st p\u00e5 Vestbredden.\u00a0<\/p>\n<p>Tidlig onsdag morgen gikk IDF inn med bulldosere og andre pansrede kj\u00f8ret\u00f8y i Tubas, skriver israelske medier. Det ble innf\u00f8rt portforbud og flere av IDFs kamphelikoptere hadde omringet byen. If\u00f8lge avisa <a href=\"https:\/\/www.haaretz.com\/israel-news\/2025-11-26\/ty-article\/.premium\/idf-launches-major-west-bank-raid-as-attack-helicopters-reportedly-surround-northern-city\/0000019a-bf37-dcd7-a3be-bf3ff9b40000\" rel=\"nofollow noopener\" target=\"_blank\">Haaretz<\/a> hadde innbyggerne i forkant blitt informert via flygeblader om at omr\u00e5det er blitt \u00abet fristed for terrorisme\u00bb.<\/p>\n<p>          <img loading=\"lazy\" decoding=\"async\" src=\"https:\/\/www.europesays.com\/no\/wp-content\/uploads\/2025\/11\/83910546.webp\" width=\"980\" height=\"559\" title=\"RAID: Israelske soldater mener disse byene har blitt et fristed for terrorisme. Her fra et raid i et palestinsk hjem i Tammun 4. november. Foto: Raneen Sawafta \/ Reuters\" alt=\"\" class=\"\" style=\"--aspect-ratio-image: 1.75; \"\/><\/p>\n<p>\n          RAID: Israelske soldater mener disse byene har blitt et fristed for terrorisme. Her fra et raid i et palestinsk hjem i Tammun 4. november. Foto: Raneen Sawafta \/ Reuters\n      <\/p>\n<p>\u00abIsraelske sikkerhetsstyrker vil ikke akseptere dette, og vil handle med styrke og besluttsomhet\u00bb sto det p\u00e5 flygebladene, if\u00f8lge Haaretz.\u00a0<\/p>\n<p>\u00abDersom dere ikke endrer dette, vil vi gj\u00f8re som vi gjorde i Jenin og Tulkarm\u00bb advarte IDF videre.\u00a0\u00a0<\/p>\n<p>Torsdag ettermiddag er s\u00e5 langt over 100 personer arresterte i Tubas, melder <a href=\"https:\/\/www.timesofisrael.com\/liveblog_entry\/over-100-said-detained-by-israel-in-northern-west-bank-op-including-2-journalists\/\" rel=\"nofollow noopener\" target=\"_blank\">Times of Israel<\/a>. IDF opplyser ogs\u00e5 at det er gjennomf\u00f8rt angrep med helikopter for \u00e5 st\u00f8tte bakkestyrkene. <\/p>\n<p>De siste to d\u00f8gnene skal mange ogs\u00e5 ha blitt evakuerte fra hjemmene sine ettersom IDF vil bruke disse til milit\u00e6rposter. Det er forventet at offensiven vil p\u00e5g\u00e5 i flere dager.\u00a0\u00a0<\/p>\n<p>          <img loading=\"lazy\" decoding=\"async\" src=\"https:\/\/www.europesays.com\/no\/wp-content\/uploads\/2025\/11\/83910547.webp\" width=\"980\" height=\"559\" title=\"SPERRES UTE: I l\u00f8pet av onsdag skal minst 30 ha blitt sendt til sykehus. I flere omr\u00e5der opplyser R\u00f8de Halvm\u00e5ne at de ikke f\u00e5r tilgang til skadde. Her sperres en ambulanse ute ved Tammun. Foto: Zain Jaafar \/ AFP \/ NTB\" alt=\"\" class=\"\" style=\"--aspect-ratio-image: 1.75; \"\/><\/p>\n<p>\n          SPERRES UTE: I l\u00f8pet av onsdag skal minst 30 ha blitt sendt til sykehus. I flere omr\u00e5der opplyser R\u00f8de Halvm\u00e5ne at de ikke f\u00e5r tilgang til skadde. Her sperres en ambulanse ute ved Tammun. Foto: Zain Jaafar \/ AFP \/ NTB\n      <\/p>\n<p>&#8211; Denne aksjonen er politisk motivert, det er ingen sikkerhetsoperasjon, sier guvern\u00f8r i Tubas, Ahmed al-Asaad.<\/p>\n<p>If\u00f8lge ham har soldatene gjennomf\u00f8rt raid i flere av byene, inkludert flyktningleiren al-Faraa utenfor Tubas.<\/p>\n<p>&#8211; De har stengt innfarten med jordvoller s\u00e5 ingen kan bevege seg der, sier Asaad.<\/p>\n<p>    <a itemprop=\"url\" href=\"https:\/\/www.dagbladet.no\/nyheter\/truet-til-taushet\/83739900\" rel=\"nofollow noopener\" target=\"_blank\"><\/p>\n<p>      <img loading=\"lazy\" decoding=\"async\" src=\"https:\/\/www.europesays.com\/no\/wp-content\/uploads\/2025\/11\/83740084.webp\" width=\"980\" height=\"441\" title=\"- Truet til taushet\" alt=\"\" class=\"lazyload\" style=\"--aspect-ratio-image: 2.22; \"\/><\/p>\n<p>        &#8211; Truet til taushet<\/p>\n<p>    <\/a><\/p>\n<p>Fortsettelse\t<\/p>\n<p>Midt\u00f8sten-forsker ved UiO, Dag Henrik Tuastad, mener offensiven er en del av den israleske invasjonen av Vestbredden.\u00a0<\/p>\n<p>Han mener videre at offensivene er et fors\u00f8k p\u00e5 brannslukking og avskrekking fra israelsk hold, og at den siste offensiven er en fortsettelse av det som startet i flyktningeleiren Jenin tidlig i 2025.\u00a0<\/p>\n<p>&#8211; Israel g\u00e5r massivt mot det de mener er konturene av v\u00e6pnet organisering p\u00e5 Vestbredden.\u00a0<\/p>\n<p>          <img loading=\"lazy\" decoding=\"async\" src=\"https:\/\/www.europesays.com\/no\/wp-content\/uploads\/2025\/11\/83910552.webp\" width=\"980\" height=\"559\" title=\"PATRULJERER: Israelske styrker patruljerer gatene i Tubas onsdag. Foto: Zain Jaafar\/ AFP \/ NTB\" alt=\"\" class=\"\" style=\"--aspect-ratio-image: 1.75; \"\/><\/p>\n<p>\n          PATRULJERER: Israelske styrker patruljerer gatene i Tubas onsdag. Foto: Zain Jaafar\/ AFP \/ NTB\n      <\/p>\n<p>Der Israel mener de kan se celler som har begynt \u00e5 vokse seg sterkere, eksempelvis fra militsen al-Aqsa-brigaden, g\u00e5r de kraftig til verks, forklarer Tuastad. Tubas er en by med omkring 30 000 innbyggere. At en liten by av denne st\u00f8rrelsen angivelig er blitt s\u00e5 militant, mener Tuastad er oppsiktsvekkende. <\/p>\n<p>&#8211; Dette er et symptom p\u00e5 en veldig ustabil Vestbredden. Man kan jo sp\u00f8rre seg hva som skjer hvis man f\u00e5r et Nablus i brann, sier Tuastad.\u00a0<\/p>\n<p>Nablus er en av Vestbreddens st\u00f8rste byer med et innbyggertall p\u00e5 omkring 160 000 mennesker.\u00a0<\/p>\n<p>Ogs\u00e5 Israels forsvarsminister Israel Katz uttalte seg onsdag om faren\u00a0 for en ytterligere oppblussing av situasjonen p\u00e5 Vestbredden.\u00a0<\/p>\n<p>&#8211; IDF jobber hardt for \u00e5 unng\u00e5 dette, sa Katz if\u00f8lge Haaretz.\u00a0<\/p>\n<p>    <a itemprop=\"url\" href=\"https:\/\/www.dagbladet.no\/nyheter\/storebror-seg-deg-overalt-hele-tida\/83783149\" rel=\"nofollow noopener\" target=\"_blank\"><\/p>\n<p>      <img loading=\"lazy\" decoding=\"async\" src=\"https:\/\/www.europesays.com\/no\/wp-content\/uploads\/2025\/11\/1764346734_995_83783695.webp\" width=\"980\" height=\"441\" title=\"Storebror seg deg. Overalt. Hele tida\" alt=\"\" class=\"lazyload\" style=\"--aspect-ratio-image: 2.22; \"\/><\/p>\n<p>        Storebror seg deg. Overalt. Hele tida<\/p>\n<p>    <\/a><\/p>\n<p>&#8211; Krigsforbrytelser\t<\/p>\n<p>Det var 21. januar at Israel iverksatte milit\u00e6roperasjonen \u00abOperasjon Iron Wall\u00bb mot\u00a0flyktningleiren\u00a0Jenin. Det gjorde de med Apache-helikoptre, droner, bulldosere og pansrede kj\u00f8ret\u00f8y som st\u00f8tte for flere hundre soldater p\u00e5 bakken.\u00a0<\/p>\n<p>De tre flyktningleirene\u00a0Jenin, Tulkarem og Nur Shams ble alle t\u00f8mt for palestinere. IDF hevder de bekjempet v\u00e6pnede grupper, som de omtaler som terrorister.<\/p>\n<p>Milit\u00e6roperasjonen f\u00f8rte til en flyktningstr\u00f8m som er ansl\u00e5tt \u00e5 v\u00e6re den st\u00f8rste p\u00e5 Vestbredden siden det palestinske omr\u00e5det ble okkupert av Israel i 1967.<\/p>\n<p>        I tre timer gikk j\u00f8diske bosettere rundt i palestinske landsbyer som ligger omtrent 50 kilometer nord for Jerusalem, og gjorde h\u00e6rverk. De palestinske landsbyene opplever ukentlig \u00e5 bli angrepet av bosettere. <\/p>\n<p> Human Right Watch kom nylig med en rapport der de konkluderer med at Israel gjorde seg skyldig i krigsforbrytelser med denne tvangsflyttingen av palestinere. <\/p>\n<p>&#8211; Israelske myndigheter tvang 32.000 palestinere ut fra hjemmene sine i flyktningleirer p\u00e5 Vestbredden uten hensyn til folkeretten, og palestinerne har ikke f\u00e5tt vende tilbake, skriver seniorforsker i HRW Nadia Hardman i rapporten som ble offentliggjort forrige uke.<\/p>\n<p>Israel har trappet opp maktbruken p\u00e5 den okkuperte\u00a0Vestbredden\u00a0siden Hamas-angrepet som utl\u00f8ste Gaza-krigen i oktober 2023. Over tusen palestinere er siden drept av israelske soldater og bosettere, viser tall fra det palestinske helsedepartementet.<\/p>\n<p>44 israelere er p\u00e5 samme tid drept i palestinske angrep eller under israelske milit\u00e6raksjoner, if\u00f8lge israelske tall.<\/p>\n","protected":false},"excerpt":{"rendered":"Vestbredden:\u00a0 Det israelske forsvaret har startet en stor offensiv. &#8211; De er redde for at Vestbredden skal eksplodere,&hellip;\n","protected":false},"author":2,"featured_media":99298,"comment_status":"","ping_status":"","sticky":false,"template":"","format":"standard","meta":{"footnotes":""},"categories":[5],"tags":[20,21,24,25,15,19,22,23,17,18,13,30,28,29,14,16,26,27,412],"class_list":{"0":"post-99297","1":"post","2":"type-post","3":"status-publish","4":"format-standard","5":"has-post-thumbnail","7":"category-overskrifter","8":"tag-breaking-news","9":"tag-breakingnews","10":"tag-featured-news","11":"tag-featurednews","12":"tag-headlines","13":"tag-hovedoppslag","14":"tag-latest-news","15":"tag-latestnews","16":"tag-main-news","17":"tag-mainnews","18":"tag-news","19":"tag-no","20":"tag-norge","21":"tag-norway","22":"tag-nyheter","23":"tag-overskrifter","24":"tag-top-stories","25":"tag-topstories","26":"tag-utenriks"},"share_on_mastodon":{"url":"https:\/\/pubeurope.com\/@no\/115628236318132994","error":""},"_links":{"self":[{"href":"https:\/\/www.europesays.com\/no\/wp-json\/wp\/v2\/posts\/99297","targetHints":{"allow":["GET"]}}],"collection":[{"href":"https:\/\/www.europesays.com\/no\/wp-json\/wp\/v2\/posts"}],"about":[{"href":"https:\/\/www.europesays.com\/no\/wp-json\/wp\/v2\/types\/post"}],"author":[{"embeddable":true,"href":"https:\/\/www.europesays.com\/no\/wp-json\/wp\/v2\/users\/2"}],"replies":[{"embeddable":true,"href":"https:\/\/www.europesays.com\/no\/wp-json\/wp\/v2\/comments?post=99297"}],"version-history":[{"count":0,"href":"https:\/\/www.europesays.com\/no\/wp-json\/wp\/v2\/posts\/99297\/revisions"}],"wp:featuredmedia":[{"embeddable":true,"href":"https:\/\/www.europesays.com\/no\/wp-json\/wp\/v2\/media\/99298"}],"wp:attachment":[{"href":"https:\/\/www.europesays.com\/no\/wp-json\/wp\/v2\/media?parent=99297"}],"wp:term":[{"taxonomy":"category","embeddable":true,"href":"https:\/\/www.europesays.com\/no\/wp-json\/wp\/v2\/categories?post=99297"},{"taxonomy":"post_tag","embeddable":true,"href":"https:\/\/www.europesays.com\/no\/wp-json\/wp\/v2\/tags?post=99297"}],"curies":[{"name":"wp","href":"https:\/\/api.w.org\/{rel}","templated":true}]}}