{"id":99309,"date":"2025-11-28T16:26:15","date_gmt":"2025-11-28T16:26:15","guid":{"rendered":"https:\/\/www.europesays.com\/no\/99309\/"},"modified":"2025-11-28T16:26:15","modified_gmt":"2025-11-28T16:26:15","slug":"trafikkmeldinger-rana-bil-skal-ha-kjort-inn-i-flere-andre-biler-i-mo-i-rana","status":"publish","type":"post","link":"https:\/\/www.europesays.com\/no\/99309\/","title":{"rendered":"Trafikkmeldinger, Rana | Bil skal ha kj\u00f8rt inn i flere andre biler i Mo i Rana"},"content":{"rendered":"\n<p>Det er Nordland politidistrikt som like f\u00f8r klokken 1330 melder at en bil har kj\u00f8rt inn i flere andre biler p\u00e5 Langneset i Mo i Rana.<\/p>\n<p>Politiet er p\u00e5 vei til stedet.<\/p>\n<p>Oppdatert: N\u00f8detatene er p\u00e5 plass. Det er ikke meldt om personskader.<\/p>\n<p>   <img decoding=\"async\" width=\"4000\" height=\"3000\" fetchpriority=\"low\"  loading=\"lazy\"  src=\"https:\/\/www.europesays.com\/no\/wp-content\/uploads\/2025\/11\/1000007445.jpg\" alt=\"\" class=\"brick-c-cFOWSL\" style=\"--brick-image-ratio: 4000 \/ 3000;\"\/><\/p>\n<p>      Politi, brannvesen og ambulanse er p\u00e5 plass p\u00e5 stedet.<br \/>\n      Foto: Lars Martin Halvorsen\n    <\/p>\n<p>Oppdatert: En f\u00f8rer av en bil som muligens har f\u00e5tt et illebefinnende. Denne har kj\u00f8rt inn i flere biler, totalt \u00e5tte biler. Tre personer f\u00e5r tilsyn av helse p\u00e5 stedet.<\/p>\n<p>Hendelsen skal ha funnet sted i omr\u00e5det ved Kiwi i Langneset. Rana Blads journalist Lars Martin Halvorsen er p\u00e5 stedet.<\/p>\n<p>\u2013 Det er mye trafikk, men politiet dirigerer n\u00e5 p\u00e5 stedet. N\u00f8detatene er til stede med en ambulanse og to politibiler. Brannvesenet er ogs\u00e5 p\u00e5 stedet, sier Halvorsen.<\/p>\n<p>    Vil du se neste video?<\/p>\n<p>    <a href=\"https:\/\/www.ranablad.no\/se-video-pa-gutterommet-til-ole-morten-det-kan-vare-litt-ol-og-litt-rodvin\/v\/5-42-1524229\" class=\"recommend-poster\" data-adp-clicklabel=\"video-recommend\" data-adp-clickvalue=\"poster\" rel=\"nofollow noopener\" target=\"_blank\"><br \/>\n      <img decoding=\"async\" width=\"200\" height=\"200\" loading=\"lazy\" src=\"https:\/\/www.europesays.com\/no\/wp-content\/uploads\/2025\/11\/v-i-d61ae900-741c-4065-a975-5eb7845d4ec1-1.jpg\" alt=\"\" class=\"brick-c-cFOWSL\" style=\"--brick-image-ratio: 200 \/ 200;\"\/><\/p>\n<p>SE VIDEO: P\u00e5 gutterommet til Ole Morten. \u2013 Det kan v\u00e6re litt \u00f8l og litt r\u00f8dvin 1:21<\/p>\n<p>    <\/a><\/p>\n<p>Oppdatert: Overfor Rana Blad opplyser innsatsleder i politiet, Remi Anbakk, at bilen har kj\u00f8rt p\u00e5 totalt \u00e5tte biler som sto parkert utenfor Askeladden. Deretter har ferden f\u00e5tt videre gjennom en midtrabatt og over to skilt, f\u00f8r den til slutt har endt opp opp\u00e5 et vikepliktskilt ved Kiwi.<\/p>\n<p>Etter det Rana Blad f\u00e5r opplyst er politiet forel\u00f8pig ikke helt sikker p\u00e5 hvordan dette har g\u00e5tt seg til. Ei heller hva som har for\u00e5rsaket det.<\/p>\n<p>\u2013 Vi vet ikke om det er snakk om et illebefinnende eller teknisk svikt p\u00e5 bilen. Vi har tatt beslag i bilen til f\u00f8reren og midlertidig beslag i f\u00f8rerkortet, sier Anbakk.<\/p>\n<p>Ingen personer skal ha f\u00e5tt alvorlige skader i hendelsen. Bilen fjernes n\u00e5 av brannvesenet.<\/p>\n","protected":false},"excerpt":{"rendered":"Det er Nordland politidistrikt som like f\u00f8r klokken 1330 melder at en bil har kj\u00f8rt inn i flere&hellip;\n","protected":false},"author":2,"featured_media":99310,"comment_status":"","ping_status":"","sticky":false,"template":"","format":"standard","meta":{"footnotes":""},"categories":[5],"tags":[36,20,21,24,25,15,19,7531,22,23,17,18,13,30,28,29,14,16,1360,1510,26,27,665],"class_list":{"0":"post-99309","1":"post","2":"type-post","3":"status-publish","4":"format-standard","5":"has-post-thumbnail","7":"category-overskrifter","8":"tag-art","9":"tag-breaking-news","10":"tag-breakingnews","11":"tag-featured-news","12":"tag-featurednews","13":"tag-headlines","14":"tag-hovedoppslag","15":"tag-kollisjon","16":"tag-latest-news","17":"tag-latestnews","18":"tag-main-news","19":"tag-mainnews","20":"tag-news","21":"tag-no","22":"tag-norge","23":"tag-norway","24":"tag-nyheter","25":"tag-overskrifter","26":"tag-rana","27":"tag-story","28":"tag-top-stories","29":"tag-topstories","30":"tag-trafikkmeldinger"},"share_on_mastodon":{"url":"https:\/\/pubeurope.com\/@no\/115628263842356656","error":""},"_links":{"self":[{"href":"https:\/\/www.europesays.com\/no\/wp-json\/wp\/v2\/posts\/99309","targetHints":{"allow":["GET"]}}],"collection":[{"href":"https:\/\/www.europesays.com\/no\/wp-json\/wp\/v2\/posts"}],"about":[{"href":"https:\/\/www.europesays.com\/no\/wp-json\/wp\/v2\/types\/post"}],"author":[{"embeddable":true,"href":"https:\/\/www.europesays.com\/no\/wp-json\/wp\/v2\/users\/2"}],"replies":[{"embeddable":true,"href":"https:\/\/www.europesays.com\/no\/wp-json\/wp\/v2\/comments?post=99309"}],"version-history":[{"count":0,"href":"https:\/\/www.europesays.com\/no\/wp-json\/wp\/v2\/posts\/99309\/revisions"}],"wp:featuredmedia":[{"embeddable":true,"href":"https:\/\/www.europesays.com\/no\/wp-json\/wp\/v2\/media\/99310"}],"wp:attachment":[{"href":"https:\/\/www.europesays.com\/no\/wp-json\/wp\/v2\/media?parent=99309"}],"wp:term":[{"taxonomy":"category","embeddable":true,"href":"https:\/\/www.europesays.com\/no\/wp-json\/wp\/v2\/categories?post=99309"},{"taxonomy":"post_tag","embeddable":true,"href":"https:\/\/www.europesays.com\/no\/wp-json\/wp\/v2\/tags?post=99309"}],"curies":[{"name":"wp","href":"https:\/\/api.w.org\/{rel}","templated":true}]}}