{"id":99311,"date":"2025-11-28T16:27:37","date_gmt":"2025-11-28T16:27:37","guid":{"rendered":"https:\/\/www.europesays.com\/no\/99311\/"},"modified":"2025-11-28T16:27:37","modified_gmt":"2025-11-28T16:27:37","slug":"viking-fest-ingen-protest-da-ordforeren-ba-om-penger-ra-stavanger","status":"publish","type":"post","link":"https:\/\/www.europesays.com\/no\/99311\/","title":{"rendered":"Viking-fest? Ingen protest da ordf\u00f8reren ba om penger &#8211; RA Stavanger"},"content":{"rendered":"<ol>\n<li><a href=\"https:\/\/news.google.com\/rss\/articles\/CBMikAFBVV95cUxQVGl1dHRLRVNFb1hHZTNrZmRrRGhIMWllSW9tWmJlUVdFU1ZQOWM4RnlJd1A3bHJtenhIa0gzc2lkS3RKMGpJSU1tdEk5X3R6SWlQLTVOVno5bmlNd0lvbG1NeURzZ3RSSERhRWY5dTg4VnpRM1VRNGVZdWhjS0dtOUFHR3FtMlFyck1nQ193WkM?oc=5\" target=\"_blank\" rel=\"nofollow noopener\">Viking-fest? Ingen protest da ordf\u00f8reren ba om penger<\/a>&nbsp;&nbsp;RA Stavanger<\/li>\n<li><a href=\"https:\/\/news.google.com\/rss\/articles\/CBMikgFBVV95cUxQSFdmaTZ0alV1V2NPa1lKc1FYclNjTjlwQzZPcnJYQmhOUVZIVUdFaWRlNWxFRnFqdDViNmZHdW5XMl9URV9LRTVKWTRsY0ItNXpvS2ZPQXBwSTB3amlIZkJVbEVaUTYyNDJCMHhhaWZyZzJXX2toQnJON2FOaXVDOW9HWnozelNvUGRFUzdKeVQyQQ?oc=5\" target=\"_blank\" rel=\"nofollow noopener\">Her er alt av sendinger og podkaster: Kort ned ventetiden til Vikings gullfinale<\/a>&nbsp;&nbsp;Stavanger Aftenblad<\/li>\n<li><a href=\"https:\/\/news.google.com\/rss\/articles\/CBMiT0FVX3lxTE9WN2pJcUE4SVlES1RWUGNFZHdvWnRFdkJEeTJ2Wm4zTURGeWlyT2Z6b3FoSmJUdUNvQ3dGclpsN2Nzbk5WMlNpakZZSU9KM0E?oc=5\" target=\"_blank\" rel=\"nofollow noopener\">Politiet om mulig banestorming: \u2013 Vikings ansvar<\/a>&nbsp;&nbsp;NRK<\/li>\n<li><a href=\"https:\/\/news.google.com\/rss\/articles\/CBMihAFBVV95cUxQWHhsd1d5dEJ2OHo2OXRGZTFPWFdPS3pBNlVuRzlIMWRzNXJBNU9URTFLWmt5RURlMU41VDhZLWlfVHpHQ0s4ZUhHUUZjQ05vZ2FoQWgxbTQxUjJEdldGYVZOMHhId28wYW1GZldTM0ZZc2g1ekNLWldhNlNfaXNOTVJ2UE0?oc=5\" target=\"_blank\" rel=\"nofollow noopener\">Stavanger rigger til folkefest: \u2013\u2060 Planlegger for kaos<\/a>&nbsp;&nbsp;VG<\/li>\n<li><a href=\"https:\/\/news.google.com\/rss\/articles\/CBMiqwFBVV95cUxQM0NUZnd5dExPaGVxMVJvbm5kc3luZzFUR3hjanRvTDYzYW8yODM0RlVzMnJYbDFfcW1QY1JLVHpWUlhBMG9reUNtZzdPeUkybUNYX2xQc1RrVmVYOVBhM09jdnkwbDI1R0dZdHhsTTlxd0Z1aUhFTGhVWDB0RXVJWm1ISlllZ3hCS3JyelhkRENXdENJVFFQQVBfZXhLSHgzT21hQ2ZmRHRza3M?oc=5\" target=\"_blank\" rel=\"nofollow noopener\">Vikings gullkamp: Ble f\u00f8dt timer f\u00f8r fars Viking-gull i 1974 &#8211; n\u00e5 kan det skje igjen<\/a>&nbsp;&nbsp;TV2.no<\/li>\n<\/ol>\n","protected":false},"excerpt":{"rendered":"Viking-fest? Ingen protest da ordf\u00f8reren ba om penger&nbsp;&nbsp;RA Stavanger Her er alt av sendinger og podkaster: Kort ned&hellip;\n","protected":false},"author":2,"featured_media":99312,"comment_status":"","ping_status":"","sticky":false,"template":"","format":"standard","meta":{"footnotes":""},"categories":[59],"tags":[30,28,29,83,82],"class_list":{"0":"post-99311","1":"post","2":"type-post","3":"status-publish","4":"format-standard","5":"has-post-thumbnail","7":"category-sport","8":"tag-no","9":"tag-norge","10":"tag-norway","11":"tag-sport","12":"tag-sports"},"share_on_mastodon":{"url":"https:\/\/pubeurope.com\/@no\/115628267515334500","error":""},"_links":{"self":[{"href":"https:\/\/www.europesays.com\/no\/wp-json\/wp\/v2\/posts\/99311","targetHints":{"allow":["GET"]}}],"collection":[{"href":"https:\/\/www.europesays.com\/no\/wp-json\/wp\/v2\/posts"}],"about":[{"href":"https:\/\/www.europesays.com\/no\/wp-json\/wp\/v2\/types\/post"}],"author":[{"embeddable":true,"href":"https:\/\/www.europesays.com\/no\/wp-json\/wp\/v2\/users\/2"}],"replies":[{"embeddable":true,"href":"https:\/\/www.europesays.com\/no\/wp-json\/wp\/v2\/comments?post=99311"}],"version-history":[{"count":0,"href":"https:\/\/www.europesays.com\/no\/wp-json\/wp\/v2\/posts\/99311\/revisions"}],"wp:featuredmedia":[{"embeddable":true,"href":"https:\/\/www.europesays.com\/no\/wp-json\/wp\/v2\/media\/99312"}],"wp:attachment":[{"href":"https:\/\/www.europesays.com\/no\/wp-json\/wp\/v2\/media?parent=99311"}],"wp:term":[{"taxonomy":"category","embeddable":true,"href":"https:\/\/www.europesays.com\/no\/wp-json\/wp\/v2\/categories?post=99311"},{"taxonomy":"post_tag","embeddable":true,"href":"https:\/\/www.europesays.com\/no\/wp-json\/wp\/v2\/tags?post=99311"}],"curies":[{"name":"wp","href":"https:\/\/api.w.org\/{rel}","templated":true}]}}