{"id":99319,"date":"2025-11-28T16:34:49","date_gmt":"2025-11-28T16:34:49","guid":{"rendered":"https:\/\/www.europesays.com\/no\/99319\/"},"modified":"2025-11-28T16:34:49","modified_gmt":"2025-11-28T16:34:49","slug":"krim-nyhetsvarsel-fire-personer-pagrepet-etter-drapsavtale","status":"publish","type":"post","link":"https:\/\/www.europesays.com\/no\/99319\/","title":{"rendered":"Krim, Nyhetsvarsel | Fire personer p\u00e5grepet etter drapsavtale"},"content":{"rendered":"\n<p>De fire mennene i 30- og 40-\u00e5rene ble p\u00e5grepet torsdag, og fremstilles for varetektsfengsling fredag.<\/p>\n<p>De er siktet for brudd p\u00e5 straffeloven \u00a7 279, alts\u00e5 forbund, eller avtaleinng\u00e5else, om drap eller \u00e5 volde betydelig skade p\u00e5 kropp og helse.<\/p>\n<p>Politiet knytter saken til en konflikt i et kriminelt milj\u00f8.<\/p>\n<p>\u2013 Politiet ser sv\u00e6rt alvorlig p\u00e5 saken. Saken etterforskes derfor for fullt og med h\u00f8y prioritet. V\u00e5rt fokus videre er \u00e5 danne oss et klarere bilde av motiv og hendelsesforl\u00f8p, sier politiadvokat Jon Inge Engesmo.<\/p>\n<p>En av de p\u00e5grepne er en kjent skikkelse i Oslos kriminelle milj\u00f8 og er tidligere d\u00f8mt for \u00e5 ha bestilt et drap, melder <a href=\"https:\/\/www.nrk.no\/norge\/fire-personer-siktet-og-pagrepet-for-drapsforbund-1.17671182\" rel=\"Follow nofollow noopener\" target=\"_blank\">NRK<\/a>.<\/p>\n<p>En annen knyttes til det politiet har beskrevet som et torpedonettverk p\u00e5 \u00d8stlandet, legger allmennkringkasteren til.<\/p>\n<p>Politiet er fremdeles tidlig i etterforskningen, og kan derfor ikke g\u00e5 ytterligere i detaljer per n\u00e5.<\/p>\n","protected":false},"excerpt":{"rendered":"De fire mennene i 30- og 40-\u00e5rene ble p\u00e5grepet torsdag, og fremstilles for varetektsfengsling fredag. De er siktet&hellip;\n","protected":false},"author":2,"featured_media":3844,"comment_status":"","ping_status":"","sticky":false,"template":"","format":"standard","meta":{"footnotes":""},"categories":[5],"tags":[20,21,24,25,15,19,22,23,17,18,13,30,28,29,14,16,26,27],"class_list":{"0":"post-99319","1":"post","2":"type-post","3":"status-publish","4":"format-standard","5":"has-post-thumbnail","7":"category-overskrifter","8":"tag-breaking-news","9":"tag-breakingnews","10":"tag-featured-news","11":"tag-featurednews","12":"tag-headlines","13":"tag-hovedoppslag","14":"tag-latest-news","15":"tag-latestnews","16":"tag-main-news","17":"tag-mainnews","18":"tag-news","19":"tag-no","20":"tag-norge","21":"tag-norway","22":"tag-nyheter","23":"tag-overskrifter","24":"tag-top-stories","25":"tag-topstories"},"share_on_mastodon":{"url":"https:\/\/pubeurope.com\/@no\/115628299027115987","error":""},"_links":{"self":[{"href":"https:\/\/www.europesays.com\/no\/wp-json\/wp\/v2\/posts\/99319","targetHints":{"allow":["GET"]}}],"collection":[{"href":"https:\/\/www.europesays.com\/no\/wp-json\/wp\/v2\/posts"}],"about":[{"href":"https:\/\/www.europesays.com\/no\/wp-json\/wp\/v2\/types\/post"}],"author":[{"embeddable":true,"href":"https:\/\/www.europesays.com\/no\/wp-json\/wp\/v2\/users\/2"}],"replies":[{"embeddable":true,"href":"https:\/\/www.europesays.com\/no\/wp-json\/wp\/v2\/comments?post=99319"}],"version-history":[{"count":0,"href":"https:\/\/www.europesays.com\/no\/wp-json\/wp\/v2\/posts\/99319\/revisions"}],"wp:featuredmedia":[{"embeddable":true,"href":"https:\/\/www.europesays.com\/no\/wp-json\/wp\/v2\/media\/3844"}],"wp:attachment":[{"href":"https:\/\/www.europesays.com\/no\/wp-json\/wp\/v2\/media?parent=99319"}],"wp:term":[{"taxonomy":"category","embeddable":true,"href":"https:\/\/www.europesays.com\/no\/wp-json\/wp\/v2\/categories?post=99319"},{"taxonomy":"post_tag","embeddable":true,"href":"https:\/\/www.europesays.com\/no\/wp-json\/wp\/v2\/tags?post=99319"}],"curies":[{"name":"wp","href":"https:\/\/api.w.org\/{rel}","templated":true}]}}