{"id":99328,"date":"2025-11-28T16:42:24","date_gmt":"2025-11-28T16:42:24","guid":{"rendered":"https:\/\/www.europesays.com\/no\/99328\/"},"modified":"2025-11-28T16:42:24","modified_gmt":"2025-11-28T16:42:24","slug":"sport-heidi-weng-rasterk-weng-ble-nummer-to-havnet-bak-svenske","status":"publish","type":"post","link":"https:\/\/www.europesays.com\/no\/99328\/","title":{"rendered":"Sport, Heidi Weng | R\u00e5sterk Weng ble nummer to \u2013 havnet bak svenske"},"content":{"rendered":"\n<p>Karlsson lyktes ikke i den svenske langrenns\u00e5pningen i G\u00e4llivare sist helg. Da gikk hun ikke klassiskl\u00f8pet over 10 kilometer og ble bare nummer ti p\u00e5 den tilsvarende sk\u00f8ytedistansen.<\/p>\n<p>I Ruka var det ingen tvil. Frida Karlsson ledet p\u00e5 samtlige passeringer fra start til m\u00e5l. Etter 6,1 kilometer var det trippel svensk i tet med Moa Ilar og Ebba Andersson bak Karlsson, mens Heidi Weng fulgte p\u00e5 4.-plass med 14,8 sekunder opp til Karlsson.<\/p>\n<p>Det hemmet ikke Weng. Veteranen p\u00e5 34 \u00e5r vant klassiskl\u00f8pet p\u00e5 Beitost\u00f8len sist helg, og i Ruka avsluttet hun best av alle. Hun var 10,5 sekunder bak den svenske vinneren og 7,8 sekunder foran Sveriges Moa Ilar p\u00e5 3.-plass.<\/p>\n<p>   <img decoding=\"async\" width=\"6000\" height=\"4000\" fetchpriority=\"low\"  loading=\"lazy\"  src=\"https:\/\/www.europesays.com\/no\/wp-content\/uploads\/2025\/11\/NTB_wvFfk32Ufjk.jpg\" alt=\"Ruka, Finland 20251128. &#10;Frida Karlsson fra Sverige vant 10 km klassisk i Ruka.&#10;Foto: Terje Pedersen \/ NTB\" class=\"brick-c-cFOWSL\" style=\"--brick-image-ratio: 6000 \/ 4000;\"\/><\/p>\n<p>      SEIER: Frida Karlsson fra Sverige vant 10 km klassisk i Ruka.<\/p>\n<p>      Foto: Terje Pedersen\/NTB\n    <\/p>\n<p>Weng gjorde sitt beste l\u00f8p p\u00e5 10 kilometer klassisk noen gang i verdenscupen med 2.-plassen bak Karlsson. Det samme gjaldt Kristin Austgulen Fosn\u00e6s, som ble nest beste norske som nummer seks. Fosn\u00e6s ble hektet av med 37,2 sekunder.<\/p>\n<p>B\u00e5de Karoline Simpson-Larsen og Julie Bjervig Drivenes satte personlig rekord i verdenscupsammenheng i det flotte, finske vinterv\u00e6ret og ble nummer \u00e5tte og elleve.<\/p>\n<p>Drivenes satte standarden med startnummer \u00e9n. Hun ble nummer tre p\u00e5 den tilsvarende distansen under den nasjonale \u00e5pningen p\u00e5 Beitost\u00f8len sist l\u00f8rdag, og hun fulgte opp med et sterkt renn i Finland.<\/p>\n<p>I Ruka fortsetter det med klassisk sprint l\u00f8rdag og 20 kilometer fellesstart i fri teknikk s\u00f8ndag.<\/p>\n<p>(\u00a9NTB)<\/p>\n<p>  <a href=\"https:\/\/www.rb.no\/5-43-2622300\" class=\"related-teaser has-image default-story-teaser article--c-eRUmMG article--c-eRUmMG-jKCPdD-design-default\" rel=\"nofollow noopener\" target=\"_blank\"><\/p>\n<p>    <img decoding=\"async\" loading=\"lazy\"  src=\"https:\/\/www.europesays.com\/no\/wp-content\/uploads\/2025\/11\/cueres_scp-mangler_navn_FIFptahBHUc.jpg\" alt=\"\" class=\"brick-c-cFOWSL\" style=\"\"\/><\/p>\n<p>\n            Les ogs\u00e5<\/p>\n<p>              Blir kommunikasjonsr\u00e5dgiver i Frp\n        <\/p>\n<p>  <\/a><\/p>\n<p>  <a href=\"https:\/\/www.rb.no\/5-43-2620437\" class=\"related-teaser has-image default-story-teaser article--c-eRUmMG article--c-eRUmMG-jKCPdD-design-default\" rel=\"nofollow noopener\" target=\"_blank\"><\/p>\n<p>    <img decoding=\"async\" loading=\"lazy\"  src=\"https:\/\/www.europesays.com\/no\/wp-content\/uploads\/2025\/11\/lsk-k%C3%A5sene2.jpg\" alt=\"\" class=\"brick-c-cFOWSL\" style=\"\"\/><\/p>\n<p>\n            Les ogs\u00e5<\/p>\n<p>              Lehne Olsen er tilbake: \u2013 Moro \u00e5 v\u00e6re med igjen\n        <\/p>\n<p>  <\/a><\/p>\n","protected":false},"excerpt":{"rendered":"Karlsson lyktes ikke i den svenske langrenns\u00e5pningen i G\u00e4llivare sist helg. Da gikk hun ikke klassiskl\u00f8pet over 10&hellip;\n","protected":false},"author":2,"featured_media":99329,"comment_status":"","ping_status":"","sticky":false,"template":"","format":"standard","meta":{"footnotes":""},"categories":[59],"tags":[36,5413,398,30,28,29,83,82,1510],"class_list":{"0":"post-99328","1":"post","2":"type-post","3":"status-publish","4":"format-standard","5":"has-post-thumbnail","7":"category-sport","8":"tag-art","9":"tag-heidi-weng","10":"tag-langrenn","11":"tag-no","12":"tag-norge","13":"tag-norway","14":"tag-sport","15":"tag-sports","16":"tag-story"},"share_on_mastodon":{"url":"https:\/\/pubeurope.com\/@no\/115628326580289022","error":""},"_links":{"self":[{"href":"https:\/\/www.europesays.com\/no\/wp-json\/wp\/v2\/posts\/99328","targetHints":{"allow":["GET"]}}],"collection":[{"href":"https:\/\/www.europesays.com\/no\/wp-json\/wp\/v2\/posts"}],"about":[{"href":"https:\/\/www.europesays.com\/no\/wp-json\/wp\/v2\/types\/post"}],"author":[{"embeddable":true,"href":"https:\/\/www.europesays.com\/no\/wp-json\/wp\/v2\/users\/2"}],"replies":[{"embeddable":true,"href":"https:\/\/www.europesays.com\/no\/wp-json\/wp\/v2\/comments?post=99328"}],"version-history":[{"count":0,"href":"https:\/\/www.europesays.com\/no\/wp-json\/wp\/v2\/posts\/99328\/revisions"}],"wp:featuredmedia":[{"embeddable":true,"href":"https:\/\/www.europesays.com\/no\/wp-json\/wp\/v2\/media\/99329"}],"wp:attachment":[{"href":"https:\/\/www.europesays.com\/no\/wp-json\/wp\/v2\/media?parent=99328"}],"wp:term":[{"taxonomy":"category","embeddable":true,"href":"https:\/\/www.europesays.com\/no\/wp-json\/wp\/v2\/categories?post=99328"},{"taxonomy":"post_tag","embeddable":true,"href":"https:\/\/www.europesays.com\/no\/wp-json\/wp\/v2\/tags?post=99328"}],"curies":[{"name":"wp","href":"https:\/\/api.w.org\/{rel}","templated":true}]}}