{"id":99332,"date":"2025-11-28T16:47:31","date_gmt":"2025-11-28T16:47:31","guid":{"rendered":"https:\/\/www.europesays.com\/no\/99332\/"},"modified":"2025-11-28T16:47:31","modified_gmt":"2025-11-28T16:47:31","slug":"rekordinteresse-for-porsche-cayenne-electric","status":"publish","type":"post","link":"https:\/\/www.europesays.com\/no\/99332\/","title":{"rendered":"Rekordinteresse for Porsche Cayenne Electric"},"content":{"rendered":"<p>Helt nye Porsche Cayenne Electric sl\u00e5r i bordet med noen mektige tall. N\u00e5 melder tyskerne om rekordh\u00f8y interesse, og meget snart kan du faktisk f\u00e5 se den i Norge.<\/p>\n<p>Publisert 11:07 | Oppdatert 11:17<\/p>\n<p><img decoding=\"async\" class=\"c-image--blurry c-image-fa\" data-id=\"8310517\" src=\"https:\/\/www.europesays.com\/no\/wp-content\/uploads\/2025\/11\/1764348451_738_pipe\"  alt=\"Article lead\" style=\"position:relative;display:block;object-position:34.6031746031746% 66.24338624338624%\"\/><\/p>\n<p>STOR INTERESSE: Porsche Cayenne Electric ble for f\u00f8rste gang vist til offentligheten i Dubai forrige uke. N\u00e5 avsl\u00f8rer Porsche i Norge hva som er planen her til lands.  <strong>FOTO: Porsche<\/strong><\/p>\n","protected":false},"excerpt":{"rendered":"Helt nye Porsche Cayenne Electric sl\u00e5r i bordet med noen mektige tall. N\u00e5 melder tyskerne om rekordh\u00f8y interesse,&hellip;\n","protected":false},"author":2,"featured_media":99333,"comment_status":"","ping_status":"","sticky":false,"template":"","format":"standard","meta":{"footnotes":""},"categories":[56],"tags":[60,61,62,30,28,29],"class_list":{"0":"post-99332","1":"post","2":"type-post","3":"status-publish","4":"format-standard","5":"has-post-thumbnail","7":"category-naeringsliv","8":"tag-business","9":"tag-economy","10":"tag-naeringsliv","11":"tag-no","12":"tag-norge","13":"tag-norway"},"share_on_mastodon":{"url":"https:\/\/pubeurope.com\/@no\/115628346422057236","error":""},"_links":{"self":[{"href":"https:\/\/www.europesays.com\/no\/wp-json\/wp\/v2\/posts\/99332","targetHints":{"allow":["GET"]}}],"collection":[{"href":"https:\/\/www.europesays.com\/no\/wp-json\/wp\/v2\/posts"}],"about":[{"href":"https:\/\/www.europesays.com\/no\/wp-json\/wp\/v2\/types\/post"}],"author":[{"embeddable":true,"href":"https:\/\/www.europesays.com\/no\/wp-json\/wp\/v2\/users\/2"}],"replies":[{"embeddable":true,"href":"https:\/\/www.europesays.com\/no\/wp-json\/wp\/v2\/comments?post=99332"}],"version-history":[{"count":0,"href":"https:\/\/www.europesays.com\/no\/wp-json\/wp\/v2\/posts\/99332\/revisions"}],"wp:featuredmedia":[{"embeddable":true,"href":"https:\/\/www.europesays.com\/no\/wp-json\/wp\/v2\/media\/99333"}],"wp:attachment":[{"href":"https:\/\/www.europesays.com\/no\/wp-json\/wp\/v2\/media?parent=99332"}],"wp:term":[{"taxonomy":"category","embeddable":true,"href":"https:\/\/www.europesays.com\/no\/wp-json\/wp\/v2\/categories?post=99332"},{"taxonomy":"post_tag","embeddable":true,"href":"https:\/\/www.europesays.com\/no\/wp-json\/wp\/v2\/tags?post=99332"}],"curies":[{"name":"wp","href":"https:\/\/api.w.org\/{rel}","templated":true}]}}