{"id":99336,"date":"2025-11-28T16:49:14","date_gmt":"2025-11-28T16:49:14","guid":{"rendered":"https:\/\/www.europesays.com\/no\/99336\/"},"modified":"2025-11-28T16:49:14","modified_gmt":"2025-11-28T16:49:14","slug":"kirkens-bymisjon-frykter-de-ma-legge-ned-akuttovernattingen-i-oslo-vi-kommer-til-a-fryse-i-hjel","status":"publish","type":"post","link":"https:\/\/www.europesays.com\/no\/99336\/","title":{"rendered":"Kirkens Bymisjon frykter de m\u00e5 legge ned akuttovernattingen i Oslo. \u2013 vi kommer til \u00e5 fryse i hjel."},"content":{"rendered":"\n<ul class=\"_list_o9xde_3 _list_64s2r_85 _unordered_o9xde_106 text-sans-m\">\n<li class=\"_item_o9xde_30\">Emilia (50) er redd for \u00e5 fryse i hjel hvis Kirkens Bymisjons  akuttovernatting legges ned.<\/li>\n<li class=\"_item_o9xde_30\">Kirkens Bymisjon tilbyr overnatting til 80 gjester som betaler 15 kroner for en seng og varm suppe.<\/li>\n<li class=\"_item_o9xde_30\">Regjeringen foresl\u00e5r kutt i tilskuddet til humanit\u00e6re tiltak for E\u00d8S-borgere.<\/li>\n<li class=\"_item_o9xde_30\">SV kritiserer kuttene som umenneskelige og \u00f8konomisk ukloke.<\/li>\n<li class=\"_item_o9xde_30\">Uten tilskuddet vil mange st\u00e5 igjen uten sikkerhetsnett.<\/li>\n<\/ul>\n<p>Vis mer <\/p>\n<p class=\"_paragraph_o9xde_4 _paragraph_xtcu6_10 layout-component text-serif-m layout-normal text-serif-m layout-padded\"><strong class=\"_strong_o9xde_25\">Hun er enke, men hjemme i Romania har hun to barn.<\/strong><\/p>\n<p class=\"_paragraph_o9xde_4 _paragraph_xtcu6_10 layout-component text-serif-m layout-normal text-serif-m layout-padded\">De er grunnen til at hun har kommet til Norge i mange \u00e5r. <\/p>\n<p class=\"_paragraph_o9xde_4 _paragraph_xtcu6_10 layout-component text-serif-m layout-normal text-serif-m layout-padded\">\u2013 Jeg skammer meg over \u00e5 tigge, men for oss som ikke kjenner spr\u00e5ket, som ikke har skolegang, som ikke har mulighet til \u00e5 f\u00e5 jobb er det det eneste vi kan gj\u00f8re, sier hun mens t\u00e5rene triller nedover kinnet. <\/p>\n<p class=\"_paragraph_o9xde_4 _paragraph_xtcu6_10 layout-component text-serif-m layout-normal text-serif-m layout-padded\">\u2013 Jeg ber p\u00e5 mine kn\u00e6r til regjeringen om at denne plassen ikke blir lagt ned, skjer det s\u00e5 er vi ferdige \u2013 vi kommer til \u00e5 fryse i hjel. <\/p>\n<p><img alt=\"\" class=\"_image_qp4xg_65 layout-component layout-normal\" data-fullscreen- data-track-element-type=\"Article image fullscreen\" data-track-name=\"ImageFullscreen\" decoding=\"async\" loading=\"lazy\" height=\"4907\" itemprop=\"image\"  src=\"https:\/\/www.europesays.com\/no\/wp-content\/uploads\/2025\/11\/98662f23-6c05-4213-b1ed-de26884e5fc9\"  style=\"object-position:0% 0%\" width=\"6543\"\/><\/p>\n<p class=\"_paragraph_o9xde_4 _paragraph_xtcu6_10 layout-component text-serif-m layout-normal text-serif-m layout-padded\">Klokken er fem p\u00e5 ettermiddagen og utenfor mursteinsbygningen p\u00e5 St. Hanshaugen i Oslo er det lang k\u00f8.<\/p>\n<p class=\"_paragraph_o9xde_4 _paragraph_xtcu6_10 layout-component text-serif-m layout-normal text-serif-m layout-padded\">Siden 2013 har <a href=\"https:\/\/www.vg.no\/tag\/kirkens-bymisjon?utm_source=vg-article&amp;utm_medium=auto-tagger&amp;utm_campaign=3pkqgd\" class=\"_link_o9xde_39\" rel=\"nofollow noopener\" target=\"_blank\">Kirkens Bymisjon<\/a> drevet akuttovernatting her for de som ikke har noe sikkerhetsnett, eller sted \u00e5 sove. <\/p>\n<p class=\"_paragraph_o9xde_4 _paragraph_xtcu6_10 layout-component text-serif-m layout-normal text-serif-m layout-padded\">\u2013 Her har vi plass til 80 gjester, kvinner og par, de f\u00e5r en seng og varm suppe p\u00e5 kvelden hver dag. Men f\u00f8rst og fremst trygghet, det er det handler om sier Blazhka Popova tiltakskoordinator i Kirkens Bymisjon i Oslo. <\/p>\n<p><img alt=\"\" class=\"_image_qp4xg_65 layout-component layout-normal\" data-fullscreen- data-track-element-type=\"Article image fullscreen\" data-track-name=\"ImageFullscreen\" decoding=\"async\" loading=\"lazy\" height=\"5190\" itemprop=\"image\"  src=\"https:\/\/www.europesays.com\/no\/wp-content\/uploads\/2025\/11\/46ba5f2d-399e-43c4-9625-c76b29c91157\"  style=\"object-position:0% 0%\" width=\"6920\"\/><\/p>\n<p class=\"_paragraph_o9xde_4 _paragraph_xtcu6_10 layout-component text-serif-m layout-normal text-serif-m layout-padded\">N\u00e5 foresl\u00e5r Regjeringen \u00e5 kutte tilskuddet til humanit\u00e6re tiltak rettet mot E\u00d8S-borgere fra 25 millioner i 2025, til 15 millioner i 2026, og i 2027 skal det avvikles helt. Det betyr etter all sannsynlighet at Kirkens Bymisjon ikke vil klare \u00e5 drifte dette tilbudet, og at denne gruppen blir st\u00e5ende p\u00e5 gaten. <\/p>\n<p><img decoding=\"async\" alt=\"Bilde av Blazhka Popova \" class=\"_image_ygndg_42\" height=\"40\" itemprop=\"image\" loading=\"lazy\"  src=\"https:\/\/www.europesays.com\/no\/wp-content\/uploads\/2025\/11\/bebc68e8-6cf2-4f17-90ab-d3d2467e13ba\"  width=\"40\"\/><strong class=\"_name_ygndg_51 title-serif-xs\">Blazhka Popova <\/strong><\/p>\n<p class=\"_paragraph_o9xde_4 text-sans-m _description_ygndg_56\">tiltakskoordinator i Kirkens Bymisjon i Oslo<\/p>\n<p class=\"_paragraph_o9xde_4 _paragraph_xtcu6_10 layout-component text-serif-m layout-normal text-serif-m layout-padded\">\u2013 Da tar vi vekk en livsviktig tjeneste for mennesker som allerede er en veldig s\u00e5rbar og utsatt gruppe. Det blir fare for liv og helse for mange. Det er n\u00e5del\u00f8s politikk og helt uforst\u00e5elig, sier Popova.<\/p>\n<p><img alt=\"\" class=\"_image_qp4xg_65 layout-component layout-normal\" data-fullscreen- data-track-element-type=\"Article image fullscreen\" data-track-name=\"ImageFullscreen\" decoding=\"async\" loading=\"lazy\" height=\"5016\" itemprop=\"image\"  src=\"https:\/\/www.europesays.com\/no\/wp-content\/uploads\/2025\/11\/c7772e61-635f-469c-aba7-b32cad79ac93\"  style=\"object-position:0% 0%\" width=\"6688\"\/><\/p>\n<p class=\"_paragraph_o9xde_4 _paragraph_xtcu6_10 layout-component text-serif-m layout-normal text-serif-m layout-padded\">Klokken seks \u00e5pner d\u00f8rene denne kalde h\u00f8stkvelden i Oslo. <\/p>\n<p class=\"_paragraph_o9xde_4 _paragraph_xtcu6_10 layout-component text-serif-m layout-normal text-serif-m layout-padded\">Noen har med seg en trillekofferter, andre har samlet alt de har i en Ikea-pose. <\/p>\n<p class=\"_paragraph_o9xde_4 _paragraph_xtcu6_10 layout-component text-serif-m layout-normal text-serif-m layout-padded\">Mange av dem livn\u00e6rer seg gjennom tigging og flaskeinnsamling.<\/p>\n<p class=\"_paragraph_o9xde_4 _paragraph_xtcu6_10 layout-component text-serif-m layout-normal text-serif-m layout-padded\">Selv om st\u00f8rsteparten er fra Romania, er det likevel en mangfoldig gruppe.<\/p>\n<p class=\"_paragraph_o9xde_4 _paragraph_xtcu6_10 layout-component text-serif-m layout-normal text-serif-m layout-padded\">Emilia har 15 kroner i h\u00e5nden, det er prisen for en natt i en seng. Hun viser frem legitimasjon, s\u00e5 f\u00e5r hun utdelt senget\u00f8y og h\u00e5ndkle.<\/p>\n<p class=\"_paragraph_o9xde_4 _paragraph_xtcu6_10 layout-component text-serif-m layout-normal text-serif-m layout-padded\">\u2013 For meg er dette som \u00e5 v\u00e6re hjemme, forteller hun. <\/p>\n<p class=\"_paragraph_o9xde_4 _paragraph_xtcu6_10 layout-component text-serif-m layout-normal text-serif-m layout-padded\">\u2013 Her f\u00e5r jeg den roen jeg trenger, en plass hvor det ikke er roping og skriking \u2013 folk kjenner hverandre. Jeg savner familien min veldig, men det er godt \u00e5 v\u00e6re her, sier Emilia.<\/p>\n<p><img alt=\"\" class=\"_image_qp4xg_65 layout-component layout-normal\" data-fullscreen- data-track-element-type=\"Article image fullscreen\" data-track-name=\"ImageFullscreen\" decoding=\"async\" loading=\"lazy\" height=\"5097\" itemprop=\"image\"  src=\"https:\/\/www.europesays.com\/no\/wp-content\/uploads\/2025\/11\/8fb5abe6-7f57-4217-85e2-ecf6327cb944\"  style=\"object-position:0% 0%\" width=\"6796\"\/><\/p>\n<p class=\"_paragraph_o9xde_4 _paragraph_xtcu6_10 layout-component text-serif-m layout-normal text-serif-m layout-padded\">Rommene begynner \u00e5 fylles opp. Standarden er enkel \u2013 k\u00f8yesenger og et lite bad. <\/p>\n<p class=\"_paragraph_o9xde_4 _paragraph_xtcu6_10 layout-component text-serif-m layout-normal text-serif-m layout-padded\">Litt lenger inne i gangen r\u00f8rer Victor Tomasi i tre store kjeler. Hver dag serverer de over 100 sk\u00e5ler med suppe her.<\/p>\n<p class=\"_paragraph_o9xde_4 _paragraph_xtcu6_10 layout-component text-serif-m layout-normal text-serif-m layout-padded\">I dag kan gjestene velge mellom kylling- og s\u00f8tpotetsuppe med kj\u00f8ttboller, m\u00e5ltidet er inkludert i prisen. <\/p>\n<p class=\"_paragraph_o9xde_4 _paragraph_xtcu6_10 layout-component text-serif-m layout-normal text-serif-m layout-padded\">Kirkens Bymisjon driver fire lignende steder i Norge \u2013 i Bergen, Drammen og Kristiansand i tillegg til her i Oslo. Alle st\u00e5r i fare for \u00e5 bli lagt ned. <\/p>\n<p><img alt=\"\" class=\"_image_qp4xg_65 layout-component layout-normal\" data-fullscreen- data-track-element-type=\"Article image fullscreen\" data-track-name=\"ImageFullscreen\" decoding=\"async\" loading=\"lazy\" height=\"5013\" itemprop=\"image\"  src=\"https:\/\/www.europesays.com\/no\/wp-content\/uploads\/2025\/11\/f5854233-a9f1-4680-9ef2-da2ab70f62d7\"  style=\"object-position:0% 0%\" width=\"6687\"\/><\/p>\n<p class=\"_paragraph_o9xde_4 _paragraph_xtcu6_10 layout-component text-serif-m layout-normal text-serif-m layout-padded\">Ved Vaterlandsparken i Oslo sentrum sitter Doina. Hver dag klokken 06.00 tar hun bussen ned hit fra St. Hanshaugen til sin faste plass under broen.<\/p>\n<p class=\"_paragraph_o9xde_4 _paragraph_xtcu6_10 layout-component text-serif-m layout-normal text-serif-m layout-padded\">S\u00e5 strikker hun \u2013 sm\u00e5 votter til barn, luer og skjerf. Hun har reist fra Romania til Norge stort sett hvert \u00e5r siden 2004. I \u00e5r er ogs\u00e5 datteren med. <\/p>\n<p class=\"_paragraph_o9xde_4 _paragraph_xtcu6_10 layout-component text-serif-m layout-normal text-serif-m layout-padded\">\u2013 Jeg elsker dette landet. Akuttovernattingen er hjemmet v\u00e5rt n\u00e5r vi er i Oslo, sier hun. <\/p>\n<p>   <img alt=\"\" class=\"_image_qp4xg_65 layout-component layout-normal\" data-fullscreen- data-track-element-type=\"Article image fullscreen\" data-track-name=\"ImageFullscreen\" decoding=\"async\" loading=\"lazy\" height=\"4676\" itemprop=\"image\"  src=\"https:\/\/www.europesays.com\/no\/wp-content\/uploads\/2025\/11\/44a2e119-a140-470f-a59b-f6439c045b4e\"  style=\"object-position:0% 0%\" width=\"6235\"\/><img alt=\"\" class=\"_image_qp4xg_65 layout-component layout-normal\" data-fullscreen- data-track-element-type=\"Article image fullscreen\" data-track-name=\"ImageFullscreen\" decoding=\"async\" loading=\"lazy\" height=\"4676\" itemprop=\"image\"  src=\"https:\/\/www.europesays.com\/no\/wp-content\/uploads\/2025\/11\/44a2e119-a140-470f-a59b-f6439c045b4e\"  style=\"object-position:0% 0%\" width=\"6235\"\/><\/p>\n<p class=\"_paragraph_o9xde_4 _paragraph_xtcu6_10 layout-component text-serif-m layout-normal text-serif-m layout-padded\">Hjemme i Romania har jeg ingen muligheter til \u00e5 tjene penger forteller hun, og frykter n\u00e5 for at Kirkens Bymisjon m\u00e5 legge ned tilbudet. <\/p>\n<p class=\"_paragraph_o9xde_4 _paragraph_xtcu6_10 layout-component text-serif-m layout-normal text-serif-m layout-padded\">\u2013 Da m\u00e5 jeg sove her under broen. Uten muligheter til \u00e5 dusje vil vi lukte mer. Kl\u00e6rne vil v\u00e6re skitne, forteller Doina.<\/p>\n<p class=\"_paragraph_o9xde_4 _paragraph_xtcu6_10 layout-component text-serif-m layout-normal text-serif-m layout-padded\">\u2013 Men jeg vil alltid komme tilbake til Norge \u2013 sommer som vinter. <\/p>\n<p class=\"_paragraph_o9xde_4 _paragraph_xtcu6_10 layout-component text-serif-m layout-normal text-serif-m layout-padded\">\u2013 Hvis jeg ikke kan hjelpe familien min i Romania med det jeg tjener her, hva skal jeg da gj\u00f8re?<\/p>\n<p><img decoding=\"async\" alt=\"Bilde av SV-profilen Marian Hussein er sv\u00e6rt kritisk til regjeringens kutt:\" class=\"_image_ygndg_42\" height=\"40\" itemprop=\"image\" loading=\"lazy\"  src=\"https:\/\/www.europesays.com\/no\/wp-content\/uploads\/2025\/11\/cbfca3c7-0daa-4fed-ba88-51627011935d\"  width=\"40\"\/><strong class=\"_name_ygndg_51 title-serif-xs\">SV-profilen Marian Hussein er sv\u00e6rt kritisk til regjeringens kutt:<\/strong><\/p>\n<p class=\"_paragraph_o9xde_4 _paragraph_xtcu6_10 layout-component text-serif-m layout-normal text-serif-m layout-padded\">\u2013 Det er hjerter\u00e5tt at en Arbeiderpartiregjering kutter i hjelpen til noen av dem som har det vanskeligst i hele landet. Vi kan ikke bli et land som har blitt s\u00e5 rikt at vi ikke har r\u00e5d til \u00e5 hjelpe fattige lenger sier Hussein, som er nestleder i SV og leder i arbeids- og sosialkomiteen.<\/p>\n<p class=\"_paragraph_o9xde_4 _paragraph_xtcu6_10 layout-component text-serif-m layout-normal text-serif-m layout-padded\">\u2013 Samtidig er dette ogs\u00e5 rett og slett bare uklokt. Det blir mye dyrere for kommunene \u00e5 drive slike tilbud selv. De m\u00e5 skaffe til veie nye lokaler og ansatte, og det vil bli \u00f8kt trykk p\u00e5 helsetjenestene og flere som sover p\u00e5 gaten, med alle de utfordringene det skaper.<\/p>\n<p><img decoding=\"async\" alt=\"Bilde av Statssekret\u00e6r i arbeids- og inkluderingsdepartemente Edvin S\u00f8vik forsvarer kuttet:\" class=\"_image_ygndg_42\" height=\"40\" itemprop=\"image\" loading=\"lazy\"  src=\"https:\/\/www.europesays.com\/no\/wp-content\/uploads\/2025\/11\/c37bea7a-80ec-490f-a457-aca5d647d696\"  width=\"40\"\/><strong class=\"_name_ygndg_51 title-serif-xs\">Statssekret\u00e6r i arbeids- og inkluderingsdepartemente Edvin S\u00f8vik forsvarer kuttet:<\/strong><\/p>\n<p class=\"_paragraph_o9xde_4 _paragraph_xtcu6_10 layout-component text-serif-m layout-normal text-serif-m layout-padded\">\u2013 Da denne statlige tilskuddsordningen ble etablert i 2013, var situasjonen helt annerledes. Kommunene sto overfor en plutselig \u00f8kning i antall personer med behov for humanit\u00e6re tjenester, og ordningen ble etablert for \u00e5 m\u00f8te dette. <\/p>\n<p class=\"_paragraph_o9xde_4 _paragraph_xtcu6_10 layout-component text-serif-m layout-normal text-serif-m layout-padded\">\u2013 I dag er situasjonen mer stabil og oversiktlig, og kommunene kan i st\u00f8rre grad benytte seg av sine ordin\u00e6re tjenester for \u00e5 hjelpe denne gruppen. Vi mener kommunene kjenner situasjonen best, og derfor har best forutsetninger for \u00e5 vurdere hva som trengs.<\/p>\n<p><img alt=\"\" class=\"_image_qp4xg_65 layout-component layout-normal\" data-fullscreen- data-track-element-type=\"Article image fullscreen\" data-track-name=\"ImageFullscreen\" decoding=\"async\" loading=\"lazy\" height=\"4708\" itemprop=\"image\"  src=\"https:\/\/www.europesays.com\/no\/wp-content\/uploads\/2025\/11\/df6b54b4-34b4-45f3-84d6-30e89a1cf5fb\"  style=\"object-position:0% 0%\" width=\"6275\"\/><\/p>\n<p class=\"_paragraph_o9xde_4 _paragraph_xtcu6_10 layout-component text-serif-m layout-normal text-serif-m layout-padded\">\u2013 Det er kommunenes ansvar \u00e5 h\u00e5ndtere den humanit\u00e6re situasjonen for disse personene. Regjeringen foresl\u00e5r likevel \u00e5 videref\u00f8re tilskuddet med om lag 10 millioner kroner i 2026 for \u00e5 gi kommunene og frivillige organisasjoner tid til \u00e5 tilpasse seg nedtrappingen av ordningen.<\/p>\n<p class=\"_paragraph_o9xde_4 _paragraph_xtcu6_10 layout-component text-serif-m layout-normal text-serif-m layout-padded\">\u2013 St\u00f8rstedelen av tilskuddet g\u00e5r til Oslo og noen av de st\u00f8rste byene. Det er derfor grunn til \u00e5 anta at disse kommunene er i stand til \u00e5 ivareta ansvaret for denne s\u00e5rbare gruppen uten statlig st\u00f8tte.<\/p>\n<p class=\"_paragraph_o9xde_4 _paragraph_xtcu6_10 layout-component text-serif-m layout-normal text-serif-m layout-padded\">P\u00e5 St. Hanshaugen har klokken blitt halv ni.<\/p>\n<p class=\"_paragraph_o9xde_4 _paragraph_xtcu6_10 layout-component text-serif-m layout-normal text-serif-m layout-padded\">Det er fremdeles en gruppe som st\u00e5r p\u00e5 trappen og h\u00e5per p\u00e5 en varm seng \u00e5 sove i. <\/p>\n<p class=\"_paragraph_o9xde_4 _paragraph_xtcu6_10 layout-component text-serif-m layout-normal text-serif-m layout-padded\">Leder p\u00e5 akuttovernattingen, Blazkha Popova teller og kommer raskt frem til at det er flere gjester enn antall sengeplasser.<\/p>\n<p><img alt=\"\" class=\"_image_qp4xg_65 layout-component layout-normal\" data-fullscreen- data-track-element-type=\"Article image fullscreen\" data-track-name=\"ImageFullscreen\" decoding=\"async\" loading=\"lazy\" height=\"5396\" itemprop=\"image\"  src=\"https:\/\/www.europesays.com\/no\/wp-content\/uploads\/2025\/11\/b0cdb635-6ee3-48e1-bc17-423756ee26b6\"  style=\"object-position:0% 0%\" width=\"7195\"\/><\/p>\n<p class=\"_paragraph_o9xde_4 _paragraph_xtcu6_10 layout-component text-serif-m layout-normal text-serif-m layout-padded\">Da blir det loddtrekning. Alle f\u00e5r utdelt ett lodd \u2013 tommel opp betyr en varm seng \u2013 i kveld er det et par som splittes opp. Kvinnen f\u00e5r plass, mens mannen m\u00e5 finne et annet sted \u00e5 sove.<\/p>\n<p class=\"_paragraph_o9xde_4 _paragraph_xtcu6_10 layout-component text-serif-m layout-normal text-serif-m layout-padded\">\u2013 Det er det verste vi gj\u00f8r sier, Popova \u2013 \u00e5 sende noen ut i den kalde natten som ikke har et annet sted \u00e5 g\u00e5. <\/p>\n<p class=\"_paragraph_o9xde_4 _paragraph_xtcu6_10 layout-component text-serif-m layout-normal text-serif-m layout-padded\"><strong class=\"_strong_o9xde_25\">Neste \u00e5r kan det bli hverdagen til alle gjestene. <\/strong><\/p>\n<p> G\u00f8ran Bohlin<\/p>\n<p class=\"text-sans-s\">Fotojournalist<\/p>\n<p><img decoding=\"async\" alt=\"G\u00f8ran Bohlin\" class=\"_image_uv074_179\" src=\"https:\/\/www.europesays.com\/no\/wp-content\/uploads\/2025\/11\/1764348554_763_b5d71325-cc19-4421-8838-7c2f8ec2f754\" width=\"480\"\/>     <\/p>\n","protected":false},"excerpt":{"rendered":"Emilia (50) er redd for \u00e5 fryse i hjel hvis Kirkens Bymisjons akuttovernatting legges ned. Kirkens Bymisjon tilbyr&hellip;\n","protected":false},"author":2,"featured_media":99337,"comment_status":"","ping_status":"","sticky":false,"template":"","format":"standard","meta":{"footnotes":""},"categories":[10],"tags":[20,21,24,25,15,12712,22,23,13,30,28,29,14,16,3166,8907,26,27,785,205],"class_list":{"0":"post-99336","1":"post","2":"type-post","3":"status-publish","4":"format-standard","5":"has-post-thumbnail","7":"category-norge","8":"tag-breaking-news","9":"tag-breakingnews","10":"tag-featured-news","11":"tag-featurednews","12":"tag-headlines","13":"tag-kirkens-bymisjon","14":"tag-latest-news","15":"tag-latestnews","16":"tag-news","17":"tag-no","18":"tag-norge","19":"tag-norway","20":"tag-nyheter","21":"tag-overskrifter","22":"tag-regjeringen","23":"tag-statsbudsjettet-2026","24":"tag-top-stories","25":"tag-topstories","26":"tag-vghubben","27":"tag-vgsamfunn"},"share_on_mastodon":{"url":"https:\/\/pubeurope.com\/@no\/115628354163653593","error":""},"_links":{"self":[{"href":"https:\/\/www.europesays.com\/no\/wp-json\/wp\/v2\/posts\/99336","targetHints":{"allow":["GET"]}}],"collection":[{"href":"https:\/\/www.europesays.com\/no\/wp-json\/wp\/v2\/posts"}],"about":[{"href":"https:\/\/www.europesays.com\/no\/wp-json\/wp\/v2\/types\/post"}],"author":[{"embeddable":true,"href":"https:\/\/www.europesays.com\/no\/wp-json\/wp\/v2\/users\/2"}],"replies":[{"embeddable":true,"href":"https:\/\/www.europesays.com\/no\/wp-json\/wp\/v2\/comments?post=99336"}],"version-history":[{"count":0,"href":"https:\/\/www.europesays.com\/no\/wp-json\/wp\/v2\/posts\/99336\/revisions"}],"wp:featuredmedia":[{"embeddable":true,"href":"https:\/\/www.europesays.com\/no\/wp-json\/wp\/v2\/media\/99337"}],"wp:attachment":[{"href":"https:\/\/www.europesays.com\/no\/wp-json\/wp\/v2\/media?parent=99336"}],"wp:term":[{"taxonomy":"category","embeddable":true,"href":"https:\/\/www.europesays.com\/no\/wp-json\/wp\/v2\/categories?post=99336"},{"taxonomy":"post_tag","embeddable":true,"href":"https:\/\/www.europesays.com\/no\/wp-json\/wp\/v2\/tags?post=99336"}],"curies":[{"name":"wp","href":"https:\/\/api.w.org\/{rel}","templated":true}]}}