{"id":99344,"date":"2025-11-28T16:57:52","date_gmt":"2025-11-28T16:57:52","guid":{"rendered":"https:\/\/www.europesays.com\/no\/99344\/"},"modified":"2025-11-28T16:57:52","modified_gmt":"2025-11-28T16:57:52","slug":"sophie-elise-isachsen-podkast-influenser-sophie-elise-roper-ny-jobb-en-stor-aere","status":"publish","type":"post","link":"https:\/\/www.europesays.com\/no\/99344\/","title":{"rendered":"Sophie Elise Isachsen, Podkast | Influenser Sophie Elise r\u00f8per ny jobb: \u2013 En stor \u00e6re"},"content":{"rendered":"\n<p><a rel=\"Follow nofollow noopener\" href=\"https:\/\/www.nettavisen.no\/kjendis\/influenser-sophie-elise-roper-ny-jobb-en-stor-are\/s\/Sophie Elise hylles etter TV-deltakelse: %E2%80%93 M%C3%A5 bli skuespiller\" target=\"_blank\">Influenser Sophie Elise (30)<\/a> lanserer podkasten \u00abSophie leser\u00bb mandag 1. desember, opplyser podkasttjenesten Podme i en pressemelding.<\/p>\n<p>I serien skal hun m\u00f8te forfattere hun har et sterkt forhold til. I f\u00f8rste episode er det bestselgerforfatter Maja Lunde som er gjest.<\/p>\n<p><b>Les ogs\u00e5: <a rel=\"Follow nofollow noopener\" href=\"https:\/\/www.nettavisen.no\/kjendis\/sophie-elise-isachsen-ute-av-forrader-ryktet-mitt-ble-brukt-mot-meg\/s\/5-95-2708412\" target=\"_blank\">Felt av eget rykte: \u2013 Det jeg fryktet<\/a><\/b><\/p>\n<p>\u2013 Det er en stor \u00e6re at jeg i podkasten \u00abSophie leser\u00bb har f\u00e5tt m\u00f8te fem av mine favorittforfattere, og de er ikke bare mine favoritter, tvert imot er de noen av Norges aller mest profilerte og bestselgende forfattere. I denne podkasten har jeg ledd, gr\u00e5tt, og oppriktig f\u00f8lt p\u00e5 meg at jeg gj\u00f8r noe som vil gi verdi til de som h\u00f8rer p\u00e5, sier Sophie Elise i pressemeldingen.<\/p>\n<p>    Vil du se neste video?<\/p>\n<p>    <a href=\"https:\/\/www.nettavisen.no\/nyheter\/ukrainapodden-putins-bloff-avslort-lurt-opp-i-et-hjorne\/v\/5-95-2747058\" class=\"recommend-poster\" data-adp-clicklabel=\"video-recommend\" data-adp-clickvalue=\"poster\" rel=\"nofollow noopener\" target=\"_blank\"><br \/>\n      <img decoding=\"async\" width=\"200\" height=\"200\" loading=\"lazy\" src=\"https:\/\/www.europesays.com\/no\/wp-content\/uploads\/2025\/11\/vladimir+putin+volodomyr+zelenskyj.jpg\" alt=\"\" class=\"brick-c-cFOWSL\" style=\"--brick-image-ratio: 200 \/ 200;\"\/><\/p>\n<p>Putins bl\u00f8ff avsl\u00f8rt: \u2013 Lurt opp i et hj\u00f8rne14:39<\/p>\n<p>    <\/a><\/p>\n<p>I \u00abSophie leser\u00bb tar influenseren utgangspunkt i b\u00f8ker som har gjort inntrykk p\u00e5 henne, og m\u00f8ter forfatterne bak dem i samtaler som g\u00e5r i dybden p\u00e5 b\u00e5de forfatterskap, tematikk og f\u00f8lelser.<\/p>\n<p>Serien utforsker skam, utenforskap, kj\u00e6rlighet, utroskap og andre store sp\u00f8rsm\u00e5l som litteraturen ber\u00f8rer.<\/p>\n<p><b>Les ogs\u00e5: <a rel=\"Follow nofollow noopener\" href=\"https:\/\/www.nettavisen.no\/kjendis\/advarsel-mot-gl-d-solkrem\/s\/5-95-2733974\" target=\"_blank\">Advarer mot Sophie Elise-produkt: \u2013 Falsk trygghet<\/a><\/b><\/p>\n<p>Mathias Thaulow Lisberg, innholdssjef i Podme, er storforn\u00f8yd med signeringen.<\/p>\n<p>\u2013 Det er veldig fint \u00e5 jobbe med Sophie igjen, og dette prosjektet viser en annen side av henne enn den hun har pleid \u00e5 vise fram. Hun har en ekte lidenskap for litteratur, og det merker vi ogs\u00e5 i m\u00f8te med forfatterne, som umiddelbart har v\u00e6rt entusiastiske og nysgjerrige p\u00e5 \u00e5 f\u00e5 v\u00e6re med i samtalene.<\/p>\n","protected":false},"excerpt":{"rendered":"Influenser Sophie Elise (30) lanserer podkasten \u00abSophie leser\u00bb mandag 1. desember, opplyser podkasttjenesten Podme i en pressemelding. I&hellip;\n","protected":false},"author":2,"featured_media":84352,"comment_status":"","ping_status":"","sticky":false,"template":"","format":"standard","meta":{"footnotes":""},"categories":[12],"tags":[20,21,24,25,15,22,23,13,30,28,29,14,16,26,27,42,43,44,45],"class_list":{"0":"post-99344","1":"post","2":"type-post","3":"status-publish","4":"format-standard","5":"has-post-thumbnail","7":"category-verden","8":"tag-breaking-news","9":"tag-breakingnews","10":"tag-featured-news","11":"tag-featurednews","12":"tag-headlines","13":"tag-latest-news","14":"tag-latestnews","15":"tag-news","16":"tag-no","17":"tag-norge","18":"tag-norway","19":"tag-nyheter","20":"tag-overskrifter","21":"tag-top-stories","22":"tag-topstories","23":"tag-verden","24":"tag-world","25":"tag-world-news","26":"tag-worldnews"},"share_on_mastodon":{"url":"https:\/\/pubeurope.com\/@no\/115628389525855035","error":""},"_links":{"self":[{"href":"https:\/\/www.europesays.com\/no\/wp-json\/wp\/v2\/posts\/99344","targetHints":{"allow":["GET"]}}],"collection":[{"href":"https:\/\/www.europesays.com\/no\/wp-json\/wp\/v2\/posts"}],"about":[{"href":"https:\/\/www.europesays.com\/no\/wp-json\/wp\/v2\/types\/post"}],"author":[{"embeddable":true,"href":"https:\/\/www.europesays.com\/no\/wp-json\/wp\/v2\/users\/2"}],"replies":[{"embeddable":true,"href":"https:\/\/www.europesays.com\/no\/wp-json\/wp\/v2\/comments?post=99344"}],"version-history":[{"count":0,"href":"https:\/\/www.europesays.com\/no\/wp-json\/wp\/v2\/posts\/99344\/revisions"}],"wp:featuredmedia":[{"embeddable":true,"href":"https:\/\/www.europesays.com\/no\/wp-json\/wp\/v2\/media\/84352"}],"wp:attachment":[{"href":"https:\/\/www.europesays.com\/no\/wp-json\/wp\/v2\/media?parent=99344"}],"wp:term":[{"taxonomy":"category","embeddable":true,"href":"https:\/\/www.europesays.com\/no\/wp-json\/wp\/v2\/categories?post=99344"},{"taxonomy":"post_tag","embeddable":true,"href":"https:\/\/www.europesays.com\/no\/wp-json\/wp\/v2\/tags?post=99344"}],"curies":[{"name":"wp","href":"https:\/\/api.w.org\/{rel}","templated":true}]}}