{"id":99354,"date":"2025-11-28T17:10:16","date_gmt":"2025-11-28T17:10:16","guid":{"rendered":"https:\/\/www.europesays.com\/no\/99354\/"},"modified":"2025-11-28T17:10:16","modified_gmt":"2025-11-28T17:10:16","slug":"bauta-skrekkelig-og-begredelig","status":"publish","type":"post","link":"https:\/\/www.europesays.com\/no\/99354\/","title":{"rendered":"bauta: &#8211; Skrekkelig og begredelig"},"content":{"rendered":"<p>I 2023 opplevde Rosenborg klubbens desiderte bunnpunkt i moderne tid, med sin 9. plass i Eliteserien, som var tr\u00f8ndernes verste plassering siden 1977.\u00a0<\/p>\n<p>Spoler man to \u00e5r frem i tid, st\u00e5r tr\u00f8nderne mer eller mindre p\u00e5 stedet hvil. Med \u00e9n kamp igjen av sesongen kan det i verste fall bli enda d\u00e5rligere.\u00a0<\/p>\n<p data-lab-font_weight=\"\">Da er det betimelig \u00e5 sp\u00f8rre om Rosenborg faktisk har blitt bedre siden Alfred Johansson tok til spakene p\u00e5 Lerkendal i desember 2023.\u00a0<\/p>\n<p data-lab-font_weight=\"\">Svensken svarer:\u00a0<\/p>\n<p>\u2013 Det er et godt sp\u00f8rsm\u00e5l. Vi har i alle fall hatt v\u00e5re opp- og nedturer. Vi har g\u00e5tt fra en situasjon der vi i september m\u00e5tte ta opp l\u00e5n for \u00e5 betale l\u00f8nn, til at vi n\u00e5 har sikret den delen.\u00a0<\/p>\n<p>\u2013 Det var den f\u00f8rste delen av oppgaven. Det har vi i alle fall l\u00f8st. S\u00e5 har vi ikke v\u00e6rt sportslig gode nok i 2025 til \u00e5 h\u00e5ndtere den situasjonen som har v\u00e6rt, og det er ikke godt nok, sier Johansson til TV 2.\u00a0<\/p>\n<p>\u2013 Skrekkelig<\/p>\n<p data-lab-font_weight=\"\">Et par av klubbens sentrale spillere, bruker hakket sterkere kost enn hovedtreneren n\u00e5r de skal beskrive tingenes tilstand \u00e9n runde f\u00f8r slutt.\u00a0<\/p>\n<p class=\"bold m-bold\" data-lab-font_weight=\"bold\">\u2013 Skrekkelig. Det er begredelig, sier Aslak Fonn Witry til TV 2.\u00a0<\/p>\n<p>For fasiten er at RBK, med medvind i ryggen og kj\u00f8ttkake til middag, i beste fall kan bli nummer sju i \u00e5rets sesong. I s\u00e5 fall m\u00e5 b\u00e5de Fredrikstad og Molde tape, samtidig som tr\u00f8nderne i samme runde henter inn elleve m\u00e5l p\u00e5 f\u00f8rstnevnte.\u00a0<\/p>\n<p>        <img class=\"image__img lazyload\" itemprop=\"image\" title=\"Foto: Rune Stoltz Bertinussen \/ NTB\" alt=\"NY NEDUR: RBK-stopper Mikkel Konradsen Ceide depper etter et nytt nederlag mot Troms\u00f8 forrige helg. Foto: Rune Stoltz Bertinussen \/ NTB\" width=\"675\" height=\"432\" bad-src=\"https:\/\/www.europesays.com\/no\/wp-content\/uploads\/2025\/11\/18332962.webp\" fetchpriority=\"auto\" \/><\/p>\n<p>      NY NEDUR: RBK-stopper Mikkel Konradsen Ceide depper etter et nytt nederlag mot Troms\u00f8 forrige helg.<br \/>\n         Foto: Rune Stoltz Bertinussen \/ NTB<\/p>\n<p>Med tap mot Str\u00f8msgodset s\u00f8ndag kan de i verste fall ende p\u00e5 11. plass.<\/p>\n<p>\u00a0D\u00e5rligere har de i s\u00e5 fall ikke v\u00e6rt siden nedrykket i 1977.\u00a0<\/p>\n<p>\u2013 Det skal ingen i denne klubben v\u00e6re bekjent av. Det er fryktelig svakt av alle involverte, sier Witry, og f\u00e5r st\u00f8tte av lagkompis Ole S\u00e6ter:\u00a0<\/p>\n<p>        <img class=\"image__img lazyload\" itemprop=\"image\" title=\"Foto: Christoffer Andersen \/ NTB\" alt=\"TUNGT: Det har v\u00e6rt lite \u00e5 juble for siden Aslak Fonn Witry ble Rosenborg-spiller i sommer. Foto: Christoffer Andersen \/ NTB\" width=\"675\" height=\"453\" bad-src=\"https:\/\/www.europesays.com\/no\/wp-content\/uploads\/2025\/11\/18333046.webp\" fetchpriority=\"auto\" \/><\/p>\n<p>      TUNGT: Det har v\u00e6rt lite \u00e5 juble for siden Aslak Fonn Witry ble Rosenborg-spiller i sommer.<br \/>\n         Foto: Christoffer Andersen \/ NTB<\/p>\n<p>\u2013 Slike plasseringer skal ikke nevnes i samme setning som Rosenborg. S\u00e5nn er det bare. Vi er \u00e5penbart der vi er av en grunn. Vi er ikke i n\u00e6rheten av der vi skal v\u00e6re.<\/p>\n<p>\u2013 Vi har ikke blitt bedre\u00a0<\/p>\n<p>For ser man kun p\u00e5 tabellen, er det lite utvikling \u00e5 spore fra Kjetil Rekdals 2023-utgave, til utgaven til mannen som erstattet nettopp Rekdal.\u00a0<\/p>\n<p>I 2023 ble man nummer ni med 39 poeng og 46-50 i m\u00e5lforskjell.\u00a0<\/p>\n<p>Med \u00e9n kamp til gode, st\u00e5r Alfred Johanssons mannskap med samme poengfangst og en m\u00e5lforskjell p\u00e5 39-42.\u00a0<\/p>\n<p>        <img class=\"image__img lazyload\" itemprop=\"image\" title=\"Foto: Trond R. Teigen \/ NTB\" alt=\"SPARKEN: Etter en rekke d\u00e5rlige resultater fikk Kjetil Rekdal sparken i Rosenborg sommeren 2023. Godt over to \u00e5r senere er resultatene omtrent de samme. Foto: Trond R. Teigen \/ NTB\" width=\"675\" height=\"453\" bad-src=\"https:\/\/www.europesays.com\/no\/wp-content\/uploads\/2025\/11\/18333006.webp\" fetchpriority=\"auto\" \/><\/p>\n<p>      SPARKEN: Etter en rekke d\u00e5rlige resultater fikk Kjetil Rekdal sparken i Rosenborg sommeren 2023. Godt over to \u00e5r senere er resultatene omtrent de samme.<br \/>\n         Foto: Trond R. Teigen \/ NTB<\/p>\n<p data-lab-font_weight=\"\">\u2013 Zoomer man ut, s\u00e5 har vi jo ikke blitt noe bedre. Det er vondt \u00e5 si det, men vi er p\u00e5 9. plass. Det er ikke noe bedre, uansett hvor mye du vrir og vender p\u00e5 det. Det gj\u00f8r vondt langt inn i beinmargen \u00e5 tenke p\u00e5 det, si det og h\u00f8re det, sier S\u00e6ter.\u00a0<\/p>\n<p>\u2013 Klart det er flaut. Det er ikke i n\u00e6rheten av de kravene vi stiller til oss selv, hvor vi vil v\u00e6re og hvor vi skal v\u00e6re. Det er utrolig d\u00e5rlig. Vi m\u00e5 stikke fingeren i jorda og se oss selv i speilet.\u00a0Vi har trent for d\u00e5rlig, relasjonene har v\u00e6rt for d\u00e5rlig og vi har ikke v\u00e6rt gode nok. Det synes jeg vi skal v\u00e6re \u00e6rlige og si,\u00a0sier Witry.\u00a0<\/p>\n<p>Alfred Johansson forst\u00e5r at det reageres p\u00e5 tr\u00f8ndernes prestasjoner og resultater.\u00a0<\/p>\n<p>        <img class=\"image__img lazyload\" itemprop=\"image\" title=\"Foto: Rune Stoltz Bertinussen \/ NTB\" alt=\"TAP I NORD: Det lukter mer gr\u00e5stein en gull av Alfred Johanssons Rosenborg om dagen. Her er svensken etter 0-1 mot Troms\u00f8 forrige l\u00f8rdag. Foto: Rune Stoltz Bertinussen \/ NTB\" width=\"675\" height=\"453\" bad-src=\"https:\/\/www.europesays.com\/no\/wp-content\/uploads\/2025\/11\/1764349815_811_18314721.webp\" fetchpriority=\"auto\" \/><\/p>\n<p>      TAP I NORD: Det lukter mer gr\u00e5stein en gull av Alfred Johanssons Rosenborg om dagen. Her er svensken etter 0-1 mot Troms\u00f8 forrige l\u00f8rdag.<br \/>\n         Foto: Rune Stoltz Bertinussen \/ NTB<\/p>\n<p>\u2013 Jeg er frustrert og skuffet over hvordan denne sesongen har v\u00e6rt siden i sommer. Ser vi p\u00e5 resultatene og prestasjonene, s\u00e5 var det mer opp i v\u00e5r, og s\u00e5 har det v\u00e6rt ned igjen i h\u00f8st, sier Johansson og fortsetter:\u00a0<\/p>\n<p>\u2013 Kanskje har det v\u00e6rt litt opp n\u00e5 p\u00e5 slutten, om jeg skal v\u00e6re veldig snill. Det har begynt \u00e5 se litt bedre ut de siste to kampene, men jeg er ikke forn\u00f8yd med denne sesongen som helhet. Vi har ikke f\u00e5tt det til i \u00e5r, sier Johansson.\u00a0<\/p>\n<p>Sult og motivasjon\u00a0<\/p>\n<p>Der det p\u00e5 s\u00f8ndag skal spilles gullkamper b\u00e5de nord og s\u00f8r i landet, tar Rosenborg imot Str\u00f8msgodset til det som p\u00e5 papiret er en betydningsl\u00f8s kamp p\u00e5 Lerkendal.\u00a0<\/p>\n<p>Men etter to seirer p\u00e5 de siste to kampene, er det trolig er en del \u00e6re som skal forsvares i tr\u00f8nder-hovedstaden.\u00a0<\/p>\n<p>\u2013 Det hadde v\u00e6rt artigere \u00e5 spille om Europa eller gull, men der er vi ikke akkurat n\u00e5. Da handler det om at vi bruker hvert minutt og er tro mot v\u00e5r filosofi om at vi hele tiden pr\u00f8ver \u00e5 bli bedre, sier Johansson.\u00a0<\/p>\n<p>Witry f\u00f8lger opp:\u00a0<\/p>\n<p data-lab-font_weight=\"\">\u00a0\u2013 For oss er det bare \u00e5 vise oss selv og det tr\u00f8nderske publikum at vi skal endre noe til neste \u00e5r, og at vi fortsatt har sult og motivasjon. Vi skal endre p\u00e5 en del ting til neste \u00e5r.<\/p>\n<p>        <img class=\"image__img lazyload\" itemprop=\"image\" title=\"Foto: Ole Martin Wold \/ NTB\" alt=\"EN SJELDEN OPPTUR: Det har v\u00e6rt langt mellom jubelscenene p\u00e5 Lerkendal denne sesongen. Foto: Ole Martin Wold \/ NTB\" width=\"675\" height=\"453\" bad-src=\"https:\/\/www.europesays.com\/no\/wp-content\/uploads\/2025\/11\/18019097.webp\" fetchpriority=\"auto\" \/><\/p>\n<p>      EN SJELDEN OPPTUR: Det har v\u00e6rt langt mellom jubelscenene p\u00e5 Lerkendal denne sesongen.<br \/>\n         Foto: Ole Martin Wold \/ NTB<\/p>\n<p class=\"bold m-bold\" data-lab-font_weight=\"bold\">Men hva er det som gir spillerne tro p\u00e5 at ting skal snu i 2026?\u00a0<\/p>\n<p>\u2013 Blanke ark og det \u00e5 f\u00e5 bygd relasjoner. Jeg st\u00f8tter meg p\u00e5 at jeg har v\u00e6rt her i s\u00e5pass kort tid. Jeg har ikke f\u00e5tt utrettet i n\u00e6rheten av det jeg vet at jeg kan. Jeg tror vi kommer med en enorm sult til siste kamp, og i januar, med klare ambisjoner om \u00e5 v\u00e6re bedre enn det vi har v\u00e6rt i \u00e5r, sier Witry.\u00a0<\/p>\n<p>Ole S\u00e6ter avslutter s\u00e5 med \u00e5 svare p\u00e5 sedvanlig S\u00e6ter-vis.\u00a0<\/p>\n<p class=\"bold m-bold\" data-lab-font_weight=\"bold\">\u2013 Det som gir meg troen p\u00e5 det, er Ole S\u00e6ter p\u00e5 topp, enkelt og greit.\u00a0<\/p>\n","protected":false},"excerpt":{"rendered":"I 2023 opplevde Rosenborg klubbens desiderte bunnpunkt i moderne tid, med sin 9. plass i Eliteserien, som var&hellip;\n","protected":false},"author":2,"featured_media":99355,"comment_status":"","ping_status":"","sticky":false,"template":"","format":"standard","meta":{"footnotes":""},"categories":[59],"tags":[30,28,29,83,82],"class_list":{"0":"post-99354","1":"post","2":"type-post","3":"status-publish","4":"format-standard","5":"has-post-thumbnail","7":"category-sport","8":"tag-no","9":"tag-norge","10":"tag-norway","11":"tag-sport","12":"tag-sports"},"share_on_mastodon":{"url":"https:\/\/pubeurope.com\/@no\/115628436840373994","error":""},"_links":{"self":[{"href":"https:\/\/www.europesays.com\/no\/wp-json\/wp\/v2\/posts\/99354","targetHints":{"allow":["GET"]}}],"collection":[{"href":"https:\/\/www.europesays.com\/no\/wp-json\/wp\/v2\/posts"}],"about":[{"href":"https:\/\/www.europesays.com\/no\/wp-json\/wp\/v2\/types\/post"}],"author":[{"embeddable":true,"href":"https:\/\/www.europesays.com\/no\/wp-json\/wp\/v2\/users\/2"}],"replies":[{"embeddable":true,"href":"https:\/\/www.europesays.com\/no\/wp-json\/wp\/v2\/comments?post=99354"}],"version-history":[{"count":0,"href":"https:\/\/www.europesays.com\/no\/wp-json\/wp\/v2\/posts\/99354\/revisions"}],"wp:featuredmedia":[{"embeddable":true,"href":"https:\/\/www.europesays.com\/no\/wp-json\/wp\/v2\/media\/99355"}],"wp:attachment":[{"href":"https:\/\/www.europesays.com\/no\/wp-json\/wp\/v2\/media?parent=99354"}],"wp:term":[{"taxonomy":"category","embeddable":true,"href":"https:\/\/www.europesays.com\/no\/wp-json\/wp\/v2\/categories?post=99354"},{"taxonomy":"post_tag","embeddable":true,"href":"https:\/\/www.europesays.com\/no\/wp-json\/wp\/v2\/tags?post=99354"}],"curies":[{"name":"wp","href":"https:\/\/api.w.org\/{rel}","templated":true}]}}