{"id":99390,"date":"2025-11-28T17:55:13","date_gmt":"2025-11-28T17:55:13","guid":{"rendered":"https:\/\/www.europesays.com\/no\/99390\/"},"modified":"2025-11-28T17:55:13","modified_gmt":"2025-11-28T17:55:13","slug":"samferdsel-vaer-innstiller-all-trafikk-fra-lordag-ettermiddag","status":"publish","type":"post","link":"https:\/\/www.europesays.com\/no\/99390\/","title":{"rendered":"Samferdsel, V\u00e6r | Innstiller all trafikk fra l\u00f8rdag ettermiddag"},"content":{"rendered":"\n<p>Hurtigb\u00e5ten med avgang fra Bod\u00f8 klokka 18, til Svolv\u00e6r kansellerer anl\u00f8p ved Skrova og Svolv\u00e6r fredag 28. november. Ruten g\u00e5r som normalt til Skutvik.<\/p>\n<p>Ferge<\/p>\n<ul>\n<li><b>Svolv\u00e6r &#8211; Skrova: <\/b>Grunnet v\u00e6rforhold framskyndes avgangen 22:45 fra Svolv\u00e6r til 21:45 og avgang Skrova 23:20 til 22:20.<\/li>\n<\/ul>\n<p>Buss<\/p>\n<p>Med v\u00e6rmelding om heftig vind har Boreal fredag tatt en avgj\u00f8relse om \u00e5 innstille all ruteg\u00e5ende busstrafikk i Lofoten <b>fra kl 16.00 l\u00f8rdag.<\/b><\/p>\n<p>  <a href=\"https:\/\/www.lofotposten.no\/5-29-1255025\" class=\"related-teaser default-story-teaser article--c-eRUmMG article--c-eRUmMG-jKCPdD-design-default article--c-eRUmMG-kpKLOW-cv\" rel=\"nofollow noopener\" target=\"_blank\"><\/p>\n<p>\n            Les ogs\u00e5<\/p>\n<p>              Dyster v\u00e6rmelding for helga: \u2013 Det ser ganske s\u00e5 voldsomt ut\n        <\/p>\n<p>  <\/a><\/p>\n<p>\u2013 Dette basert p\u00e5 v\u00e6rvarsel om vindkast p\u00e5 over 40 m\/s utsatte steder i Lofoten og varsel om store mengder nedb\u00f8r, sier driftsleder i Lofoten, Michael Pettersen.<\/p>\n<ul>\n<li><b>Lofotekspressen \u00c5-Narvik g\u00e5r som normalt med avgang 06:25 fra \u00c5 i Lofoten. <br \/><\/b>Bussen m\u00f8ter motg\u00e5ende buss fra Narvik i L\u00f8dingen, bytter passasjerer og bussene returnerer til henholdsvis Svolv\u00e6r og Narvik.<\/li>\n<li><b>Ruten avsluttes p\u00e5 Leknes 15:30 og ingen videre korrespondanse mot \u00c5 er mulig.<\/b><\/li>\n<\/ul>\n<ul>\n<li>Leknes-\u00c5: Avgang 15:45 fra Leknes endrer avgangstidspunkt til 13:30, med ankomst \u00c5 ca. kl 15.<\/li>\n<\/ul>\n<ul>\n<li>Avgang 15:05 fra Svolv\u00e6r til Narvik innstilt.<\/li>\n<li>Avgang 15:40 fra Svolv\u00e6r til Henningsv\u00e6r innstilt.<\/li>\n<\/ul>\n<p><b>Etter kl 16 l\u00f8rdag er all trafikk innstilt.<\/b><\/p>\n<p><b><br \/><\/b><\/p>\n","protected":false},"excerpt":{"rendered":"Hurtigb\u00e5ten med avgang fra Bod\u00f8 klokka 18, til Svolv\u00e6r kansellerer anl\u00f8p ved Skrova og Svolv\u00e6r fredag 28. november.&hellip;\n","protected":false},"author":2,"featured_media":9634,"comment_status":"","ping_status":"","sticky":false,"template":"","format":"standard","meta":{"footnotes":""},"categories":[10],"tags":[36,20,21,24,25,1186,15,22,23,1461,13,30,28,29,14,16,223,1510,26,27,1459,553,1460],"class_list":{"0":"post-99390","1":"post","2":"type-post","3":"status-publish","4":"format-standard","5":"has-post-thumbnail","7":"category-norge","8":"tag-art","9":"tag-breaking-news","10":"tag-breakingnews","11":"tag-featured-news","12":"tag-featurednews","13":"tag-flakstad","14":"tag-headlines","15":"tag-latest-news","16":"tag-latestnews","17":"tag-moskenes","18":"tag-news","19":"tag-no","20":"tag-norge","21":"tag-norway","22":"tag-nyheter","23":"tag-overskrifter","24":"tag-samferdsel","25":"tag-story","26":"tag-top-stories","27":"tag-topstories","28":"tag-vagan","29":"tag-vaer","30":"tag-vestvagoy"},"share_on_mastodon":{"url":"https:\/\/pubeurope.com\/@no\/115628613522654785","error":""},"_links":{"self":[{"href":"https:\/\/www.europesays.com\/no\/wp-json\/wp\/v2\/posts\/99390","targetHints":{"allow":["GET"]}}],"collection":[{"href":"https:\/\/www.europesays.com\/no\/wp-json\/wp\/v2\/posts"}],"about":[{"href":"https:\/\/www.europesays.com\/no\/wp-json\/wp\/v2\/types\/post"}],"author":[{"embeddable":true,"href":"https:\/\/www.europesays.com\/no\/wp-json\/wp\/v2\/users\/2"}],"replies":[{"embeddable":true,"href":"https:\/\/www.europesays.com\/no\/wp-json\/wp\/v2\/comments?post=99390"}],"version-history":[{"count":0,"href":"https:\/\/www.europesays.com\/no\/wp-json\/wp\/v2\/posts\/99390\/revisions"}],"wp:featuredmedia":[{"embeddable":true,"href":"https:\/\/www.europesays.com\/no\/wp-json\/wp\/v2\/media\/9634"}],"wp:attachment":[{"href":"https:\/\/www.europesays.com\/no\/wp-json\/wp\/v2\/media?parent=99390"}],"wp:term":[{"taxonomy":"category","embeddable":true,"href":"https:\/\/www.europesays.com\/no\/wp-json\/wp\/v2\/categories?post=99390"},{"taxonomy":"post_tag","embeddable":true,"href":"https:\/\/www.europesays.com\/no\/wp-json\/wp\/v2\/tags?post=99390"}],"curies":[{"name":"wp","href":"https:\/\/api.w.org\/{rel}","templated":true}]}}