{"id":99394,"date":"2025-11-28T18:07:10","date_gmt":"2025-11-28T18:07:10","guid":{"rendered":"https:\/\/www.europesays.com\/no\/99394\/"},"modified":"2025-11-28T18:07:10","modified_gmt":"2025-11-28T18:07:10","slug":"nsb-ostfoldbanen-sabotasje-pa-ostfoldbanen-store-gjenstander-plassert-i-sporet","status":"publish","type":"post","link":"https:\/\/www.europesays.com\/no\/99394\/","title":{"rendered":"NSB, \u00d8stfoldbanen | Sabotasje p\u00e5 \u00d8stfoldbanen \u2013 store gjenstander plassert i sporet"},"content":{"rendered":"\n<p>Flere ganger har tog p\u00e5 \u00d8stfoldbanen kj\u00f8rt inn i maskindeler, en TV og en stor stein. Noen har lagt gjenstandene i skinnegangen p\u00e5 samme sted. <\/p>\n<p> Den siste hendelsen skjedde 11. november. Et tog som skulle til Oslo kj\u00f8rte p\u00e5 en veivaksel fra en motor like f\u00f8r R\u00e5de stasjon, skriver <a href=\"https:\/\/www.aftenposten.no\/norge\/i\/6qw8QW\/legger-farlige-ting-i-togskinnene-bane-nor-anmelder-saken-til-politiet\" rel=\"nofollow noopener\" target=\"_blank\">Aftenposten<\/a>. <\/p>\n<p>Dagen f\u00f8r skjedde det samme, og samme typer deler ble funnet etter denne p\u00e5kj\u00f8rselen. Tre dager tidligere enn dette igjen pl\u00f8yde et tog inn i en stor stein p\u00e5 skinnene. Og i midten av oktober krasjet et tog inn i en TV.<\/p>\n<p> \u2013 Vi ser en sammenheng mellom hendelsene basert p\u00e5 tidspunkt og sted der gjenstander er blitt lagt i sporet, sier saksbehandler St\u00e5le Hatlelid i Bane Nor til Aftenposten.<\/p>\n<p>De har anmeldt saken til politiet. PST er ogs\u00e5 blitt varslet. <\/p>\n<p>Alle hendelsene har skjedd ved en planovergang, der bilvei krysser jernbanen.<\/p>\n<p>\u2013 I flere tilfeller har skadene v\u00e6rt s\u00e5 omfattende at tog m\u00e5tte innstilles og kj\u00f8res til verksted. Dette er grunnen til at vi har innf\u00f8rt saktekj\u00f8ring og skjerpet oppmerksomheten langs strekningen, sier Hatlelid.<\/p>\n<p>Politiet henla saken 14. november, bare tre dager etter forel\u00f8pig siste hendelse.<\/p>\n<p>\u2013 P\u00e5 bakgrunn av det samlede bildet var det ikke tilstrekkelig grunnlag til \u00e5 identifisere en konkret gjerningsperson, sier politiadvokat Anders Wiig ved \u00d8st politidistrikt.<\/p>\n<p>(\u00a9NTB)<\/p>\n","protected":false},"excerpt":{"rendered":"Flere ganger har tog p\u00e5 \u00d8stfoldbanen kj\u00f8rt inn i maskindeler, en TV og en stor stein. Noen har&hellip;\n","protected":false},"author":2,"featured_media":2136,"comment_status":"","ping_status":"","sticky":false,"template":"","format":"standard","meta":{"footnotes":""},"categories":[10],"tags":[36,20,21,24,25,15,22,23,13,30,28,29,12717,14,16,656,5944,1510,26,27],"class_list":{"0":"post-99394","1":"post","2":"type-post","3":"status-publish","4":"format-standard","5":"has-post-thumbnail","7":"category-norge","8":"tag-art","9":"tag-breaking-news","10":"tag-breakingnews","11":"tag-featured-news","12":"tag-featurednews","13":"tag-headlines","14":"tag-latest-news","15":"tag-latestnews","16":"tag-news","17":"tag-no","18":"tag-norge","19":"tag-norway","20":"tag-nsb","21":"tag-nyheter","22":"tag-overskrifter","23":"tag-ostfold","24":"tag-ostfoldbanen","25":"tag-story","26":"tag-top-stories","27":"tag-topstories"},"share_on_mastodon":{"url":"https:\/\/pubeurope.com\/@no\/115628660792721167","error":""},"_links":{"self":[{"href":"https:\/\/www.europesays.com\/no\/wp-json\/wp\/v2\/posts\/99394","targetHints":{"allow":["GET"]}}],"collection":[{"href":"https:\/\/www.europesays.com\/no\/wp-json\/wp\/v2\/posts"}],"about":[{"href":"https:\/\/www.europesays.com\/no\/wp-json\/wp\/v2\/types\/post"}],"author":[{"embeddable":true,"href":"https:\/\/www.europesays.com\/no\/wp-json\/wp\/v2\/users\/2"}],"replies":[{"embeddable":true,"href":"https:\/\/www.europesays.com\/no\/wp-json\/wp\/v2\/comments?post=99394"}],"version-history":[{"count":0,"href":"https:\/\/www.europesays.com\/no\/wp-json\/wp\/v2\/posts\/99394\/revisions"}],"wp:featuredmedia":[{"embeddable":true,"href":"https:\/\/www.europesays.com\/no\/wp-json\/wp\/v2\/media\/2136"}],"wp:attachment":[{"href":"https:\/\/www.europesays.com\/no\/wp-json\/wp\/v2\/media?parent=99394"}],"wp:term":[{"taxonomy":"category","embeddable":true,"href":"https:\/\/www.europesays.com\/no\/wp-json\/wp\/v2\/categories?post=99394"},{"taxonomy":"post_tag","embeddable":true,"href":"https:\/\/www.europesays.com\/no\/wp-json\/wp\/v2\/tags?post=99394"}],"curies":[{"name":"wp","href":"https:\/\/api.w.org\/{rel}","templated":true}]}}