{"id":99395,"date":"2025-11-28T18:16:33","date_gmt":"2025-11-28T18:16:33","guid":{"rendered":"https:\/\/www.europesays.com\/no\/99395\/"},"modified":"2025-11-28T18:16:33","modified_gmt":"2025-11-28T18:16:33","slug":"fire-ars-leie-for-a-bytte-leietager","status":"publish","type":"post","link":"https:\/\/www.europesays.com\/no\/99395\/","title":{"rendered":"Fire \u00e5rs leie for \u00e5 bytte leietager"},"content":{"rendered":"<p>Eiere av kontorbygg m\u00e5 ut med fire \u00e5rsleier for \u00e5 f\u00e5 inn en ny leietager, if\u00f8lge eiendomsnestor Roar Sandnes.<\/p>\n<p>Publisert 09:25 | Oppdatert 09:28<\/p>\n<p><img decoding=\"async\" class=\"c-image--blurry c-image-fa\" data-id=\"8310662\" src=\"https:\/\/www.europesays.com\/no\/wp-content\/uploads\/2025\/11\/1764353793_809_pipe\"  alt=\"Article lead\" style=\"position:relative;display:block;object-position:69.46866925064599% 20.397286821705425%\"\/><\/p>\n<p>INGEN UMIDDELBAR LYSNING: Meglerveteranen Roar Sandnes (t.h.) tror det blir et tungt marked ogs\u00e5 neste \u00e5r. \u2013 Kanskje det l\u00f8sner i 2027, sier han.Her i paneldebatt med Ida Aall Gram, og Andreas Jul R\u00f8sj\u00f8 p\u00e5 Finansavisens eiendomskonferanse.  <strong>Foto: Iv\u00e1n Kverme<\/strong><\/p>\n","protected":false},"excerpt":{"rendered":"Eiere av kontorbygg m\u00e5 ut med fire \u00e5rsleier for \u00e5 f\u00e5 inn en ny leietager, if\u00f8lge eiendomsnestor Roar&hellip;\n","protected":false},"author":2,"featured_media":99396,"comment_status":"","ping_status":"","sticky":false,"template":"","format":"standard","meta":{"footnotes":""},"categories":[56],"tags":[60,61,62,30,28,29],"class_list":{"0":"post-99395","1":"post","2":"type-post","3":"status-publish","4":"format-standard","5":"has-post-thumbnail","7":"category-naeringsliv","8":"tag-business","9":"tag-economy","10":"tag-naeringsliv","11":"tag-no","12":"tag-norge","13":"tag-norway"},"share_on_mastodon":{"url":"https:\/\/pubeurope.com\/@no\/115628696366071773","error":""},"_links":{"self":[{"href":"https:\/\/www.europesays.com\/no\/wp-json\/wp\/v2\/posts\/99395","targetHints":{"allow":["GET"]}}],"collection":[{"href":"https:\/\/www.europesays.com\/no\/wp-json\/wp\/v2\/posts"}],"about":[{"href":"https:\/\/www.europesays.com\/no\/wp-json\/wp\/v2\/types\/post"}],"author":[{"embeddable":true,"href":"https:\/\/www.europesays.com\/no\/wp-json\/wp\/v2\/users\/2"}],"replies":[{"embeddable":true,"href":"https:\/\/www.europesays.com\/no\/wp-json\/wp\/v2\/comments?post=99395"}],"version-history":[{"count":0,"href":"https:\/\/www.europesays.com\/no\/wp-json\/wp\/v2\/posts\/99395\/revisions"}],"wp:featuredmedia":[{"embeddable":true,"href":"https:\/\/www.europesays.com\/no\/wp-json\/wp\/v2\/media\/99396"}],"wp:attachment":[{"href":"https:\/\/www.europesays.com\/no\/wp-json\/wp\/v2\/media?parent=99395"}],"wp:term":[{"taxonomy":"category","embeddable":true,"href":"https:\/\/www.europesays.com\/no\/wp-json\/wp\/v2\/categories?post=99395"},{"taxonomy":"post_tag","embeddable":true,"href":"https:\/\/www.europesays.com\/no\/wp-json\/wp\/v2\/tags?post=99395"}],"curies":[{"name":"wp","href":"https:\/\/api.w.org\/{rel}","templated":true}]}}