{"id":99406,"date":"2025-11-28T18:32:08","date_gmt":"2025-11-28T18:32:08","guid":{"rendered":"https:\/\/www.europesays.com\/no\/99406\/"},"modified":"2025-11-28T18:32:08","modified_gmt":"2025-11-28T18:32:08","slug":"svartehavet-nyhetsvarsel-tyrkiske-myndigheter-melder-om-brann-pa-to-tankskip-i-svartehavet","status":"publish","type":"post","link":"https:\/\/www.europesays.com\/no\/99406\/","title":{"rendered":"Svartehavet, Nyhetsvarsel | Tyrkiske myndigheter melder om brann p\u00e5 to tankskip i Svartehavet"},"content":{"rendered":"\n<p>Ogs\u00e5 det andre skipet seiler under gambisk flagg.<\/p>\n<p>Det er snakk om tankskipet Virat, som sies \u00e5 v\u00e6re \u00abtruffet\u00bb mens det var underveis i Svartehavet omkring 56 kilometer fra den tyrkiske kysten. Det er tyrkiske marinemyndigheter som opplyser om saken, if\u00f8lge nyhetsbyr\u00e5et AP.<\/p>\n<p>B\u00e5de Kairos og Virat st\u00e5r p\u00e5 en liste over skip \u2013 den s\u00e5kalte skyggefl\u00e5ten \u2013 som er underlagt sanksjoner innf\u00f8rt mot Russland etter landets fullskala invasjon av Ukraina i 2022, if\u00f8lge LSEG-data, skriver Reuters.<\/p>\n<p>Redningsmannskaper er sendt ut for \u00e5 hjelpe til, og besetningsmedlemmene er trygge, selv om det meldes om kraftig r\u00f8yk i maskinrommet, if\u00f8lge myndighetene.<\/p>\n<p>Hele mannskapet fra Kairos, som skal tilh\u00f8re den russiske \u00abskyggefl\u00e5ten\u00bb, er brakt i sikkerhet, meldte myndighetene i Kocaeli-provinsen fredag kveld.<\/p>\n<p>Eksplosjonen som rammet Kairos, inntraff rundt 80 kilometer nord for Bosporusstredet. Skipet kan ha g\u00e5tt p\u00e5 en mine, if\u00f8lge det tyrkiske shippingselskapet Tribeca. Det ble tidligere meldt at det var frykt for at fart\u00f8yet kunne synke.<\/p>\n<p>Tyrkias sj\u00f8fartsdirektorat opplyser at tankskipet var p\u00e5 vei til den russiske havnen Novorossijsk da det meldte om \u00aben ytre p\u00e5virkning\u00bb som for\u00e5rsaket brann 28 nautiske mil fra den tyrkiske kysten.<\/p>\n<p>Skipet var bare lastet med ballast, if\u00f8lge meldingene. Bosporosstredet er ikke blitt stengt for trafikk.<\/p>\n","protected":false},"excerpt":{"rendered":"Ogs\u00e5 det andre skipet seiler under gambisk flagg. Det er snakk om tankskipet Virat, som sies \u00e5 v\u00e6re&hellip;\n","protected":false},"author":2,"featured_media":3844,"comment_status":"","ping_status":"","sticky":false,"template":"","format":"standard","meta":{"footnotes":""},"categories":[5],"tags":[20,21,24,25,15,19,22,23,17,18,13,30,28,29,14,16,26,27],"class_list":{"0":"post-99406","1":"post","2":"type-post","3":"status-publish","4":"format-standard","5":"has-post-thumbnail","7":"category-overskrifter","8":"tag-breaking-news","9":"tag-breakingnews","10":"tag-featured-news","11":"tag-featurednews","12":"tag-headlines","13":"tag-hovedoppslag","14":"tag-latest-news","15":"tag-latestnews","16":"tag-main-news","17":"tag-mainnews","18":"tag-news","19":"tag-no","20":"tag-norge","21":"tag-norway","22":"tag-nyheter","23":"tag-overskrifter","24":"tag-top-stories","25":"tag-topstories"},"share_on_mastodon":{"url":"https:\/\/pubeurope.com\/@no\/115628759201273498","error":""},"_links":{"self":[{"href":"https:\/\/www.europesays.com\/no\/wp-json\/wp\/v2\/posts\/99406","targetHints":{"allow":["GET"]}}],"collection":[{"href":"https:\/\/www.europesays.com\/no\/wp-json\/wp\/v2\/posts"}],"about":[{"href":"https:\/\/www.europesays.com\/no\/wp-json\/wp\/v2\/types\/post"}],"author":[{"embeddable":true,"href":"https:\/\/www.europesays.com\/no\/wp-json\/wp\/v2\/users\/2"}],"replies":[{"embeddable":true,"href":"https:\/\/www.europesays.com\/no\/wp-json\/wp\/v2\/comments?post=99406"}],"version-history":[{"count":0,"href":"https:\/\/www.europesays.com\/no\/wp-json\/wp\/v2\/posts\/99406\/revisions"}],"wp:featuredmedia":[{"embeddable":true,"href":"https:\/\/www.europesays.com\/no\/wp-json\/wp\/v2\/media\/3844"}],"wp:attachment":[{"href":"https:\/\/www.europesays.com\/no\/wp-json\/wp\/v2\/media?parent=99406"}],"wp:term":[{"taxonomy":"category","embeddable":true,"href":"https:\/\/www.europesays.com\/no\/wp-json\/wp\/v2\/categories?post=99406"},{"taxonomy":"post_tag","embeddable":true,"href":"https:\/\/www.europesays.com\/no\/wp-json\/wp\/v2\/tags?post=99406"}],"curies":[{"name":"wp","href":"https:\/\/api.w.org\/{rel}","templated":true}]}}