{"id":99413,"date":"2025-11-28T18:39:33","date_gmt":"2025-11-28T18:39:33","guid":{"rendered":"https:\/\/www.europesays.com\/no\/99413\/"},"modified":"2025-11-28T18:39:33","modified_gmt":"2025-11-28T18:39:33","slug":"jeg-kan-fa-en-flaske-med-ol-til-a-renne-gjennom-ora-og-ut-munnen","status":"publish","type":"post","link":"https:\/\/www.europesays.com\/no\/99413\/","title":{"rendered":"\u2013\u00a0Jeg kan f\u00e5 en flaske med \u00f8l til \u00e5 renne gjennom \u00f8ra og ut munnen"},"content":{"rendered":"<p>Se bildene fra \u00abgul l\u00f8per\u00bb p\u00e5 \u00abP3 Gull\u00bb! <\/p>\n<p>Publisert 28.11.25, kl 17:47. \/ Oppdatert 28.11.25, kl 19:36.<\/p>\n<p class=\"has-text-align-center has-small-font-size\">Alle bilder: <a href=\"https:\/\/p3.no\/p3-gull-2025-gul-loper\/mailto:Henriette.Dahli@nrk.no\" rel=\"nofollow noopener\" target=\"_blank\">Henriette D\u00e6hli, NRK P3<\/a><\/p>\n<p class=\"has-text-align-left\">Klokken 20.00 er det \u00abP3 Gull\u00bb live fra Store Studio p\u00e5 NRK.<\/p>\n<p>Her kan du se hvem som er nominert i kveld: <strong><a href=\"https:\/\/p3.no\/dette-er-de-nominerte-til-arets-lat-2025\/\" target=\"_blank\" rel=\"noreferrer noopener nofollow\">\u00ab\u00c5rets l\u00e5t\u00bb<\/a>, <a href=\"https:\/\/p3.no\/dette-er-de-nominerte-til-arets-artist-2025\/\" target=\"_blank\" rel=\"noreferrer noopener nofollow\">\u00ab\u00c5rets artist\u00bb<\/a>, <a href=\"https:\/\/p3.no\/dette-er-de-nominerte-til-arets-gjennombrudd-2025\/\" target=\"_blank\" rel=\"noreferrer noopener nofollow\">\u00ab\u00c5rets gjennombrudd\u00bb<\/a>.<\/strong><\/p>\n<p class=\"has-text-align-left\">Men allerede n\u00e5 har kjendisene begynt \u00e5 samle seg p\u00e5 Trekanten i Oslo Sentrum.<\/p>\n<p>Her er det gul l\u00f8per f\u00f8r kveldens sending. Og kjendisene har begynt \u00e5 str\u00f8mme til:<\/p>\n<p><img loading=\"lazy\" decoding=\"async\" width=\"683\" height=\"1024\" data-attachment-id=\"470473\" data-permalink=\"https:\/\/p3.no\/henr0694\/\" data-orig-file=\"https:\/\/p3.no\/wp-content\/uploads\/2025\/11\/HENR0694-scaled.jpg\" data-orig-size=\"1707,2560\" data-comments-opened=\"0\" data-image-meta=\"{&quot;aperture&quot;:&quot;5&quot;,&quot;credit&quot;:&quot;&quot;,&quot;camera&quot;:&quot;Canon EOS R6m2&quot;,&quot;caption&quot;:&quot;&quot;,&quot;created_timestamp&quot;:&quot;1764361882&quot;,&quot;copyright&quot;:&quot;&quot;,&quot;focal_length&quot;:&quot;38&quot;,&quot;iso&quot;:&quot;320&quot;,&quot;shutter_speed&quot;:&quot;0.00625&quot;,&quot;title&quot;:&quot;&quot;,&quot;orientation&quot;:&quot;1&quot;}\" data-image-title=\"HENR0694\" data-image-description=\"\" data-image-caption=\"\" data-medium-file=\"https:\/\/p3.no\/wp-content\/uploads\/2025\/11\/HENR0694-667x1000.jpg\" data-large-file=\"https:\/\/www.europesays.com\/no\/wp-content\/uploads\/2025\/11\/HENR0694-683x1024.jpg\" src=\"https:\/\/www.europesays.com\/no\/wp-content\/uploads\/2025\/11\/HENR0694-683x1024.jpg\" alt=\"\" class=\"wp-image-470473\"  \/><strong>Fetisha Williams: <\/strong>Favorittartist: \u2013 SaG, jeg d\u00f8r for den bitchen p\u00e5 et niv\u00e5 som ikke helvete har temperaturen til engang.<\/p>\n<p><img loading=\"lazy\" decoding=\"async\" width=\"683\" height=\"1024\" data-attachment-id=\"470409\" data-permalink=\"https:\/\/p3.no\/henr0443-2\/\" data-orig-file=\"https:\/\/p3.no\/wp-content\/uploads\/2025\/11\/HENR0443-1-scaled.jpg\" data-orig-size=\"1707,2560\" data-comments-opened=\"0\" data-image-meta=\"{&quot;aperture&quot;:&quot;5&quot;,&quot;credit&quot;:&quot;&quot;,&quot;camera&quot;:&quot;Canon EOS R6m2&quot;,&quot;caption&quot;:&quot;&quot;,&quot;created_timestamp&quot;:&quot;1764358531&quot;,&quot;copyright&quot;:&quot;&quot;,&quot;focal_length&quot;:&quot;35&quot;,&quot;iso&quot;:&quot;250&quot;,&quot;shutter_speed&quot;:&quot;0.00625&quot;,&quot;title&quot;:&quot;&quot;,&quot;orientation&quot;:&quot;1&quot;}\" data-image-title=\"HENR0443\" data-image-description=\"\" data-image-caption=\"\" data-medium-file=\"https:\/\/p3.no\/wp-content\/uploads\/2025\/11\/HENR0443-1-667x1000.jpg\" data-large-file=\"https:\/\/www.europesays.com\/no\/wp-content\/uploads\/2025\/11\/HENR0443-1-683x1024.jpg\" src=\"https:\/\/www.europesays.com\/no\/wp-content\/uploads\/2025\/11\/HENR0443-1-683x1024.jpg\" alt=\"\" class=\"wp-image-470409\"  \/><strong>Dagny<\/strong>: \u00c5rets favorittl\u00e5t: Subway av Chappel Roan<br \/>R\u00e5d til de nominerte: \u2013 Kos deg, og hvis du skal opp p\u00e5 scenen: speak from the heart.<\/p>\n<p><img loading=\"lazy\" decoding=\"async\" width=\"683\" height=\"1024\" data-attachment-id=\"470379\" data-permalink=\"https:\/\/p3.no\/henr0315\/\" data-orig-file=\"https:\/\/p3.no\/wp-content\/uploads\/2025\/11\/HENR0315-scaled.jpg\" data-orig-size=\"1707,2560\" data-comments-opened=\"0\" data-image-meta=\"{&quot;aperture&quot;:&quot;5&quot;,&quot;credit&quot;:&quot;&quot;,&quot;camera&quot;:&quot;Canon EOS R6m2&quot;,&quot;caption&quot;:&quot;&quot;,&quot;created_timestamp&quot;:&quot;1764357438&quot;,&quot;copyright&quot;:&quot;&quot;,&quot;focal_length&quot;:&quot;34&quot;,&quot;iso&quot;:&quot;160&quot;,&quot;shutter_speed&quot;:&quot;0.00625&quot;,&quot;title&quot;:&quot;&quot;,&quot;orientation&quot;:&quot;1&quot;}\" data-image-title=\"HENR0315\" data-image-description=\"\" data-image-caption=\"\" data-medium-file=\"https:\/\/p3.no\/wp-content\/uploads\/2025\/11\/HENR0315-667x1000.jpg\" data-large-file=\"https:\/\/www.europesays.com\/no\/wp-content\/uploads\/2025\/11\/HENR0315-683x1024.jpg\" src=\"https:\/\/www.europesays.com\/no\/wp-content\/uploads\/2025\/11\/HENR0315-683x1024.jpg\" alt=\"\" class=\"wp-image-470379\"  \/><strong>Ylva <\/strong>er nominert til to priser, og skal spille live: \u2013\u00a0Jeg er veldig nerv\u00f8s, selv om det er skikkelig stas \u00e5 v\u00e6re her.<\/p>\n<p><img loading=\"lazy\" decoding=\"async\" width=\"683\" height=\"1024\" data-attachment-id=\"470387\" data-permalink=\"https:\/\/p3.no\/henr0328\/\" data-orig-file=\"https:\/\/p3.no\/wp-content\/uploads\/2025\/11\/HENR0328-scaled.jpg\" data-orig-size=\"1707,2560\" data-comments-opened=\"0\" data-image-meta=\"{&quot;aperture&quot;:&quot;5&quot;,&quot;credit&quot;:&quot;&quot;,&quot;camera&quot;:&quot;Canon EOS R6m2&quot;,&quot;caption&quot;:&quot;&quot;,&quot;created_timestamp&quot;:&quot;1764357673&quot;,&quot;copyright&quot;:&quot;&quot;,&quot;focal_length&quot;:&quot;39&quot;,&quot;iso&quot;:&quot;250&quot;,&quot;shutter_speed&quot;:&quot;0.00625&quot;,&quot;title&quot;:&quot;&quot;,&quot;orientation&quot;:&quot;1&quot;}\" data-image-title=\"HENR0328\" data-image-description=\"\" data-image-caption=\"\" data-medium-file=\"https:\/\/p3.no\/wp-content\/uploads\/2025\/11\/HENR0328-667x1000.jpg\" data-large-file=\"https:\/\/www.europesays.com\/no\/wp-content\/uploads\/2025\/11\/HENR0328-683x1024.jpg\" src=\"https:\/\/www.europesays.com\/no\/wp-content\/uploads\/2025\/11\/HENR0328-683x1024.jpg\" alt=\"\" class=\"wp-image-470387\"  \/><strong>Emma Steinbakken<\/strong> r\u00f8per at hun i kveld heier p\u00e5 Synne Vo: \u2013\u00a0Men det jeg gleder meg mest til er opptredenene. De er alltid litt ekstra p\u00e5 \u00abP3 Gull\u00bb!<\/p>\n<p><img loading=\"lazy\" decoding=\"async\" width=\"683\" height=\"1024\" data-attachment-id=\"470460\" data-permalink=\"https:\/\/p3.no\/henr0544\/\" data-orig-file=\"https:\/\/p3.no\/wp-content\/uploads\/2025\/11\/HENR0544-scaled.jpg\" data-orig-size=\"1707,2560\" data-comments-opened=\"0\" data-image-meta=\"{&quot;aperture&quot;:&quot;5&quot;,&quot;credit&quot;:&quot;&quot;,&quot;camera&quot;:&quot;Canon EOS R6m2&quot;,&quot;caption&quot;:&quot;&quot;,&quot;created_timestamp&quot;:&quot;1764359896&quot;,&quot;copyright&quot;:&quot;&quot;,&quot;focal_length&quot;:&quot;31&quot;,&quot;iso&quot;:&quot;250&quot;,&quot;shutter_speed&quot;:&quot;0.00625&quot;,&quot;title&quot;:&quot;&quot;,&quot;orientation&quot;:&quot;1&quot;}\" data-image-title=\"HENR0544\" data-image-description=\"\" data-image-caption=\"\" data-medium-file=\"https:\/\/p3.no\/wp-content\/uploads\/2025\/11\/HENR0544-667x1000.jpg\" data-large-file=\"https:\/\/www.europesays.com\/no\/wp-content\/uploads\/2025\/11\/HENR0544-683x1024.jpg\" src=\"https:\/\/www.europesays.com\/no\/wp-content\/uploads\/2025\/11\/HENR0544-683x1024.jpg\" alt=\"\" class=\"wp-image-470460\"  \/><strong>Synne S\u00f8rgjerd:<\/strong> \u2013 H\u00e5per noen sl\u00e5ss, sier noe out of pocket eller kliner i kveld!<\/p>\n<p><img loading=\"lazy\" decoding=\"async\" width=\"683\" height=\"1024\" data-attachment-id=\"470418\" data-permalink=\"https:\/\/p3.no\/henr0489\/\" data-orig-file=\"https:\/\/p3.no\/wp-content\/uploads\/2025\/11\/HENR0489-scaled.jpg\" data-orig-size=\"1707,2560\" data-comments-opened=\"0\" data-image-meta=\"{&quot;aperture&quot;:&quot;5&quot;,&quot;credit&quot;:&quot;&quot;,&quot;camera&quot;:&quot;Canon EOS R6m2&quot;,&quot;caption&quot;:&quot;&quot;,&quot;created_timestamp&quot;:&quot;1764358812&quot;,&quot;copyright&quot;:&quot;&quot;,&quot;focal_length&quot;:&quot;36&quot;,&quot;iso&quot;:&quot;250&quot;,&quot;shutter_speed&quot;:&quot;0.00625&quot;,&quot;title&quot;:&quot;&quot;,&quot;orientation&quot;:&quot;1&quot;}\" data-image-title=\"HENR0489\" data-image-description=\"\" data-image-caption=\"\" data-medium-file=\"https:\/\/p3.no\/wp-content\/uploads\/2025\/11\/HENR0489-667x1000.jpg\" data-large-file=\"https:\/\/www.europesays.com\/no\/wp-content\/uploads\/2025\/11\/HENR0489-683x1024.jpg\" src=\"https:\/\/www.europesays.com\/no\/wp-content\/uploads\/2025\/11\/HENR0489-683x1024.jpg\" alt=\"\" class=\"wp-image-470418\"  \/><strong>Chris Holsten<\/strong><\/p>\n<p><img loading=\"lazy\" decoding=\"async\" width=\"683\" height=\"1024\" data-attachment-id=\"470388\" data-permalink=\"https:\/\/p3.no\/henr0340\/\" data-orig-file=\"https:\/\/p3.no\/wp-content\/uploads\/2025\/11\/HENR0340-scaled.jpg\" data-orig-size=\"1707,2560\" data-comments-opened=\"0\" data-image-meta=\"{&quot;aperture&quot;:&quot;5&quot;,&quot;credit&quot;:&quot;&quot;,&quot;camera&quot;:&quot;Canon EOS R6m2&quot;,&quot;caption&quot;:&quot;&quot;,&quot;created_timestamp&quot;:&quot;1764357776&quot;,&quot;copyright&quot;:&quot;&quot;,&quot;focal_length&quot;:&quot;31&quot;,&quot;iso&quot;:&quot;250&quot;,&quot;shutter_speed&quot;:&quot;0.00625&quot;,&quot;title&quot;:&quot;&quot;,&quot;orientation&quot;:&quot;1&quot;}\" data-image-title=\"HENR0340\" data-image-description=\"\" data-image-caption=\"\" data-medium-file=\"https:\/\/p3.no\/wp-content\/uploads\/2025\/11\/HENR0340-667x1000.jpg\" data-large-file=\"https:\/\/www.europesays.com\/no\/wp-content\/uploads\/2025\/11\/HENR0340-683x1024.jpg\" src=\"https:\/\/www.europesays.com\/no\/wp-content\/uploads\/2025\/11\/HENR0340-683x1024.jpg\" alt=\"\" class=\"wp-image-470388\"  \/><strong>Ramon<\/strong><\/p>\n<p><img loading=\"lazy\" decoding=\"async\" width=\"683\" height=\"1024\" data-attachment-id=\"470450\" data-permalink=\"https:\/\/p3.no\/henr0525\/\" data-orig-file=\"https:\/\/p3.no\/wp-content\/uploads\/2025\/11\/HENR0525-scaled.jpg\" data-orig-size=\"1707,2560\" data-comments-opened=\"0\" data-image-meta=\"{&quot;aperture&quot;:&quot;5&quot;,&quot;credit&quot;:&quot;&quot;,&quot;camera&quot;:&quot;Canon EOS R6m2&quot;,&quot;caption&quot;:&quot;&quot;,&quot;created_timestamp&quot;:&quot;1764359573&quot;,&quot;copyright&quot;:&quot;&quot;,&quot;focal_length&quot;:&quot;24&quot;,&quot;iso&quot;:&quot;250&quot;,&quot;shutter_speed&quot;:&quot;0.00625&quot;,&quot;title&quot;:&quot;&quot;,&quot;orientation&quot;:&quot;1&quot;}\" data-image-title=\"HENR0525\" data-image-description=\"\" data-image-caption=\"\" data-medium-file=\"https:\/\/p3.no\/wp-content\/uploads\/2025\/11\/HENR0525-667x1000.jpg\" data-large-file=\"https:\/\/www.europesays.com\/no\/wp-content\/uploads\/2025\/11\/HENR0525-683x1024.jpg\" src=\"https:\/\/www.europesays.com\/no\/wp-content\/uploads\/2025\/11\/HENR0525-683x1024.jpg\" alt=\"\" class=\"wp-image-470450\" style=\"width:840px;height:auto\"  \/><strong>Brenn<\/strong><\/p>\n<p><img loading=\"lazy\" decoding=\"async\" width=\"683\" height=\"1024\" data-attachment-id=\"470402\" data-permalink=\"https:\/\/p3.no\/henr0436\/\" data-orig-file=\"https:\/\/p3.no\/wp-content\/uploads\/2025\/11\/HENR0436-scaled.jpg\" data-orig-size=\"1707,2560\" data-comments-opened=\"0\" data-image-meta=\"{&quot;aperture&quot;:&quot;5&quot;,&quot;credit&quot;:&quot;&quot;,&quot;camera&quot;:&quot;Canon EOS R6m2&quot;,&quot;caption&quot;:&quot;&quot;,&quot;created_timestamp&quot;:&quot;1764358492&quot;,&quot;copyright&quot;:&quot;&quot;,&quot;focal_length&quot;:&quot;34&quot;,&quot;iso&quot;:&quot;250&quot;,&quot;shutter_speed&quot;:&quot;0.00625&quot;,&quot;title&quot;:&quot;&quot;,&quot;orientation&quot;:&quot;1&quot;}\" data-image-title=\"HENR0436\" data-image-description=\"\" data-image-caption=\"\" data-medium-file=\"https:\/\/p3.no\/wp-content\/uploads\/2025\/11\/HENR0436-667x1000.jpg\" data-large-file=\"https:\/\/www.europesays.com\/no\/wp-content\/uploads\/2025\/11\/HENR0436-683x1024.jpg\" src=\"https:\/\/www.europesays.com\/no\/wp-content\/uploads\/2025\/11\/HENR0436-683x1024.jpg\" alt=\"\" class=\"wp-image-470402\" style=\"width:840px;height:auto\"  \/><strong>Ruben<\/strong><\/p>\n<p><img loading=\"lazy\" decoding=\"async\" width=\"683\" height=\"1024\" data-attachment-id=\"470398\" data-permalink=\"https:\/\/p3.no\/henr0381\/\" data-orig-file=\"https:\/\/p3.no\/wp-content\/uploads\/2025\/11\/HENR0381-scaled.jpg\" data-orig-size=\"1707,2560\" data-comments-opened=\"0\" data-image-meta=\"{&quot;aperture&quot;:&quot;5&quot;,&quot;credit&quot;:&quot;&quot;,&quot;camera&quot;:&quot;Canon EOS R6m2&quot;,&quot;caption&quot;:&quot;&quot;,&quot;created_timestamp&quot;:&quot;1764358144&quot;,&quot;copyright&quot;:&quot;&quot;,&quot;focal_length&quot;:&quot;38&quot;,&quot;iso&quot;:&quot;250&quot;,&quot;shutter_speed&quot;:&quot;0.00625&quot;,&quot;title&quot;:&quot;&quot;,&quot;orientation&quot;:&quot;1&quot;}\" data-image-title=\"HENR0381\" data-image-description=\"\" data-image-caption=\"\" data-medium-file=\"https:\/\/p3.no\/wp-content\/uploads\/2025\/11\/HENR0381-667x1000.jpg\" data-large-file=\"https:\/\/www.europesays.com\/no\/wp-content\/uploads\/2025\/11\/HENR0381-683x1024.jpg\" src=\"https:\/\/www.europesays.com\/no\/wp-content\/uploads\/2025\/11\/HENR0381-683x1024.jpg\" alt=\"\" class=\"wp-image-470398\"  \/><strong>Kevin Lauren<\/strong>: \u2013Det g\u00e5r bra med meg! Har kutta ut alt toxic i livet mitt og blitt en bedre versjon av meg selv. Arin er den st\u00f8rste baddien her i kveld. <\/p>\n<p><img loading=\"lazy\" decoding=\"async\" width=\"683\" height=\"1024\" data-attachment-id=\"470323\" data-permalink=\"https:\/\/p3.no\/henr0163\/\" data-orig-file=\"https:\/\/p3.no\/wp-content\/uploads\/2025\/11\/HENR0163-scaled.jpg\" data-orig-size=\"1707,2560\" data-comments-opened=\"0\" data-image-meta=\"{&quot;aperture&quot;:&quot;5&quot;,&quot;credit&quot;:&quot;&quot;,&quot;camera&quot;:&quot;Canon EOS R6m2&quot;,&quot;caption&quot;:&quot;&quot;,&quot;created_timestamp&quot;:&quot;1764355811&quot;,&quot;copyright&quot;:&quot;&quot;,&quot;focal_length&quot;:&quot;24&quot;,&quot;iso&quot;:&quot;250&quot;,&quot;shutter_speed&quot;:&quot;0.00625&quot;,&quot;title&quot;:&quot;&quot;,&quot;orientation&quot;:&quot;1&quot;}\" data-image-title=\"HENR0163\" data-image-description=\"\" data-image-caption=\"\" data-medium-file=\"https:\/\/p3.no\/wp-content\/uploads\/2025\/11\/HENR0163-667x1000.jpg\" data-large-file=\"https:\/\/www.europesays.com\/no\/wp-content\/uploads\/2025\/11\/HENR0163-683x1024.jpg\" src=\"https:\/\/www.europesays.com\/no\/wp-content\/uploads\/2025\/11\/HENR0163-683x1024.jpg\" alt=\"\" class=\"wp-image-470323\"  \/><strong>Chris Abolade + Amara<\/strong> er nominert sammen i kategorien \u00ab\u00c5rets artist\u00bb, og det er f\u00f8rste nominasjon under \u00abP3 Gull\u00bb for begge to: \u2013 Det er sykt g\u00f8y \u00e5 f\u00e5 ta del i greia n\u00e5r man har v\u00e6rt her s\u00e5 mange \u00e5r som publikum! Amara ble ogs\u00e5 spurt om han har noen partytriks: \u00a0\u2013\u00a0Jeg kan f\u00e5 en flaske med \u00f8l til \u00e5 renne gjennom \u00f8ra og ut munnen, var ikke svaret vi forventet, men svaret vi trengte.<\/p>\n<p><img loading=\"lazy\" decoding=\"async\" width=\"683\" height=\"1024\" data-attachment-id=\"470390\" data-permalink=\"https:\/\/p3.no\/henr0345\/\" data-orig-file=\"https:\/\/p3.no\/wp-content\/uploads\/2025\/11\/HENR0345-scaled.jpg\" data-orig-size=\"1707,2560\" data-comments-opened=\"0\" data-image-meta=\"{&quot;aperture&quot;:&quot;5&quot;,&quot;credit&quot;:&quot;&quot;,&quot;camera&quot;:&quot;Canon EOS R6m2&quot;,&quot;caption&quot;:&quot;&quot;,&quot;created_timestamp&quot;:&quot;1764357820&quot;,&quot;copyright&quot;:&quot;&quot;,&quot;focal_length&quot;:&quot;29&quot;,&quot;iso&quot;:&quot;250&quot;,&quot;shutter_speed&quot;:&quot;0.00625&quot;,&quot;title&quot;:&quot;&quot;,&quot;orientation&quot;:&quot;1&quot;}\" data-image-title=\"HENR0345\" data-image-description=\"\" data-image-caption=\"\" data-medium-file=\"https:\/\/p3.no\/wp-content\/uploads\/2025\/11\/HENR0345-667x1000.jpg\" data-large-file=\"https:\/\/www.europesays.com\/no\/wp-content\/uploads\/2025\/11\/HENR0345-683x1024.jpg\" src=\"https:\/\/www.europesays.com\/no\/wp-content\/uploads\/2025\/11\/HENR0345-683x1024.jpg\" alt=\"\" class=\"wp-image-470390\"  \/><strong>Artisten Sa_G <\/strong>er nominert til \u00ab\u00c5rets gjennombrudd\u00bb og skal spille live. P\u00e5 sp\u00f8rsm\u00e5l om hvem hun syntes ser best ut i kveld svarer hun ydmykt: \u2013\u00a0\u00abMe, of course\u00bb, og Ylva, da!<\/p>\n<p><img loading=\"lazy\" decoding=\"async\" width=\"683\" height=\"1024\" data-attachment-id=\"470320\" data-permalink=\"https:\/\/p3.no\/henr0146\/\" data-orig-file=\"https:\/\/p3.no\/wp-content\/uploads\/2025\/11\/HENR0146-scaled.jpg\" data-orig-size=\"1707,2560\" data-comments-opened=\"0\" data-image-meta=\"{&quot;aperture&quot;:&quot;5.6&quot;,&quot;credit&quot;:&quot;&quot;,&quot;camera&quot;:&quot;Canon EOS R6m2&quot;,&quot;caption&quot;:&quot;&quot;,&quot;created_timestamp&quot;:&quot;1764355700&quot;,&quot;copyright&quot;:&quot;&quot;,&quot;focal_length&quot;:&quot;24&quot;,&quot;iso&quot;:&quot;250&quot;,&quot;shutter_speed&quot;:&quot;0.00625&quot;,&quot;title&quot;:&quot;&quot;,&quot;orientation&quot;:&quot;1&quot;}\" data-image-title=\"HENR0146\" data-image-description=\"\" data-image-caption=\"\" data-medium-file=\"https:\/\/p3.no\/wp-content\/uploads\/2025\/11\/HENR0146-667x1000.jpg\" data-large-file=\"https:\/\/www.europesays.com\/no\/wp-content\/uploads\/2025\/11\/HENR0146-683x1024.jpg\" src=\"https:\/\/www.europesays.com\/no\/wp-content\/uploads\/2025\/11\/HENR0146-683x1024.jpg\" alt=\"\" class=\"wp-image-470320\"  \/><strong>Carina Dahl sammen med Zadeking: <\/strong>Country-pop-artistene er klare for kvelden, selv om den blir litt annerledes enn de er vant til: \u2013\u00a0Jeg driver og danser om dagen, s\u00e5 jeg drikker ikke alkohol n\u00e5. Men vi er best p\u00e5 fest likevel!<\/p>\n<p><img loading=\"lazy\" decoding=\"async\" width=\"683\" height=\"1024\" data-attachment-id=\"470395\" data-permalink=\"https:\/\/p3.no\/henr0364\/\" data-orig-file=\"https:\/\/p3.no\/wp-content\/uploads\/2025\/11\/HENR0364-scaled.jpg\" data-orig-size=\"1707,2560\" data-comments-opened=\"0\" data-image-meta=\"{&quot;aperture&quot;:&quot;5&quot;,&quot;credit&quot;:&quot;&quot;,&quot;camera&quot;:&quot;Canon EOS R6m2&quot;,&quot;caption&quot;:&quot;&quot;,&quot;created_timestamp&quot;:&quot;1764358019&quot;,&quot;copyright&quot;:&quot;&quot;,&quot;focal_length&quot;:&quot;34&quot;,&quot;iso&quot;:&quot;250&quot;,&quot;shutter_speed&quot;:&quot;0.00625&quot;,&quot;title&quot;:&quot;&quot;,&quot;orientation&quot;:&quot;1&quot;}\" data-image-title=\"HENR0364\" data-image-description=\"\" data-image-caption=\"\" data-medium-file=\"https:\/\/p3.no\/wp-content\/uploads\/2025\/11\/HENR0364-667x1000.jpg\" data-large-file=\"https:\/\/www.europesays.com\/no\/wp-content\/uploads\/2025\/11\/HENR0364-683x1024.jpg\" src=\"https:\/\/www.europesays.com\/no\/wp-content\/uploads\/2025\/11\/HENR0364-683x1024.jpg\" alt=\"\" class=\"wp-image-470395\"  \/><strong>Makosir og Bargee<\/strong><\/p>\n<p><img loading=\"lazy\" decoding=\"async\" width=\"683\" height=\"1024\" data-attachment-id=\"470316\" data-permalink=\"https:\/\/p3.no\/henr0132\/\" data-orig-file=\"https:\/\/p3.no\/wp-content\/uploads\/2025\/11\/HENR0132-scaled.jpg\" data-orig-size=\"1707,2560\" data-comments-opened=\"0\" data-image-meta=\"{&quot;aperture&quot;:&quot;5.6&quot;,&quot;credit&quot;:&quot;&quot;,&quot;camera&quot;:&quot;Canon EOS R6m2&quot;,&quot;caption&quot;:&quot;&quot;,&quot;created_timestamp&quot;:&quot;1764355516&quot;,&quot;copyright&quot;:&quot;&quot;,&quot;focal_length&quot;:&quot;24&quot;,&quot;iso&quot;:&quot;250&quot;,&quot;shutter_speed&quot;:&quot;0.00625&quot;,&quot;title&quot;:&quot;&quot;,&quot;orientation&quot;:&quot;1&quot;}\" data-image-title=\"HENR0132\" data-image-description=\"\" data-image-caption=\"\" data-medium-file=\"https:\/\/p3.no\/wp-content\/uploads\/2025\/11\/HENR0132-667x1000.jpg\" data-large-file=\"https:\/\/www.europesays.com\/no\/wp-content\/uploads\/2025\/11\/HENR0132-683x1024.jpg\" src=\"https:\/\/www.europesays.com\/no\/wp-content\/uploads\/2025\/11\/HENR0132-683x1024.jpg\" alt=\"\" class=\"wp-image-470316\"  \/><strong>Ella Marie: <\/strong>Den albumaktuelle artisten har p\u00e5 seg en kjole med en kirke p\u00e5 for anledningen: \u2013\u00a0Det er for \u00e5 minne oss p\u00e5 det historisk vanskelige forholdet vi samer har hatt til kirken. Samtidig spilte jeg i Nidarosdomen tidligere i \u00e5r, som var \u00e5rets h\u00f8ydepunkt.<\/p>\n<p><img loading=\"lazy\" decoding=\"async\" width=\"683\" height=\"1024\" data-attachment-id=\"470355\" data-permalink=\"https:\/\/p3.no\/henr0277\/\" data-orig-file=\"https:\/\/p3.no\/wp-content\/uploads\/2025\/11\/HENR0277-scaled.jpg\" data-orig-size=\"1707,2560\" data-comments-opened=\"0\" data-image-meta=\"{&quot;aperture&quot;:&quot;5&quot;,&quot;credit&quot;:&quot;&quot;,&quot;camera&quot;:&quot;Canon EOS R6m2&quot;,&quot;caption&quot;:&quot;&quot;,&quot;created_timestamp&quot;:&quot;1764356667&quot;,&quot;copyright&quot;:&quot;&quot;,&quot;focal_length&quot;:&quot;24&quot;,&quot;iso&quot;:&quot;250&quot;,&quot;shutter_speed&quot;:&quot;0.00625&quot;,&quot;title&quot;:&quot;&quot;,&quot;orientation&quot;:&quot;1&quot;}\" data-image-title=\"HENR0277\" data-image-description=\"\" data-image-caption=\"\" data-medium-file=\"https:\/\/p3.no\/wp-content\/uploads\/2025\/11\/HENR0277-667x1000.jpg\" data-large-file=\"https:\/\/www.europesays.com\/no\/wp-content\/uploads\/2025\/11\/HENR0277-683x1024.jpg\" src=\"https:\/\/www.europesays.com\/no\/wp-content\/uploads\/2025\/11\/HENR0277-683x1024.jpg\" alt=\"\" class=\"wp-image-470355\" style=\"width:690px;height:auto\"  \/><strong>Komiker Ole Henry Snildalsli og idrettsut\u00f8ver Salum Ageze Kashafali<\/strong> skal dele ut pris sammen. Ole Henry kan fortelle at det har blitt laget nye slangesko for anledningen.<\/p>\n<p><img loading=\"lazy\" decoding=\"async\" width=\"683\" height=\"1024\" data-attachment-id=\"470366\" data-permalink=\"https:\/\/p3.no\/p3-gull-2025-gul-loper\/henr0248-2\/\" data-orig-file=\"https:\/\/p3.no\/wp-content\/uploads\/2025\/11\/HENR0248-1-scaled.jpg\" data-orig-size=\"1707,2560\" data-comments-opened=\"0\" data-image-meta=\"{&quot;aperture&quot;:&quot;5&quot;,&quot;credit&quot;:&quot;&quot;,&quot;camera&quot;:&quot;Canon EOS R6m2&quot;,&quot;caption&quot;:&quot;&quot;,&quot;created_timestamp&quot;:&quot;1764356510&quot;,&quot;copyright&quot;:&quot;&quot;,&quot;focal_length&quot;:&quot;31&quot;,&quot;iso&quot;:&quot;250&quot;,&quot;shutter_speed&quot;:&quot;0.00625&quot;,&quot;title&quot;:&quot;&quot;,&quot;orientation&quot;:&quot;1&quot;}\" data-image-title=\"HENR0248\" data-image-description=\"\" data-image-caption=\"\" data-medium-file=\"https:\/\/p3.no\/wp-content\/uploads\/2025\/11\/HENR0248-1-667x1000.jpg\" data-large-file=\"https:\/\/www.europesays.com\/no\/wp-content\/uploads\/2025\/11\/HENR0248-1-683x1024.jpg\" src=\"https:\/\/www.europesays.com\/no\/wp-content\/uploads\/2025\/11\/HENR0248-1-683x1024.jpg\" alt=\"\" class=\"wp-image-470366\"  \/><strong>Artist Mari B\u00f8lla <\/strong>forteller at hun spesielt heier p\u00e5 alle damene som er nominert i kveld: \u2013\u00a0Ogs\u00e5 er det jo et rom med mange mennesker med store personligheter, s\u00e5 det er jo g\u00f8y hvis det skjer noen skandaler eller romanser. Kanskje spesielt det siste. <\/p>\n<p><img loading=\"lazy\" decoding=\"async\" width=\"683\" height=\"1024\" data-attachment-id=\"470346\" data-permalink=\"https:\/\/p3.no\/henr0241\/\" data-orig-file=\"https:\/\/p3.no\/wp-content\/uploads\/2025\/11\/HENR0241-scaled.jpg\" data-orig-size=\"1707,2560\" data-comments-opened=\"0\" data-image-meta=\"{&quot;aperture&quot;:&quot;5&quot;,&quot;credit&quot;:&quot;&quot;,&quot;camera&quot;:&quot;Canon EOS R6m2&quot;,&quot;caption&quot;:&quot;&quot;,&quot;created_timestamp&quot;:&quot;1764356436&quot;,&quot;copyright&quot;:&quot;&quot;,&quot;focal_length&quot;:&quot;24&quot;,&quot;iso&quot;:&quot;250&quot;,&quot;shutter_speed&quot;:&quot;0.00625&quot;,&quot;title&quot;:&quot;&quot;,&quot;orientation&quot;:&quot;1&quot;}\" data-image-title=\"HENR0241\" data-image-description=\"\" data-image-caption=\"\" data-medium-file=\"https:\/\/p3.no\/wp-content\/uploads\/2025\/11\/HENR0241-667x1000.jpg\" data-large-file=\"https:\/\/www.europesays.com\/no\/wp-content\/uploads\/2025\/11\/HENR0241-683x1024.jpg\" src=\"https:\/\/www.europesays.com\/no\/wp-content\/uploads\/2025\/11\/HENR0241-683x1024.jpg\" alt=\"\" class=\"wp-image-470346\"  \/><strong>Tigergutt<\/strong> er en del av sendingen i kveld, men er hemmelighetsfulle om hva som skal skje: \u2013\u00a0Det blir en overraskelse!<\/p>\n<p><img loading=\"lazy\" decoding=\"async\" width=\"683\" height=\"1024\" data-attachment-id=\"470359\" data-permalink=\"https:\/\/p3.no\/henr0286\/\" data-orig-file=\"https:\/\/p3.no\/wp-content\/uploads\/2025\/11\/HENR0286-scaled.jpg\" data-orig-size=\"1707,2560\" data-comments-opened=\"0\" data-image-meta=\"{&quot;aperture&quot;:&quot;5&quot;,&quot;credit&quot;:&quot;&quot;,&quot;camera&quot;:&quot;Canon EOS R6m2&quot;,&quot;caption&quot;:&quot;&quot;,&quot;created_timestamp&quot;:&quot;1764356751&quot;,&quot;copyright&quot;:&quot;&quot;,&quot;focal_length&quot;:&quot;24&quot;,&quot;iso&quot;:&quot;250&quot;,&quot;shutter_speed&quot;:&quot;0.00625&quot;,&quot;title&quot;:&quot;&quot;,&quot;orientation&quot;:&quot;1&quot;}\" data-image-title=\"HENR0286\" data-image-description=\"\" data-image-caption=\"\" data-medium-file=\"https:\/\/p3.no\/wp-content\/uploads\/2025\/11\/HENR0286-667x1000.jpg\" data-large-file=\"https:\/\/www.europesays.com\/no\/wp-content\/uploads\/2025\/11\/HENR0286-683x1024.jpg\" src=\"https:\/\/www.europesays.com\/no\/wp-content\/uploads\/2025\/11\/HENR0286-683x1024.jpg\" alt=\"\" class=\"wp-image-470359\"  \/><strong>Influenser McMartii<\/strong><\/p>\n<p><img loading=\"lazy\" decoding=\"async\" width=\"683\" height=\"1024\" data-attachment-id=\"470410\" data-permalink=\"https:\/\/p3.no\/henr0479-2\/\" data-orig-file=\"https:\/\/p3.no\/wp-content\/uploads\/2025\/11\/HENR0479-1-scaled.jpg\" data-orig-size=\"1707,2560\" data-comments-opened=\"0\" data-image-meta=\"{&quot;aperture&quot;:&quot;5&quot;,&quot;credit&quot;:&quot;&quot;,&quot;camera&quot;:&quot;Canon EOS R6m2&quot;,&quot;caption&quot;:&quot;&quot;,&quot;created_timestamp&quot;:&quot;1764358701&quot;,&quot;copyright&quot;:&quot;&quot;,&quot;focal_length&quot;:&quot;35&quot;,&quot;iso&quot;:&quot;250&quot;,&quot;shutter_speed&quot;:&quot;0.00625&quot;,&quot;title&quot;:&quot;&quot;,&quot;orientation&quot;:&quot;1&quot;}\" data-image-title=\"HENR0479\" data-image-description=\"\" data-image-caption=\"\" data-medium-file=\"https:\/\/p3.no\/wp-content\/uploads\/2025\/11\/HENR0479-1-667x1000.jpg\" data-large-file=\"https:\/\/www.europesays.com\/no\/wp-content\/uploads\/2025\/11\/HENR0479-1-683x1024.jpg\" src=\"https:\/\/www.europesays.com\/no\/wp-content\/uploads\/2025\/11\/HENR0479-1-683x1024.jpg\" alt=\"\" class=\"wp-image-470410\"  \/><strong>Musti<\/strong> med stokk for anledningen: \u2013\u00a0 Det er en 3D-printa \u00abBlack Panther stock\u201d!<\/p>\n<p><img loading=\"lazy\" decoding=\"async\" width=\"683\" height=\"1024\" data-attachment-id=\"470405\" data-permalink=\"https:\/\/p3.no\/henr0425\/\" data-orig-file=\"https:\/\/p3.no\/wp-content\/uploads\/2025\/11\/HENR0425-scaled.jpg\" data-orig-size=\"1707,2560\" data-comments-opened=\"0\" data-image-meta=\"{&quot;aperture&quot;:&quot;5&quot;,&quot;credit&quot;:&quot;&quot;,&quot;camera&quot;:&quot;Canon EOS R6m2&quot;,&quot;caption&quot;:&quot;&quot;,&quot;created_timestamp&quot;:&quot;1764358458&quot;,&quot;copyright&quot;:&quot;&quot;,&quot;focal_length&quot;:&quot;32&quot;,&quot;iso&quot;:&quot;250&quot;,&quot;shutter_speed&quot;:&quot;0.00625&quot;,&quot;title&quot;:&quot;&quot;,&quot;orientation&quot;:&quot;1&quot;}\" data-image-title=\"HENR0425\" data-image-description=\"\" data-image-caption=\"\" data-medium-file=\"https:\/\/p3.no\/wp-content\/uploads\/2025\/11\/HENR0425-667x1000.jpg\" data-large-file=\"https:\/\/www.europesays.com\/no\/wp-content\/uploads\/2025\/11\/HENR0425-683x1024.jpg\" src=\"https:\/\/www.europesays.com\/no\/wp-content\/uploads\/2025\/11\/HENR0425-683x1024.jpg\" alt=\"\" class=\"wp-image-470405\"  \/><strong>Anakin Justin med bro.<\/strong><\/p>\n<p><img loading=\"lazy\" decoding=\"async\" width=\"683\" height=\"1024\" data-attachment-id=\"470463\" data-permalink=\"https:\/\/p3.no\/henr0666\/\" data-orig-file=\"https:\/\/p3.no\/wp-content\/uploads\/2025\/11\/HENR0666-scaled.jpg\" data-orig-size=\"1707,2560\" data-comments-opened=\"0\" data-image-meta=\"{&quot;aperture&quot;:&quot;5&quot;,&quot;credit&quot;:&quot;&quot;,&quot;camera&quot;:&quot;Canon EOS R6m2&quot;,&quot;caption&quot;:&quot;&quot;,&quot;created_timestamp&quot;:&quot;1764361062&quot;,&quot;copyright&quot;:&quot;&quot;,&quot;focal_length&quot;:&quot;37&quot;,&quot;iso&quot;:&quot;320&quot;,&quot;shutter_speed&quot;:&quot;0.00625&quot;,&quot;title&quot;:&quot;&quot;,&quot;orientation&quot;:&quot;1&quot;}\" data-image-title=\"HENR0666\" data-image-description=\"\" data-image-caption=\"\" data-medium-file=\"https:\/\/p3.no\/wp-content\/uploads\/2025\/11\/HENR0666-667x1000.jpg\" data-large-file=\"https:\/\/www.europesays.com\/no\/wp-content\/uploads\/2025\/11\/HENR0666-683x1024.jpg\" src=\"https:\/\/www.europesays.com\/no\/wp-content\/uploads\/2025\/11\/HENR0666-683x1024.jpg\" alt=\"\" class=\"wp-image-470463\"  \/><strong>Christine Dancke<\/strong>: Collab hun vil se i 2026: RocBoyz og SaG.<\/p>\n<p><img loading=\"lazy\" decoding=\"async\" width=\"683\" height=\"1024\" data-attachment-id=\"470368\" data-permalink=\"https:\/\/p3.no\/henr0291\/\" data-orig-file=\"https:\/\/p3.no\/wp-content\/uploads\/2025\/11\/HENR0291-scaled.jpg\" data-orig-size=\"1707,2560\" data-comments-opened=\"0\" data-image-meta=\"{&quot;aperture&quot;:&quot;5&quot;,&quot;credit&quot;:&quot;&quot;,&quot;camera&quot;:&quot;Canon EOS R6m2&quot;,&quot;caption&quot;:&quot;&quot;,&quot;created_timestamp&quot;:&quot;1764356810&quot;,&quot;copyright&quot;:&quot;&quot;,&quot;focal_length&quot;:&quot;46&quot;,&quot;iso&quot;:&quot;250&quot;,&quot;shutter_speed&quot;:&quot;0.00625&quot;,&quot;title&quot;:&quot;&quot;,&quot;orientation&quot;:&quot;1&quot;}\" data-image-title=\"HENR0291\" data-image-description=\"\" data-image-caption=\"\" data-medium-file=\"https:\/\/p3.no\/wp-content\/uploads\/2025\/11\/HENR0291-667x1000.jpg\" data-large-file=\"https:\/\/www.europesays.com\/no\/wp-content\/uploads\/2025\/11\/HENR0291-683x1024.jpg\" src=\"https:\/\/www.europesays.com\/no\/wp-content\/uploads\/2025\/11\/HENR0291-683x1024.jpg\" alt=\"\" class=\"wp-image-470368\"  \/><strong>Maren Walther<\/strong><\/p>\n<p><img loading=\"lazy\" decoding=\"async\" width=\"683\" height=\"1024\" data-attachment-id=\"470314\" data-permalink=\"https:\/\/p3.no\/p3-gull-2025-gul-loper\/henr0131\/\" data-orig-file=\"https:\/\/p3.no\/wp-content\/uploads\/2025\/11\/HENR0131-scaled.jpg\" data-orig-size=\"1707,2560\" data-comments-opened=\"0\" data-image-meta=\"{&quot;aperture&quot;:&quot;5.6&quot;,&quot;credit&quot;:&quot;&quot;,&quot;camera&quot;:&quot;Canon EOS R6m2&quot;,&quot;caption&quot;:&quot;&quot;,&quot;created_timestamp&quot;:&quot;1764355387&quot;,&quot;copyright&quot;:&quot;&quot;,&quot;focal_length&quot;:&quot;24&quot;,&quot;iso&quot;:&quot;250&quot;,&quot;shutter_speed&quot;:&quot;0.00625&quot;,&quot;title&quot;:&quot;&quot;,&quot;orientation&quot;:&quot;1&quot;}\" data-image-title=\"HENR0131\" data-image-description=\"\" data-image-caption=\"\" data-medium-file=\"https:\/\/p3.no\/wp-content\/uploads\/2025\/11\/HENR0131-667x1000.jpg\" data-large-file=\"https:\/\/www.europesays.com\/no\/wp-content\/uploads\/2025\/11\/HENR0131-683x1024.jpg\" src=\"https:\/\/www.europesays.com\/no\/wp-content\/uploads\/2025\/11\/HENR0131-683x1024.jpg\" alt=\"\" class=\"wp-image-470314\"  \/><strong>May<\/strong>: Artisten er nominert til b\u00e5de \u00ab\u00c5rets Gjennombrudd\u00bb og \u00ab\u00c5rets l\u00e5t\u00bb med \u00abGalopp\u00bb: \u2013\u00a0Det er en dr\u00f8m \u00e5 bli nominert! Jeg var her som en pluss \u00e9n i fjor, og det f\u00f8les fake at jeg er her som nominert n\u00e5. Det er ikke ekte, dette er KI!<\/p>\n<p><img loading=\"lazy\" decoding=\"async\" width=\"683\" height=\"1024\" data-attachment-id=\"470422\" data-permalink=\"https:\/\/p3.no\/henr0496\/\" data-orig-file=\"https:\/\/p3.no\/wp-content\/uploads\/2025\/11\/HENR0496-scaled.jpg\" data-orig-size=\"1707,2560\" data-comments-opened=\"0\" data-image-meta=\"{&quot;aperture&quot;:&quot;5&quot;,&quot;credit&quot;:&quot;&quot;,&quot;camera&quot;:&quot;Canon EOS R6m2&quot;,&quot;caption&quot;:&quot;&quot;,&quot;created_timestamp&quot;:&quot;1764359005&quot;,&quot;copyright&quot;:&quot;&quot;,&quot;focal_length&quot;:&quot;24&quot;,&quot;iso&quot;:&quot;250&quot;,&quot;shutter_speed&quot;:&quot;0.00625&quot;,&quot;title&quot;:&quot;&quot;,&quot;orientation&quot;:&quot;1&quot;}\" data-image-title=\"HENR0496\" data-image-description=\"\" data-image-caption=\"\" data-medium-file=\"https:\/\/p3.no\/wp-content\/uploads\/2025\/11\/HENR0496-667x1000.jpg\" data-large-file=\"https:\/\/www.europesays.com\/no\/wp-content\/uploads\/2025\/11\/HENR0496-683x1024.jpg\" src=\"https:\/\/www.europesays.com\/no\/wp-content\/uploads\/2025\/11\/HENR0496-683x1024.jpg\" alt=\"\" class=\"wp-image-470422\"  \/><strong>Golf + Olivia Lobato<\/strong>: Disse er nominert til \u00ab\u00c5rets l\u00e5t\u00bb med \u00abEkko\u00bb: \u2013\u00a0 Vi h\u00e5per jo vi tar med oss en pris. Ei litta gul en p\u00e5 hylla, sier Golf. <\/p>\n<p><img loading=\"lazy\" decoding=\"async\" width=\"683\" height=\"1024\" data-attachment-id=\"470362\" data-permalink=\"https:\/\/p3.no\/henr0213\/\" data-orig-file=\"https:\/\/p3.no\/wp-content\/uploads\/2025\/11\/HENR0213-scaled.jpg\" data-orig-size=\"1707,2560\" data-comments-opened=\"0\" data-image-meta=\"{&quot;aperture&quot;:&quot;5&quot;,&quot;credit&quot;:&quot;&quot;,&quot;camera&quot;:&quot;Canon EOS R6m2&quot;,&quot;caption&quot;:&quot;&quot;,&quot;created_timestamp&quot;:&quot;1764356171&quot;,&quot;copyright&quot;:&quot;&quot;,&quot;focal_length&quot;:&quot;27&quot;,&quot;iso&quot;:&quot;250&quot;,&quot;shutter_speed&quot;:&quot;0.00625&quot;,&quot;title&quot;:&quot;&quot;,&quot;orientation&quot;:&quot;1&quot;}\" data-image-title=\"HENR0213\" data-image-description=\"\" data-image-caption=\"\" data-medium-file=\"https:\/\/p3.no\/wp-content\/uploads\/2025\/11\/HENR0213-667x1000.jpg\" data-large-file=\"https:\/\/www.europesays.com\/no\/wp-content\/uploads\/2025\/11\/HENR0213-683x1024.jpg\" src=\"https:\/\/www.europesays.com\/no\/wp-content\/uploads\/2025\/11\/HENR0213-683x1024.jpg\" alt=\"\" class=\"wp-image-470362\"  \/><strong>Emelie Hollow<\/strong> fikk sp\u00f8rsm\u00e5l om hun kunne beskrive musikk\u00e5ret 2025 med et ord, og svarte: \u2013\u00a0Wow!<\/p>\n<p><img loading=\"lazy\" decoding=\"async\" width=\"683\" height=\"1024\" data-attachment-id=\"470342\" data-permalink=\"https:\/\/p3.no\/henr0224\/\" data-orig-file=\"https:\/\/p3.no\/wp-content\/uploads\/2025\/11\/HENR0224-scaled.jpg\" data-orig-size=\"1707,2560\" data-comments-opened=\"0\" data-image-meta=\"{&quot;aperture&quot;:&quot;5&quot;,&quot;credit&quot;:&quot;&quot;,&quot;camera&quot;:&quot;Canon EOS R6m2&quot;,&quot;caption&quot;:&quot;&quot;,&quot;created_timestamp&quot;:&quot;1764356309&quot;,&quot;copyright&quot;:&quot;&quot;,&quot;focal_length&quot;:&quot;33&quot;,&quot;iso&quot;:&quot;250&quot;,&quot;shutter_speed&quot;:&quot;0.00625&quot;,&quot;title&quot;:&quot;&quot;,&quot;orientation&quot;:&quot;1&quot;}\" data-image-title=\"HENR0224\" data-image-description=\"\" data-image-caption=\"\" data-medium-file=\"https:\/\/p3.no\/wp-content\/uploads\/2025\/11\/HENR0224-667x1000.jpg\" data-large-file=\"https:\/\/www.europesays.com\/no\/wp-content\/uploads\/2025\/11\/HENR0224-683x1024.jpg\" src=\"https:\/\/www.europesays.com\/no\/wp-content\/uploads\/2025\/11\/HENR0224-683x1024.jpg\" alt=\"\" class=\"wp-image-470342\"  \/><strong>Kissimjau<\/strong><\/p>\n<p><img loading=\"lazy\" decoding=\"async\" width=\"683\" height=\"1024\" data-attachment-id=\"470331\" data-permalink=\"https:\/\/p3.no\/henr0192\/\" data-orig-file=\"https:\/\/p3.no\/wp-content\/uploads\/2025\/11\/HENR0192-scaled.jpg\" data-orig-size=\"1707,2560\" data-comments-opened=\"0\" data-image-meta=\"{&quot;aperture&quot;:&quot;5&quot;,&quot;credit&quot;:&quot;&quot;,&quot;camera&quot;:&quot;Canon EOS R6m2&quot;,&quot;caption&quot;:&quot;&quot;,&quot;created_timestamp&quot;:&quot;1764356048&quot;,&quot;copyright&quot;:&quot;&quot;,&quot;focal_length&quot;:&quot;28&quot;,&quot;iso&quot;:&quot;250&quot;,&quot;shutter_speed&quot;:&quot;0.00625&quot;,&quot;title&quot;:&quot;&quot;,&quot;orientation&quot;:&quot;1&quot;}\" data-image-title=\"HENR0192\" data-image-description=\"\" data-image-caption=\"\" data-medium-file=\"https:\/\/p3.no\/wp-content\/uploads\/2025\/11\/HENR0192-667x1000.jpg\" data-large-file=\"https:\/\/www.europesays.com\/no\/wp-content\/uploads\/2025\/11\/HENR0192-683x1024.jpg\" src=\"https:\/\/www.europesays.com\/no\/wp-content\/uploads\/2025\/11\/HENR0192-683x1024.jpg\" alt=\"\" class=\"wp-image-470331\"  \/><strong>Moyka<\/strong><\/p>\n<p><img loading=\"lazy\" decoding=\"async\" width=\"683\" height=\"1024\" data-attachment-id=\"470332\" data-permalink=\"https:\/\/p3.no\/henr0179\/\" data-orig-file=\"https:\/\/p3.no\/wp-content\/uploads\/2025\/11\/HENR0179-scaled.jpg\" data-orig-size=\"1707,2560\" data-comments-opened=\"0\" data-image-meta=\"{&quot;aperture&quot;:&quot;5&quot;,&quot;credit&quot;:&quot;&quot;,&quot;camera&quot;:&quot;Canon EOS R6m2&quot;,&quot;caption&quot;:&quot;&quot;,&quot;created_timestamp&quot;:&quot;1764355978&quot;,&quot;copyright&quot;:&quot;&quot;,&quot;focal_length&quot;:&quot;24&quot;,&quot;iso&quot;:&quot;250&quot;,&quot;shutter_speed&quot;:&quot;0.00625&quot;,&quot;title&quot;:&quot;&quot;,&quot;orientation&quot;:&quot;1&quot;}\" data-image-title=\"HENR0179\" data-image-description=\"\" data-image-caption=\"\" data-medium-file=\"https:\/\/p3.no\/wp-content\/uploads\/2025\/11\/HENR0179-667x1000.jpg\" data-large-file=\"https:\/\/www.europesays.com\/no\/wp-content\/uploads\/2025\/11\/HENR0179-683x1024.jpg\" src=\"https:\/\/www.europesays.com\/no\/wp-content\/uploads\/2025\/11\/HENR0179-683x1024.jpg\" alt=\"\" class=\"wp-image-470332\"  \/><strong>Iris Caltwait<\/strong><\/p>\n<p><img loading=\"lazy\" decoding=\"async\" width=\"683\" height=\"1024\" data-attachment-id=\"470317\" data-permalink=\"https:\/\/p3.no\/henr0125\/\" data-orig-file=\"https:\/\/p3.no\/wp-content\/uploads\/2025\/11\/HENR0125-scaled.jpg\" data-orig-size=\"1707,2560\" data-comments-opened=\"0\" data-image-meta=\"{&quot;aperture&quot;:&quot;5.6&quot;,&quot;credit&quot;:&quot;&quot;,&quot;camera&quot;:&quot;Canon EOS R6m2&quot;,&quot;caption&quot;:&quot;&quot;,&quot;created_timestamp&quot;:&quot;1764355362&quot;,&quot;copyright&quot;:&quot;&quot;,&quot;focal_length&quot;:&quot;24&quot;,&quot;iso&quot;:&quot;250&quot;,&quot;shutter_speed&quot;:&quot;0.00625&quot;,&quot;title&quot;:&quot;&quot;,&quot;orientation&quot;:&quot;1&quot;}\" data-image-title=\"HENR0125\" data-image-description=\"\" data-image-caption=\"\" data-medium-file=\"https:\/\/p3.no\/wp-content\/uploads\/2025\/11\/HENR0125-667x1000.jpg\" data-large-file=\"https:\/\/www.europesays.com\/no\/wp-content\/uploads\/2025\/11\/HENR0125-683x1024.jpg\" src=\"https:\/\/www.europesays.com\/no\/wp-content\/uploads\/2025\/11\/HENR0125-683x1024.jpg\" alt=\"\" class=\"wp-image-470317\" style=\"width:840px;height:auto\"  \/><strong>Klossmajor<\/strong><\/p>\n<p><img loading=\"lazy\" decoding=\"async\" width=\"683\" height=\"1024\" data-attachment-id=\"470338\" data-permalink=\"https:\/\/p3.no\/henr0187\/\" data-orig-file=\"https:\/\/p3.no\/wp-content\/uploads\/2025\/11\/HENR0187-scaled.jpg\" data-orig-size=\"1707,2560\" data-comments-opened=\"0\" data-image-meta=\"{&quot;aperture&quot;:&quot;5&quot;,&quot;credit&quot;:&quot;&quot;,&quot;camera&quot;:&quot;Canon EOS R6m2&quot;,&quot;caption&quot;:&quot;&quot;,&quot;created_timestamp&quot;:&quot;1764356012&quot;,&quot;copyright&quot;:&quot;&quot;,&quot;focal_length&quot;:&quot;28&quot;,&quot;iso&quot;:&quot;250&quot;,&quot;shutter_speed&quot;:&quot;0.00625&quot;,&quot;title&quot;:&quot;&quot;,&quot;orientation&quot;:&quot;1&quot;}\" data-image-title=\"HENR0187\" data-image-description=\"\" data-image-caption=\"\" data-medium-file=\"https:\/\/p3.no\/wp-content\/uploads\/2025\/11\/HENR0187-667x1000.jpg\" data-large-file=\"https:\/\/www.europesays.com\/no\/wp-content\/uploads\/2025\/11\/HENR0187-683x1024.jpg\" src=\"https:\/\/www.europesays.com\/no\/wp-content\/uploads\/2025\/11\/HENR0187-683x1024.jpg\" alt=\"\" class=\"wp-image-470338\"  \/><strong>Seinabo Sey<\/strong><\/p>\n<p><img loading=\"lazy\" decoding=\"async\" width=\"683\" height=\"1024\" data-attachment-id=\"470310\" data-permalink=\"https:\/\/p3.no\/henr0085\/\" data-orig-file=\"https:\/\/p3.no\/wp-content\/uploads\/2025\/11\/HENR0085-scaled.jpg\" data-orig-size=\"1707,2560\" data-comments-opened=\"0\" data-image-meta=\"{&quot;aperture&quot;:&quot;5.6&quot;,&quot;credit&quot;:&quot;&quot;,&quot;camera&quot;:&quot;Canon EOS R6m2&quot;,&quot;caption&quot;:&quot;&quot;,&quot;created_timestamp&quot;:&quot;1764353713&quot;,&quot;copyright&quot;:&quot;&quot;,&quot;focal_length&quot;:&quot;24&quot;,&quot;iso&quot;:&quot;400&quot;,&quot;shutter_speed&quot;:&quot;0.00625&quot;,&quot;title&quot;:&quot;&quot;,&quot;orientation&quot;:&quot;1&quot;}\" data-image-title=\"HENR0085\" data-image-description=\"\" data-image-caption=\"\" data-medium-file=\"https:\/\/p3.no\/wp-content\/uploads\/2025\/11\/HENR0085-667x1000.jpg\" data-large-file=\"https:\/\/www.europesays.com\/no\/wp-content\/uploads\/2025\/11\/HENR0085-683x1024.jpg\" src=\"https:\/\/www.europesays.com\/no\/wp-content\/uploads\/2025\/11\/HENR0085-683x1024.jpg\" alt=\"\" class=\"wp-image-470310\"  \/><strong>Jonas Bergl\u00f8v og Arin Soltanpanah<\/strong> fra \u00abP3 Morgen\u00bb: \u2013\u00a0Jeg er mest spent om det kommer noen tabber. Samtidig f\u00f8ler jeg ikke at det kan bli noen tabber n\u00e5r man har med Kork, eller kanskje det er de som driter seg ut? <\/p>\n<p><img loading=\"lazy\" decoding=\"async\" width=\"683\" height=\"1024\" data-attachment-id=\"470305\" data-permalink=\"https:\/\/p3.no\/p3-gull-2025-gul-loper\/henr0067\/\" data-orig-file=\"https:\/\/p3.no\/wp-content\/uploads\/2025\/11\/HENR0067-scaled.jpg\" data-orig-size=\"1707,2560\" data-comments-opened=\"0\" data-image-meta=\"{&quot;aperture&quot;:&quot;5.6&quot;,&quot;credit&quot;:&quot;&quot;,&quot;camera&quot;:&quot;Canon EOS R6m2&quot;,&quot;caption&quot;:&quot;&quot;,&quot;created_timestamp&quot;:&quot;1764353507&quot;,&quot;copyright&quot;:&quot;&quot;,&quot;focal_length&quot;:&quot;24&quot;,&quot;iso&quot;:&quot;320&quot;,&quot;shutter_speed&quot;:&quot;0.00625&quot;,&quot;title&quot;:&quot;&quot;,&quot;orientation&quot;:&quot;1&quot;}\" data-image-title=\"HENR0067\" data-image-description=\"\" data-image-caption=\"\" data-medium-file=\"https:\/\/p3.no\/wp-content\/uploads\/2025\/11\/HENR0067-667x1000.jpg\" data-large-file=\"https:\/\/www.europesays.com\/no\/wp-content\/uploads\/2025\/11\/HENR0067-683x1024.jpg\" src=\"https:\/\/www.europesays.com\/no\/wp-content\/uploads\/2025\/11\/HENR0067-683x1024.jpg\" alt=\"\" class=\"wp-image-470305\"  \/><strong>Anna Nor S\u00f8rensen<\/strong> fra P3-programmet \u00abAnna\u00bb: \u2013\u00a0Jeg er spent p\u00e5 hva som blir snakkisen etter i kveld. En ting er kvelden, men jeg gleder meg nesten like mye til \u00e5 sladre i morgen. <\/p>\n<p class=\"has-text-align-center\"><strong>Journalister<\/strong>:<br \/><a href=\"https:\/\/p3.no\/p3-gull-2025-gul-loper\/mailto: Espen.Roness@nrk.no\" rel=\"nofollow noopener\" target=\"_blank\">Espen Roness<\/a> + <a href=\"https:\/\/p3.no\/p3-gull-2025-gul-loper\/mailto:Mari.Grinna.Hagen@nrk.no\" rel=\"nofollow noopener\" target=\"_blank\">Mari Grinna Hagen<\/a> + Ruben Gr\u00f8ndahl Utaker + Frida Wattne Lindland<\/p>\n<p class=\"has-text-align-center\"><strong>All foto:<\/strong><br \/><a href=\"https:\/\/p3.no\/p3-gull-2025-gul-loper\/mailto:Henriette.Dahli@nrk.no\" rel=\"nofollow noopener\" target=\"_blank\">Henriette D\u00e6hli<\/a><\/p>\n<p class=\"has-text-align-center\"><strong>MER OM \u00abP3 GULL\u00bb HER:<\/strong><\/p>\n","protected":false},"excerpt":{"rendered":"Se bildene fra \u00abgul l\u00f8per\u00bb p\u00e5 \u00abP3 Gull\u00bb! Publisert 28.11.25, kl 17:47. \/ Oppdatert 28.11.25, kl 19:36. Alle&hellip;\n","protected":false},"author":2,"featured_media":99414,"comment_status":"","ping_status":"","sticky":false,"template":"","format":"standard","meta":{"footnotes":""},"categories":[5],"tags":[20,21,24,25,15,19,22,23,17,18,13,30,28,29,14,16,26,27],"class_list":{"0":"post-99413","1":"post","2":"type-post","3":"status-publish","4":"format-standard","5":"has-post-thumbnail","7":"category-overskrifter","8":"tag-breaking-news","9":"tag-breakingnews","10":"tag-featured-news","11":"tag-featurednews","12":"tag-headlines","13":"tag-hovedoppslag","14":"tag-latest-news","15":"tag-latestnews","16":"tag-main-news","17":"tag-mainnews","18":"tag-news","19":"tag-no","20":"tag-norge","21":"tag-norway","22":"tag-nyheter","23":"tag-overskrifter","24":"tag-top-stories","25":"tag-topstories"},"share_on_mastodon":{"url":"https:\/\/pubeurope.com\/@no\/115628787192487864","error":""},"_links":{"self":[{"href":"https:\/\/www.europesays.com\/no\/wp-json\/wp\/v2\/posts\/99413","targetHints":{"allow":["GET"]}}],"collection":[{"href":"https:\/\/www.europesays.com\/no\/wp-json\/wp\/v2\/posts"}],"about":[{"href":"https:\/\/www.europesays.com\/no\/wp-json\/wp\/v2\/types\/post"}],"author":[{"embeddable":true,"href":"https:\/\/www.europesays.com\/no\/wp-json\/wp\/v2\/users\/2"}],"replies":[{"embeddable":true,"href":"https:\/\/www.europesays.com\/no\/wp-json\/wp\/v2\/comments?post=99413"}],"version-history":[{"count":0,"href":"https:\/\/www.europesays.com\/no\/wp-json\/wp\/v2\/posts\/99413\/revisions"}],"wp:featuredmedia":[{"embeddable":true,"href":"https:\/\/www.europesays.com\/no\/wp-json\/wp\/v2\/media\/99414"}],"wp:attachment":[{"href":"https:\/\/www.europesays.com\/no\/wp-json\/wp\/v2\/media?parent=99413"}],"wp:term":[{"taxonomy":"category","embeddable":true,"href":"https:\/\/www.europesays.com\/no\/wp-json\/wp\/v2\/categories?post=99413"},{"taxonomy":"post_tag","embeddable":true,"href":"https:\/\/www.europesays.com\/no\/wp-json\/wp\/v2\/tags?post=99413"}],"curies":[{"name":"wp","href":"https:\/\/api.w.org\/{rel}","templated":true}]}}