{"id":99419,"date":"2025-11-28T18:45:09","date_gmt":"2025-11-28T18:45:09","guid":{"rendered":"https:\/\/www.europesays.com\/no\/99419\/"},"modified":"2025-11-28T18:45:09","modified_gmt":"2025-11-28T18:45:09","slug":"troms-trafikkulykke-alvorlig-ulykke-i-troms-livreddende-innsats-pagar","status":"publish","type":"post","link":"https:\/\/www.europesays.com\/no\/99419\/","title":{"rendered":"Troms, Trafikkulykke | Alvorlig ulykke i Troms: \u2013 Livreddende innsats p\u00e5g\u00e5r"},"content":{"rendered":"\n<p>\u2013 Fremst\u00e5r som en alvorlig ulykke, skriver operasjonsleder Christian Andreassen i Troms politidistrikt i politiloggen.<\/p>\n<p>Brannvesenet er p\u00e5 stedet og har satt i gang livreddende innsats, skriver Andreassen i en oppdatering.<\/p>\n<p>Luftambulansen landet p\u00e5 stedet i 18.30-tiden og veien er stengt s\u00e5 lenge n\u00f8detatene jobber p\u00e5 stedet.<\/p>\n<p>\u2013 Innledende unders\u00f8kelser p\u00e5 stedet gj\u00f8r at vi n\u00e5 har en hovedhypotese om at det er et illebefinnende som er \u00e5rsaken til utforkj\u00f8ringen.<\/p>\n<p>Politiet meldte om ulykken 17.23 fredag ettermiddag.<\/p>\n","protected":false},"excerpt":{"rendered":"\u2013 Fremst\u00e5r som en alvorlig ulykke, skriver operasjonsleder Christian Andreassen i Troms politidistrikt i politiloggen. Brannvesenet er p\u00e5&hellip;\n","protected":false},"author":2,"featured_media":3844,"comment_status":"","ping_status":"","sticky":false,"template":"","format":"standard","meta":{"footnotes":""},"categories":[10],"tags":[20,21,24,25,15,22,23,13,30,28,29,14,16,26,27],"class_list":{"0":"post-99419","1":"post","2":"type-post","3":"status-publish","4":"format-standard","5":"has-post-thumbnail","7":"category-norge","8":"tag-breaking-news","9":"tag-breakingnews","10":"tag-featured-news","11":"tag-featurednews","12":"tag-headlines","13":"tag-latest-news","14":"tag-latestnews","15":"tag-news","16":"tag-no","17":"tag-norge","18":"tag-norway","19":"tag-nyheter","20":"tag-overskrifter","21":"tag-top-stories","22":"tag-topstories"},"share_on_mastodon":{"url":"https:\/\/pubeurope.com\/@no\/115628810243291191","error":""},"_links":{"self":[{"href":"https:\/\/www.europesays.com\/no\/wp-json\/wp\/v2\/posts\/99419","targetHints":{"allow":["GET"]}}],"collection":[{"href":"https:\/\/www.europesays.com\/no\/wp-json\/wp\/v2\/posts"}],"about":[{"href":"https:\/\/www.europesays.com\/no\/wp-json\/wp\/v2\/types\/post"}],"author":[{"embeddable":true,"href":"https:\/\/www.europesays.com\/no\/wp-json\/wp\/v2\/users\/2"}],"replies":[{"embeddable":true,"href":"https:\/\/www.europesays.com\/no\/wp-json\/wp\/v2\/comments?post=99419"}],"version-history":[{"count":0,"href":"https:\/\/www.europesays.com\/no\/wp-json\/wp\/v2\/posts\/99419\/revisions"}],"wp:featuredmedia":[{"embeddable":true,"href":"https:\/\/www.europesays.com\/no\/wp-json\/wp\/v2\/media\/3844"}],"wp:attachment":[{"href":"https:\/\/www.europesays.com\/no\/wp-json\/wp\/v2\/media?parent=99419"}],"wp:term":[{"taxonomy":"category","embeddable":true,"href":"https:\/\/www.europesays.com\/no\/wp-json\/wp\/v2\/categories?post=99419"},{"taxonomy":"post_tag","embeddable":true,"href":"https:\/\/www.europesays.com\/no\/wp-json\/wp\/v2\/tags?post=99419"}],"curies":[{"name":"wp","href":"https:\/\/api.w.org\/{rel}","templated":true}]}}