{"id":99420,"date":"2025-11-28T18:46:08","date_gmt":"2025-11-28T18:46:08","guid":{"rendered":"https:\/\/www.europesays.com\/no\/99420\/"},"modified":"2025-11-28T18:46:08","modified_gmt":"2025-11-28T18:46:08","slug":"alvorlig-trafikkulykke-i-dyroy-nrk-troms-og-finnmark","status":"publish","type":"post","link":"https:\/\/www.europesays.com\/no\/99420\/","title":{"rendered":"Alvorlig trafikkulykke i Dyr\u00f8y \u2013 NRK Troms og Finnmark"},"content":{"rendered":"<p>Politiet skrev kl. 18.34 at hellikopteret hadde landet, og at veien vil v\u00e6re stengt helt til n\u00f8detatene er ferdige p\u00e5 stedet.<\/p>\n<p>Kl. 17.05 fikk poliet melding av forbipasserende om en bil som hadde kj\u00f8rt av veien.<\/p>\n<p>\u2013 Det skal v\u00e6re \u00e9n person som befant seg i den bilen, sier operasjonsleder i Troms politidistrikt, Christian Andreassen.<\/p>\n<p>\u2013 Hovedhypotese om at det er et illebefinnende som er \u00e5rsaken til utforkj\u00f8ringen, sier operasjonslederen.<\/p>\n<p><strong>F\u00f8rste enhet fra brannvesenet har iverksatte livreddende f\u00f8rstehjelp.<\/strong><\/p>\n<p>Veien er stengt i begge retninger, <a href=\"https:\/\/www.vegvesen.no\/trafikk\/trafikkmeldinger\/NPRA_HBT_28-11-2025.194292?lng=17.49913&amp;lat=68.99984&amp;zoom=10\" ec-id=\"https:\/\/www.vegvesen.no\/trafikk\/trafikkmeldinger\/NPRA_HBT_28-11-2025.194292\" ec-name=\"opplyser vegvesenet.\" rel=\"nofollow noopener\" target=\"_blank\">opplyser vegvesenet. <\/a><\/p>\n<p>Publisert<\/p>\n<p>28.11.2025, kl. 17.40<\/p>\n<p>Oppdatert<\/p>\n<p>28.11.2025, kl. 18.40<\/p>\n","protected":false},"excerpt":{"rendered":"Politiet skrev kl. 18.34 at hellikopteret hadde landet, og at veien vil v\u00e6re stengt helt til n\u00f8detatene er&hellip;\n","protected":false},"author":2,"featured_media":99421,"comment_status":"","ping_status":"","sticky":false,"template":"","format":"standard","meta":{"footnotes":""},"categories":[5],"tags":[20,21,24,25,15,19,22,23,17,18,13,30,28,29,14,16,26,27],"class_list":{"0":"post-99420","1":"post","2":"type-post","3":"status-publish","4":"format-standard","5":"has-post-thumbnail","7":"category-overskrifter","8":"tag-breaking-news","9":"tag-breakingnews","10":"tag-featured-news","11":"tag-featurednews","12":"tag-headlines","13":"tag-hovedoppslag","14":"tag-latest-news","15":"tag-latestnews","16":"tag-main-news","17":"tag-mainnews","18":"tag-news","19":"tag-no","20":"tag-norge","21":"tag-norway","22":"tag-nyheter","23":"tag-overskrifter","24":"tag-top-stories","25":"tag-topstories"},"share_on_mastodon":{"url":"https:\/\/pubeurope.com\/@no\/115628814178416703","error":""},"_links":{"self":[{"href":"https:\/\/www.europesays.com\/no\/wp-json\/wp\/v2\/posts\/99420","targetHints":{"allow":["GET"]}}],"collection":[{"href":"https:\/\/www.europesays.com\/no\/wp-json\/wp\/v2\/posts"}],"about":[{"href":"https:\/\/www.europesays.com\/no\/wp-json\/wp\/v2\/types\/post"}],"author":[{"embeddable":true,"href":"https:\/\/www.europesays.com\/no\/wp-json\/wp\/v2\/users\/2"}],"replies":[{"embeddable":true,"href":"https:\/\/www.europesays.com\/no\/wp-json\/wp\/v2\/comments?post=99420"}],"version-history":[{"count":0,"href":"https:\/\/www.europesays.com\/no\/wp-json\/wp\/v2\/posts\/99420\/revisions"}],"wp:featuredmedia":[{"embeddable":true,"href":"https:\/\/www.europesays.com\/no\/wp-json\/wp\/v2\/media\/99421"}],"wp:attachment":[{"href":"https:\/\/www.europesays.com\/no\/wp-json\/wp\/v2\/media?parent=99420"}],"wp:term":[{"taxonomy":"category","embeddable":true,"href":"https:\/\/www.europesays.com\/no\/wp-json\/wp\/v2\/categories?post=99420"},{"taxonomy":"post_tag","embeddable":true,"href":"https:\/\/www.europesays.com\/no\/wp-json\/wp\/v2\/tags?post=99420"}],"curies":[{"name":"wp","href":"https:\/\/api.w.org\/{rel}","templated":true}]}}