{"id":99424,"date":"2025-11-28T18:52:07","date_gmt":"2025-11-28T18:52:07","guid":{"rendered":"https:\/\/www.europesays.com\/no\/99424\/"},"modified":"2025-11-28T18:52:07","modified_gmt":"2025-11-28T18:52:07","slug":"reagerer-pa-forskjellsbehandling-for-bygging-i-strandsona-nrk-sorlandet-lokale-nyheter-tv-og-radio","status":"publish","type":"post","link":"https:\/\/www.europesays.com\/no\/99424\/","title":{"rendered":"Reagerer p\u00e5 forskjellsbehandling for bygging i strandsona \u2013 NRK S\u00f8rlandet \u2013 Lokale nyheter, TV og radio"},"content":{"rendered":"<p>Saken oppsummert <\/p>\n<ul>\n<li>Lokale politikere i Tvedestrand reagerer p\u00e5 statsforvalterens avslag om bygging av en hel\u00e5rsbolig 75 meter fra sj\u00f8en, og mener det er forskjellsbehandling.<\/li>\n<li>De viser til at kunnskapsminister Kari Nessa Nordtun fikk bygge en hytte 11,5 meter fra sj\u00f8en i Farsund uten innsigelser fra statsforvalteren.<\/li>\n<li>Statsforvalter Gina Lund avviser anklagene og p\u00e5peker at like saker behandles likt, men at ulike fakta kan gi ulike avgj\u00f8relser.<\/li>\n<li>Stortingspolitiker Haagen Poppe (H) \u00f8nsker en gjennomgang av reglene for bygging i strandsonen, med fokus p\u00e5 forskjellen mellom bebygde og ubebygde omr\u00e5der.<\/li>\n<li>Lokale innbyggere i Gjeving mener avslaget p\u00e5 boligen er urimelig, da det er umulig \u00e5 komme ned til vannet fra den aktuelle tomten.<\/li>\n<\/ul>\n<p>Oppsummeringen er laget av en KI-tjeneste fra OpenAI. Innholdet er kvalitetssikret av NRKs journalister f\u00f8r publisering.<\/p>\n<p><strong>\u2013 Dette her kaller vi ingen strandsone selv om tomta ligger 75 meter fra sj\u00f8en. Det g\u00e5r ikke an \u00e5 g\u00e5 ned til sj\u00f8en uansett hvor du g\u00e5r hen, sier Jan Marcussen. <\/strong><\/p>\n<p>Den tidligere politikeren i Tvedestrand st\u00e5r p\u00e5 en fjellknaus p\u00e5 Gjeving i Tvedestrand. Her har de lokale politikerne sagt ja til en ny bolig, men statsforvalteren i Agder overpr\u00f8vde vedtaket.<\/p>\n<p>Marcussen og Morten Foss (Sp) som leder planutvalget i Tvedestrand reagerer p\u00e5 det de mener er forskjellsbehandling fra statsforvalterens side.<\/p>\n<p>    <img alt=\"En sm\u00e5b\u00e5t med en person n\u00e6rmer seg en moderne hytte ved vannet. Hytta st\u00e5r p\u00e5 en steinete h\u00f8yde omgitt av tr\u00e6r. Vannet reflekterer himmelen og landskapet rundt. Bakgrunnen viser en klar himmel med enkelte skyer.\"  loading=\"lazy\"\/><img alt=\"En arkitekttegning av en bolig i terreng\"  loading=\"lazy\"\/><\/p>\n<p>Det f\u00f8rste bildet viser hytta kunnskapsministeren f\u00e5r bygge 11,5 meter fra sj\u00f8en i Farsund. Det andre bildet viser en bolig Statsforvalteren sier nei til, 75 meter fra sj\u00f8en.<\/p>\n<p>Illustrasjoner: :ERIK TVEIT SIVILARKITEKT AS og HELLEVIK HUS<\/p>\n<p>De viser til hytta som kunnskapsminister Kari Nessa Nordtun (Ap) og familien <a href=\"https:\/\/www.nrk.no\/sorlandet\/kunnskapsministeren-far-bygge-i-strandsonen-1.17667281\" ec-id=\"pp:article:1.17667281\" ec-name=\"f\u00e5r bygge 11, 5 meter fra strandkanten i Farsund uten at statsforvalteren grep inn.\" rel=\"nofollow noopener\" target=\"_blank\">f\u00e5r bygge 11, 5 meter fra strandkanten i Farsund uten at statsforvalteren grep inn.<\/a><\/p>\n<p>\u2013 Det er en hytte p\u00e5 130 kvadrat som er splitter ny, med brygge og alt og den ligger 11 meter fra sj\u00f8en. Her hadde statsforvalteren ingen innsigelser i det hele tatt. Det er helt utrolig, sier Marcussen.<\/p>\n<p>\u2013 Like saker behandles likt<\/p>\n<p>Statsforvalter i Agder Gina Lund sier hun ikke kan g\u00e5 inn i enkeltsaker som hun ikke kjenner i detalj.<\/p>\n<p>\u2013 P\u00e5 generelt grunnlag kan jeg si at like saker behandles likt, og at ulike fakta gir ulike utslag, sier Lund.<\/p>\n<p><strong>Hun opplyser til NRK at de hittil i \u00e5r har hatt 1100 dispensasjoner. Det vil si vedtak som er i strid med det generelle byggeforbudet i strandsonen.<\/strong><\/p>\n<p><img decoding=\"async\"   src=\"data:image\/gif;base64,R0lGODlhAQABAIAAAAAAAP\/\/\/yH5BAEAAAAALAAAAAABAAEAAAIBRAA7\" loading=\"eager\" alt=\"Statsforvalter i Agder Gina Lund\" title=\"Foto: Svein Sundsdal\"\/><\/p>\n<p class=\"\">Statsforvalter i Agder Gina Lund sier Agder har en strandsone som er av uvurderlig betydning og at de \u00f8nsker \u00e5 ta vare p\u00e5 den. <\/p>\n<p>Foto: Svein Sundsdal<\/p>\n<p>Hun sier at det er kommunene som skal s\u00f8rge for at de nasjonale lovene og reglene overholdes.<\/p>\n<p>\u2013 Det er i kommunene at de riktige reglene m\u00e5 fattes, sier Lund.<\/p>\n<p>NRK fortalte torsdag at statsforvalteren skal gj\u00f8re en <a href=\"https:\/\/www.nrk.no\/sorlandet\/ut-mot-statsforvalterens-lovlighetskontroll_---kommer-lovlig-sent-1.17670527\" ec-id=\"pp:article:1.17670527\" ec-name=\"lovlighetskontroll av vedtaket til kunnskapsministerens hytte i Farsund.\" rel=\"nofollow noopener\" target=\"_blank\">lovlighetskontroll av vedtaket til kunnskapsministerens hytte i Farsund. <\/a><\/p>\n<p>Vil skille mellom bebygd og ubebygd<\/p>\n<p><strong>Stortingspolitiker Haagen Poppe (H) fra Arendal \u00f8nsker en full gjennomgang p\u00e5 Stortinget om bygging i strandsonen. <\/strong><\/p>\n<p>Han mener reglene for bygging i strandsonen der strandsonen allerede er nedbygd b\u00f8r mykes opp. I Farsund sto det allerede en hytte og et anneks p\u00e5 tomta hvor kunnskapsministeren og familien vil bygge ny hytte.<\/p>\n<p>\u2013 Vi b\u00f8r skille mellom det som allerede er nedbygd og det som er jomfruelig mark, alts\u00e5 ubebygd. Det tillater ikke dagens retningslinjer for bygging langs strandlinja, sier Poppe.<\/p>\n<p><img decoding=\"async\"   src=\"data:image\/gif;base64,R0lGODlhAQABAIAAAAAAAP\/\/\/yH5BAEAAAAALAAAAAABAAEAAAIBRAA7\" loading=\"eager\" alt=\"Stortingskandidat fra h\u00f8yre Haagen Poppe p\u00e5 valgvake i Arendal.\" title=\"Foto: Espen Bierud \/ NRK\"\/><\/p>\n<p class=\"\">Stortingspolitiker Haagen Poppe (H) mener dagens retningslinjer for bygging i strandsona b\u00f8r diskuteres p\u00e5 nytt. <\/p>\n<p>Foto: Espen Bierud \/ NRK<\/p>\n<p>\u2013 M\u00e5 v\u00e6re ryddig<\/p>\n<p>I Gjeving i Tvedestrand har Gjeving Vel engasjert seg i saken om hel\u00e5rsboligen p\u00e5 fjellknausen som fikk nei av statsforvalteren.<\/p>\n<p><strong>Leder i velforeninga Aasulv L\u00f8vdal mener vedtaket er \u00abunderlig galt\u00bb og at det er urimelig fordi det er umulig \u00e5 ta seg ned til vannet fra fjellknausen.<\/strong><\/p>\n<p>\u2013 N\u00e5r vi n\u00e5 opplever at man andre steder f\u00e5r lov til \u00e5 bygge helt inntil tanga omtrent s\u00e5 blir vi oppgitte. Det m\u00e5 v\u00e6re ryddig slik at loven er lik for alle, sier L\u00f8vdal.<\/p>\n<p><img decoding=\"async\"   src=\"data:image\/gif;base64,R0lGODlhAQABAIAAAAAAAP\/\/\/yH5BAEAAAAALAAAAAABAAEAAAIBRAA7\" loading=\"eager\" alt=\"En mann st\u00e5r ved en b\u00e5thavn. Han har p\u00e5 seg en svart regnjakke med hette.\" title=\"Foto: Siv Kristin S\u00e6llmann \/ NRK\"\/><\/p>\n<p class=\"\">Leder av Gjeving vel Aasulv L\u00f8vdal forteller at boligen som fikk nei av statsforvalter knapt er synlig fra andre siden av sundet.<\/p>\n<p>Foto: Siv Kristin S\u00e6llmann \/ NRK<\/p>\n<p>Publisert<\/p>\n<p>28.11.2025, kl. 19.21<\/p>\n","protected":false},"excerpt":{"rendered":"Saken oppsummert Lokale politikere i Tvedestrand reagerer p\u00e5 statsforvalterens avslag om bygging av en hel\u00e5rsbolig 75 meter fra&hellip;\n","protected":false},"author":2,"featured_media":99425,"comment_status":"","ping_status":"","sticky":false,"template":"","format":"standard","meta":{"footnotes":""},"categories":[10],"tags":[20,21,24,25,15,22,23,13,30,28,29,14,16,26,27],"class_list":{"0":"post-99424","1":"post","2":"type-post","3":"status-publish","4":"format-standard","5":"has-post-thumbnail","7":"category-norge","8":"tag-breaking-news","9":"tag-breakingnews","10":"tag-featured-news","11":"tag-featurednews","12":"tag-headlines","13":"tag-latest-news","14":"tag-latestnews","15":"tag-news","16":"tag-no","17":"tag-norge","18":"tag-norway","19":"tag-nyheter","20":"tag-overskrifter","21":"tag-top-stories","22":"tag-topstories"},"share_on_mastodon":{"url":"https:\/\/pubeurope.com\/@no\/115628837883084630","error":""},"_links":{"self":[{"href":"https:\/\/www.europesays.com\/no\/wp-json\/wp\/v2\/posts\/99424","targetHints":{"allow":["GET"]}}],"collection":[{"href":"https:\/\/www.europesays.com\/no\/wp-json\/wp\/v2\/posts"}],"about":[{"href":"https:\/\/www.europesays.com\/no\/wp-json\/wp\/v2\/types\/post"}],"author":[{"embeddable":true,"href":"https:\/\/www.europesays.com\/no\/wp-json\/wp\/v2\/users\/2"}],"replies":[{"embeddable":true,"href":"https:\/\/www.europesays.com\/no\/wp-json\/wp\/v2\/comments?post=99424"}],"version-history":[{"count":0,"href":"https:\/\/www.europesays.com\/no\/wp-json\/wp\/v2\/posts\/99424\/revisions"}],"wp:featuredmedia":[{"embeddable":true,"href":"https:\/\/www.europesays.com\/no\/wp-json\/wp\/v2\/media\/99425"}],"wp:attachment":[{"href":"https:\/\/www.europesays.com\/no\/wp-json\/wp\/v2\/media?parent=99424"}],"wp:term":[{"taxonomy":"category","embeddable":true,"href":"https:\/\/www.europesays.com\/no\/wp-json\/wp\/v2\/categories?post=99424"},{"taxonomy":"post_tag","embeddable":true,"href":"https:\/\/www.europesays.com\/no\/wp-json\/wp\/v2\/tags?post=99424"}],"curies":[{"name":"wp","href":"https:\/\/api.w.org\/{rel}","templated":true}]}}