{"id":99428,"date":"2025-11-28T18:54:12","date_gmt":"2025-11-28T18:54:12","guid":{"rendered":"https:\/\/www.europesays.com\/no\/99428\/"},"modified":"2025-11-28T18:54:12","modified_gmt":"2025-11-28T18:54:12","slug":"sport-kongsvinger-ble-hedret-som-arets-klubb-men-kaken-hadde-feil-farge","status":"publish","type":"post","link":"https:\/\/www.europesays.com\/no\/99428\/","title":{"rendered":"Sport, Kongsvinger | Ble hedret som \u00e5rets klubb \u2013 men kaken hadde feil farge"},"content":{"rendered":"<p>      \u00c5RETS KLUBB &#8211; IGJEN: KIL er den eneste klubben som har f\u00e5tt utmerkelsen \u00e5rets klubb i OBOS-ligaen to ganger etter den ble innf\u00f8rt i 2018. Fredag kom representanter til Gjemselund for \u00e5 overraske administrasjonen og spillerne. F.v: Armand \u00d8verby, Phillip Fjellmann, Ingunn Paulsrud, Stein Erik Stormoen, Jonas Krabseth, Eddie Chr. Thomas fra OBOS-ligaen, Rune Lundgren, Lucas Haren, Jon Inge H\u00f8iland, Irene Kjus fra Norsk Toppfotball og Emil Arendrup Nielsen.<br \/>\n      Foto: Erik M\u00e6hlum\n    <\/p>\n","protected":false},"excerpt":{"rendered":"\u00c5RETS KLUBB &#8211; IGJEN: KIL er den eneste klubben som har f\u00e5tt utmerkelsen \u00e5rets klubb i OBOS-ligaen to&hellip;\n","protected":false},"author":2,"featured_media":99429,"comment_status":"","ping_status":"","sticky":false,"template":"","format":"standard","meta":{"footnotes":""},"categories":[59],"tags":[30,28,29,83,82],"class_list":{"0":"post-99428","1":"post","2":"type-post","3":"status-publish","4":"format-standard","5":"has-post-thumbnail","7":"category-sport","8":"tag-no","9":"tag-norge","10":"tag-norway","11":"tag-sport","12":"tag-sports"},"share_on_mastodon":{"url":"https:\/\/pubeurope.com\/@no\/115628845518203561","error":""},"_links":{"self":[{"href":"https:\/\/www.europesays.com\/no\/wp-json\/wp\/v2\/posts\/99428","targetHints":{"allow":["GET"]}}],"collection":[{"href":"https:\/\/www.europesays.com\/no\/wp-json\/wp\/v2\/posts"}],"about":[{"href":"https:\/\/www.europesays.com\/no\/wp-json\/wp\/v2\/types\/post"}],"author":[{"embeddable":true,"href":"https:\/\/www.europesays.com\/no\/wp-json\/wp\/v2\/users\/2"}],"replies":[{"embeddable":true,"href":"https:\/\/www.europesays.com\/no\/wp-json\/wp\/v2\/comments?post=99428"}],"version-history":[{"count":0,"href":"https:\/\/www.europesays.com\/no\/wp-json\/wp\/v2\/posts\/99428\/revisions"}],"wp:featuredmedia":[{"embeddable":true,"href":"https:\/\/www.europesays.com\/no\/wp-json\/wp\/v2\/media\/99429"}],"wp:attachment":[{"href":"https:\/\/www.europesays.com\/no\/wp-json\/wp\/v2\/media?parent=99428"}],"wp:term":[{"taxonomy":"category","embeddable":true,"href":"https:\/\/www.europesays.com\/no\/wp-json\/wp\/v2\/categories?post=99428"},{"taxonomy":"post_tag","embeddable":true,"href":"https:\/\/www.europesays.com\/no\/wp-json\/wp\/v2\/tags?post=99428"}],"curies":[{"name":"wp","href":"https:\/\/api.w.org\/{rel}","templated":true}]}}