{"id":99430,"date":"2025-11-28T19:01:10","date_gmt":"2025-11-28T19:01:10","guid":{"rendered":"https:\/\/www.europesays.com\/no\/99430\/"},"modified":"2025-11-28T19:01:10","modified_gmt":"2025-11-28T19:01:10","slug":"helvete-na-smeller-det-nrk-vestland","status":"publish","type":"post","link":"https:\/\/www.europesays.com\/no\/99430\/","title":{"rendered":"\u2013 Helvete, n\u00e5 smeller det \u2013 NRK Vestland"},"content":{"rendered":"<p>Ekteparet fulgte fartsgrensen p\u00e5 80 kilometer i timen.<\/p>\n<p>\u2013 Jeg har aldri v\u00e6rt involvert i en ulykke f\u00f8r, sier f\u00f8reren av bilen til NRK.<\/p>\n<p>Mannen forteller at det hele skjedde raskt og totalt uventet.<\/p>\n<p>\u2013 Det kommer en bil med tilhenger mot oss, s\u00e5 tar vinden plutselig tak i hengeren og vrir den ut i v\u00e5rt kj\u00f8refelt. Den fl\u00f8y rett mot oss, sier han og legger til:<\/p>\n<p><strong>\u2013 Jeg tenkte <\/strong>\u00ab<strong>helvete,<\/strong><strong> n\u00e5 smeller det<\/strong>\u00bb<strong>. Jeg bremset og h\u00e5pet p\u00e5 det beste, sier sj\u00e5f\u00f8ren.<\/strong><\/p>\n<p><a href=\"https:\/\/www.strilen.no\/nyheiter\/n\/M7wb90\/fekk-flygande-hengar-gjennom-frontruta\" ec-id=\"https:\/\/www.strilen.no\/nyheiter\/n\/M7wb90\/fekk-flygande-hengar-gjennom-frontruta\" ec-name=\"Strilen\" rel=\"nofollow noopener\" target=\"_blank\">Strilen<\/a> omtalte saken f\u00f8rst.\n<\/p>\n<p><img decoding=\"async\"   src=\"data:image\/gif;base64,R0lGODlhAQABAIAAAAAAAP\/\/\/yH5BAEAAAAALAAAAAABAAEAAAIBRAA7\" loading=\"eager\" alt=\"Nordhordlandsbrua\" title=\"Foto: Kjell Arne Steinsvik \/ Strilen\"\/><\/p>\n<p class=\"\">Personbilen fikk store skader, forteller f\u00f8reren av bilen. <\/p>\n<p>Foto: Kjell Arne Steinsvik \/ Strilen<\/p>\n<p>Sperret for trafikken<\/p>\n<p>Det var klokken 09.47 fredag fikk politiet melding om en skaphenger som hadde veltet p\u00e5 E39 Nordhordlandsbrua.<\/p>\n<p>\u2013 Det bl\u00e5ste kraftig p\u00e5 stedet, s\u00e5 sannsynligvis er det et vindkast som medvirket til det.<\/p>\n<p>Det sier operasjonsleder i politiet, Tore-Andr\u00e9 Brakstad.<\/p>\n<p>Trafikken stod i begge retninger, for p\u00e5 broen hadde skaphengeren havnet over i motg\u00e5ende kj\u00f8refelt og rett i fronten p\u00e5 en personbil.<\/p>\n<p><strong>\u2013 Det ble skader p\u00e5 skaphengeren og bilen den landet p\u00e5, men ingen personer ble skadet, sier operasjonsleder Brakstad.<br \/>\n<\/strong><\/p>\n<p><img decoding=\"async\"   src=\"data:image\/gif;base64,R0lGODlhAQABAIAAAAAAAP\/\/\/yH5BAEAAAAALAAAAAABAAEAAAIBRAA7\" loading=\"eager\" alt=\"Nordhordlandsbrua\" title=\"Foto: Kjell Arne Steinsvik \/ Strilen\"\/><\/p>\n<p class=\"\">Skaphengeren ble liggende i veibanen inntil bilberger kom p\u00e5 plass. <\/p>\n<p>Foto: Kjell Arne Steinsvik \/ Strilen<\/p>\n<p>Politiet beslagla ingen f\u00f8rerkort, men har opprettet sak.<\/p>\n<p>Klokken 11.26 var det igjen fri passasje i veibanen, etter bilberger hadde fjernet skaphengeren og personbilen.<\/p>\n<p>Bilen er \u00f8delagt<\/p>\n<p>Sj\u00e5f\u00f8ren forteller at frontruten knuste og flere glassbiter havnet inni bilen.<\/p>\n<p>Likevel kom b\u00e5de han og konen uskadet fra det.<\/p>\n<p>\u2013 Det f\u00f8rste vi sa til hverandre var: \u00abG\u00e5r det bra med deg?\u00bb. Det gjorde det heldigvis.<\/p>\n<p>\u2013 S\u00e5 ringte vi politiet, gikk ut av bilen og sjekket at det gikk bra med f\u00f8reren i den andre bilen ogs\u00e5.<\/p>\n<p>Mannen omtaler sin egen bil som \u00abhelt d\u00f8d\u00bb, og har meldt fra til forsikringsselskapet.<\/p>\n<p>\u2013 Jeg f\u00e5r en leiebil over helgen, sier han og legger til:<\/p>\n<p><strong>\u2013 Men det skal g\u00e5 bra dette. Vi har ikke blitt skremt fra \u00e5 kj\u00f8re bil, og resten av helgen skal bli fin den.<\/strong><\/p>\n<p>Publisert<\/p>\n<p>28.11.2025, kl. 16.19<\/p>\n","protected":false},"excerpt":{"rendered":"Ekteparet fulgte fartsgrensen p\u00e5 80 kilometer i timen. \u2013 Jeg har aldri v\u00e6rt involvert i en ulykke f\u00f8r,&hellip;\n","protected":false},"author":2,"featured_media":99431,"comment_status":"","ping_status":"","sticky":false,"template":"","format":"standard","meta":{"footnotes":""},"categories":[10],"tags":[20,21,24,25,15,22,23,13,30,28,29,14,16,26,27],"class_list":{"0":"post-99430","1":"post","2":"type-post","3":"status-publish","4":"format-standard","5":"has-post-thumbnail","7":"category-norge","8":"tag-breaking-news","9":"tag-breakingnews","10":"tag-featured-news","11":"tag-featurednews","12":"tag-headlines","13":"tag-latest-news","14":"tag-latestnews","15":"tag-news","16":"tag-no","17":"tag-norge","18":"tag-norway","19":"tag-nyheter","20":"tag-overskrifter","21":"tag-top-stories","22":"tag-topstories"},"share_on_mastodon":{"url":"https:\/\/pubeurope.com\/@no\/115628873149482331","error":""},"_links":{"self":[{"href":"https:\/\/www.europesays.com\/no\/wp-json\/wp\/v2\/posts\/99430","targetHints":{"allow":["GET"]}}],"collection":[{"href":"https:\/\/www.europesays.com\/no\/wp-json\/wp\/v2\/posts"}],"about":[{"href":"https:\/\/www.europesays.com\/no\/wp-json\/wp\/v2\/types\/post"}],"author":[{"embeddable":true,"href":"https:\/\/www.europesays.com\/no\/wp-json\/wp\/v2\/users\/2"}],"replies":[{"embeddable":true,"href":"https:\/\/www.europesays.com\/no\/wp-json\/wp\/v2\/comments?post=99430"}],"version-history":[{"count":0,"href":"https:\/\/www.europesays.com\/no\/wp-json\/wp\/v2\/posts\/99430\/revisions"}],"wp:featuredmedia":[{"embeddable":true,"href":"https:\/\/www.europesays.com\/no\/wp-json\/wp\/v2\/media\/99431"}],"wp:attachment":[{"href":"https:\/\/www.europesays.com\/no\/wp-json\/wp\/v2\/media?parent=99430"}],"wp:term":[{"taxonomy":"category","embeddable":true,"href":"https:\/\/www.europesays.com\/no\/wp-json\/wp\/v2\/categories?post=99430"},{"taxonomy":"post_tag","embeddable":true,"href":"https:\/\/www.europesays.com\/no\/wp-json\/wp\/v2\/tags?post=99430"}],"curies":[{"name":"wp","href":"https:\/\/api.w.org\/{rel}","templated":true}]}}