{"id":99447,"date":"2025-11-28T19:22:20","date_gmt":"2025-11-28T19:22:20","guid":{"rendered":"https:\/\/www.europesays.com\/no\/99447\/"},"modified":"2025-11-28T19:22:20","modified_gmt":"2025-11-28T19:22:20","slug":"egg-salmonella-svenske-egg-solgt-hos-norgesgruppen-og-coop-tilbakekalles-etter-salmonellafunn","status":"publish","type":"post","link":"https:\/\/www.europesays.com\/no\/99447\/","title":{"rendered":"Egg, Salmonella | Svenske egg solgt hos Norgesgruppen og Coop tilbakekalles etter salmonellafunn"},"content":{"rendered":"<p>      Egg, Salmonella | Svenske egg solgt hos Norgesgruppen og Coop tilbakekalles etter salmonellafunn<\/p>\n<p>        <a href=\"#main-content-begin\" class=\"maelstrom-skip-link\"><br \/>\n    G\u00e5 til sidens hovedinnhold<br \/>\n<\/a><\/p>\n<p>   <img decoding=\"async\" width=\"1500\" height=\"777\" fetchpriority=\"high\"  loading=\"eager\"  src=\"https:\/\/www.europesays.com\/no\/wp-content\/uploads\/2025\/11\/cueres_scp-mangler_navn_VsAatxNbRZM.jpg\" alt=\"Oslo 20251128. &#10;DAVA Foods Sweden tilbakekaller en begrenset mengde egg fra frittg\u00e5ende h\u00f8ner innend\u00f8rs, etter funn av salmonella i stallmilj\u00f8et hos en leverand\u00f8r.&#10;Foto: DAVA Foods Sweden \/ NTB\" class=\"brick-c-cFOWSL\" style=\"--brick-image-ratio: 1500 \/ 777;\"\/><\/p>\n<p>      DAVA Foods Sweden tilbakekaller en begrenset mengde egg fra frittg\u00e5ende h\u00f8ner innend\u00f8rs, etter funn av salmonella i stallmilj\u00f8et hos en leverand\u00f8r.<br \/>\nFoto: DAVA Foods Sweden \/ NTB<br \/>\n      Foto: DAVA Foods Sweden\n    <\/p>\n<p>\n    Av <\/p>\n<p>  NTB<\/p>\n<p>Oppdatert: 28.11.25 14:00Publisert: 28.11.25 14:00<\/p>\n<p data-content=\"lead-text\" class=\"lead-text story brick-c-eOZvhA\">\n<p>          DAVA Foods Sweden tilbakekaller en begrenset mengde egg fra frittg\u00e5ende h\u00f8ner innend\u00f8rs, etter funn av salmonella i stallmilj\u00f8et hos en leverand\u00f8r.\n      <\/p>\n<p>    Plussmerking. Denne artikkelen kan bare leses av abonenter<\/p>\n<p>  For abonnenter<\/p>\n<p>          Til toppen<\/p>\n<p>    <a href=\"https:\/\/www.f-b.no\/\" class=\"logo\" rel=\"nofollow noopener\" target=\"_blank\"><br \/>\n        <img decoding=\"async\" src=\"https:\/\/assets.acdn.no\/local\/v3\/publications\/www.f-b.no\/gfx\/small.svg\" alt=\"G\u00e5 til Fredriksstad Blad hovedside\" height=\"66\" width=\"auto\" loading=\"lazy\"\/><br \/>\n    <\/a><\/p>\n<p>Fredriksstad Blad \u00a9 2025<\/p>\n<p>    <a href=\"https:\/\/www.redaktor.no\/ressurser\/temaer\/redaktoransvar\" rel=\"noopener nofollow\" target=\"_blank\"><br \/>\n        <img decoding=\"async\" alt=\"G\u00e5 til redaktor.no for \u00e5 lese om redakt\u00f8ransvar\" class=\"redaktoransvar\" src=\"https:\/\/r.acdn.no\/brandheader\/default\/redaktoransvar.svg\" height=\"85\" width=\"85\" loading=\"lazy\"\/><br \/>\n    <\/a><\/p>\n","protected":false},"excerpt":{"rendered":"Egg, Salmonella | Svenske egg solgt hos Norgesgruppen og Coop tilbakekalles etter salmonellafunn G\u00e5 til sidens hovedinnhold DAVA&hellip;\n","protected":false},"author":2,"featured_media":99448,"comment_status":"","ping_status":"","sticky":false,"template":"","format":"standard","meta":{"footnotes":""},"categories":[10],"tags":[20,21,24,25,15,22,23,13,30,28,29,14,16,26,27],"class_list":{"0":"post-99447","1":"post","2":"type-post","3":"status-publish","4":"format-standard","5":"has-post-thumbnail","7":"category-norge","8":"tag-breaking-news","9":"tag-breakingnews","10":"tag-featured-news","11":"tag-featurednews","12":"tag-headlines","13":"tag-latest-news","14":"tag-latestnews","15":"tag-news","16":"tag-no","17":"tag-norge","18":"tag-norway","19":"tag-nyheter","20":"tag-overskrifter","21":"tag-top-stories","22":"tag-topstories"},"share_on_mastodon":{"url":"https:\/\/pubeurope.com\/@no\/115628955875720264","error":""},"_links":{"self":[{"href":"https:\/\/www.europesays.com\/no\/wp-json\/wp\/v2\/posts\/99447","targetHints":{"allow":["GET"]}}],"collection":[{"href":"https:\/\/www.europesays.com\/no\/wp-json\/wp\/v2\/posts"}],"about":[{"href":"https:\/\/www.europesays.com\/no\/wp-json\/wp\/v2\/types\/post"}],"author":[{"embeddable":true,"href":"https:\/\/www.europesays.com\/no\/wp-json\/wp\/v2\/users\/2"}],"replies":[{"embeddable":true,"href":"https:\/\/www.europesays.com\/no\/wp-json\/wp\/v2\/comments?post=99447"}],"version-history":[{"count":0,"href":"https:\/\/www.europesays.com\/no\/wp-json\/wp\/v2\/posts\/99447\/revisions"}],"wp:featuredmedia":[{"embeddable":true,"href":"https:\/\/www.europesays.com\/no\/wp-json\/wp\/v2\/media\/99448"}],"wp:attachment":[{"href":"https:\/\/www.europesays.com\/no\/wp-json\/wp\/v2\/media?parent=99447"}],"wp:term":[{"taxonomy":"category","embeddable":true,"href":"https:\/\/www.europesays.com\/no\/wp-json\/wp\/v2\/categories?post=99447"},{"taxonomy":"post_tag","embeddable":true,"href":"https:\/\/www.europesays.com\/no\/wp-json\/wp\/v2\/tags?post=99447"}],"curies":[{"name":"wp","href":"https:\/\/api.w.org\/{rel}","templated":true}]}}