{"id":99457,"date":"2025-11-28T19:43:08","date_gmt":"2025-11-28T19:43:08","guid":{"rendered":"https:\/\/www.europesays.com\/no\/99457\/"},"modified":"2025-11-28T19:43:08","modified_gmt":"2025-11-28T19:43:08","slug":"stigende-dodstall-etter-flom-og-skred-pa-sri-lanka","status":"publish","type":"post","link":"https:\/\/www.europesays.com\/no\/99457\/","title":{"rendered":"Stigende d\u00f8dstall etter flom og skred p\u00e5 Sri Lanka"},"content":{"rendered":"\n<p class=\"_paragraph_o9xde_4 _paragraph_xtcu6_10 layout-component text-serif-m layout-normal text-serif-m layout-padded\">I tillegg er 34 mennesker savnet, opplyste myndighetene fredag. H\u00e6ren er satt inn i redningsarbeidet, og marinefart\u00f8yer og helikoptre brukes til \u00e5 redde folk i flomrammede omr\u00e5der.<\/p>\n<p class=\"_paragraph_o9xde_4 _paragraph_xtcu6_10 layout-component text-serif-m layout-normal text-serif-m layout-padded\">Uv\u00e6ret begynte i forrige uke, og situasjonen forverret seg torsdag. Styrtregn f\u00f8rte til oversv\u00f8mmelser og jordskred. <\/p>\n<p class=\"_paragraph_o9xde_4 _paragraph_xtcu6_10 layout-component text-serif-m layout-normal text-serif-m layout-padded\">Noen steder er det kommet 360 millimeter nedb\u00f8r p\u00e5 ett d\u00f8gn. Monsunregn, som er normalt for \u00e5rstiden, forverres av syklonen Ditwah, som har rammet \u00f8ya.<\/p>\n<p class=\"_paragraph_o9xde_4 _paragraph_xtcu6_10 layout-component text-serif-m layout-normal text-serif-m layout-padded\">\u2013 Jeg tror dette kan v\u00e6re den verste flommen i v\u00e5rt omr\u00e5de p\u00e5 tretti \u00e5r, sier V.S.A. Ratnayake, som bor rett utenfor hovedstaden Colombo, til nyhetsbyr\u00e5et AFP.<\/p>\n<p class=\"_paragraph_o9xde_4 _paragraph_xtcu6_10 layout-component text-serif-m layout-normal text-serif-m layout-padded\">Av de 69 som s\u00e5 langt er bekreftet d\u00f8de, ble 26 begravet i jordskred i distriktet Badulla, if\u00f8lge <a href=\"https:\/\/www.vg.no\/tag\/sri-lanka?utm_source=vg-article&amp;utm_medium=auto-tagger&amp;utm_campaign=xrAjoV\" class=\"_link_o9xde_39\" rel=\"nofollow noopener\" target=\"_blank\">Sri Lankas<\/a> senter for katastrofeh\u00e5ndtering. Andre har mistet livet i skred i andre deler av landet. <\/p>\n<p class=\"_paragraph_o9xde_4 _paragraph_xtcu6_10 layout-component text-serif-m layout-normal text-serif-m layout-padded\">Nesten 3000 boliger har f\u00e5tt skader i jordskred og oversv\u00f8mmelser. Elva Kehlani, som renner ut i havet i n\u00e6rheten av Colombo, ventes \u00e5 g\u00e5 over sine bredder senere fredag.<\/p>\n","protected":false},"excerpt":{"rendered":"I tillegg er 34 mennesker savnet, opplyste myndighetene fredag. H\u00e6ren er satt inn i redningsarbeidet, og marinefart\u00f8yer og&hellip;\n","protected":false},"author":2,"featured_media":99458,"comment_status":"","ping_status":"","sticky":false,"template":"","format":"standard","meta":{"footnotes":""},"categories":[12],"tags":[20,21,24,25,1836,15,2075,22,23,13,30,28,29,14,16,6352,26,27,42,43,44,45],"class_list":{"0":"post-99457","1":"post","2":"type-post","3":"status-publish","4":"format-standard","5":"has-post-thumbnail","7":"category-verden","8":"tag-breaking-news","9":"tag-breakingnews","10":"tag-featured-news","11":"tag-featurednews","12":"tag-flom","13":"tag-headlines","14":"tag-jordskred","15":"tag-latest-news","16":"tag-latestnews","17":"tag-news","18":"tag-no","19":"tag-norge","20":"tag-norway","21":"tag-nyheter","22":"tag-overskrifter","23":"tag-sri-lanka","24":"tag-top-stories","25":"tag-topstories","26":"tag-verden","27":"tag-world","28":"tag-world-news","29":"tag-worldnews"},"share_on_mastodon":{"url":"https:\/\/pubeurope.com\/@no\/115629038282578716","error":""},"_links":{"self":[{"href":"https:\/\/www.europesays.com\/no\/wp-json\/wp\/v2\/posts\/99457","targetHints":{"allow":["GET"]}}],"collection":[{"href":"https:\/\/www.europesays.com\/no\/wp-json\/wp\/v2\/posts"}],"about":[{"href":"https:\/\/www.europesays.com\/no\/wp-json\/wp\/v2\/types\/post"}],"author":[{"embeddable":true,"href":"https:\/\/www.europesays.com\/no\/wp-json\/wp\/v2\/users\/2"}],"replies":[{"embeddable":true,"href":"https:\/\/www.europesays.com\/no\/wp-json\/wp\/v2\/comments?post=99457"}],"version-history":[{"count":0,"href":"https:\/\/www.europesays.com\/no\/wp-json\/wp\/v2\/posts\/99457\/revisions"}],"wp:featuredmedia":[{"embeddable":true,"href":"https:\/\/www.europesays.com\/no\/wp-json\/wp\/v2\/media\/99458"}],"wp:attachment":[{"href":"https:\/\/www.europesays.com\/no\/wp-json\/wp\/v2\/media?parent=99457"}],"wp:term":[{"taxonomy":"category","embeddable":true,"href":"https:\/\/www.europesays.com\/no\/wp-json\/wp\/v2\/categories?post=99457"},{"taxonomy":"post_tag","embeddable":true,"href":"https:\/\/www.europesays.com\/no\/wp-json\/wp\/v2\/tags?post=99457"}],"curies":[{"name":"wp","href":"https:\/\/api.w.org\/{rel}","templated":true}]}}