{"id":99465,"date":"2025-11-28T19:53:16","date_gmt":"2025-11-28T19:53:16","guid":{"rendered":"https:\/\/www.europesays.com\/no\/99465\/"},"modified":"2025-11-28T19:53:16","modified_gmt":"2025-11-28T19:53:16","slug":"omfattende-flom-og-skred-i-sorost-asia-nesten-200-meldes-omkommet","status":"publish","type":"post","link":"https:\/\/www.europesays.com\/no\/99465\/","title":{"rendered":"Omfattende flom og skred i S\u00f8r\u00f8st-Asia \u2013 nesten 200 meldes omkommet"},"content":{"rendered":"\n<p class=\"_lead_o9xde_2 _lead_xtcu6_50 layout-component text-serif-m layout-normal text-serif-l layout-component layout-wide layout-padded _wide_17hqh_1 layout-padded\">Antallet som har mistet livet i flom s\u00f8r i Thailand og i Indonesia har steget til over 200, if\u00f8lge lokale myndigheter. <\/p>\n<ul class=\"_gallery_1qa3s_23\" tabindex=\"0\">\n<li class=\"_item_1qa3s_37\" data-index=\"0\"><img fetchpriority=\"high\" decoding=\"async\" class=\"_image_foru8_23 _introGallery_foru8_43\" data-fullscreen- width=\"6000\" height=\"4000\" itemprop=\"image\" loading=\"eager\"  src=\"https:\/\/www.europesays.com\/no\/wp-content\/uploads\/2025\/11\/e66eb628-ccee-4bc7-9bed-ffd1f9b2530b\"  style=\"object-position:50% 50%;aspect-ratio:var(--gallery-aspect-ratio, 16 \/ 9)\"\/>Folk g\u00e5r i dypt flomvann i Songkhia-provinsen s\u00f8r i Thailand.  Foto: Sarot Meksophawannakul \/ AP \/ NTB<\/li>\n<li class=\"_item_1qa3s_37\" data-index=\"1\"><img decoding=\"async\" class=\"_image_foru8_23 _introGallery_foru8_43\" data-fullscreen- width=\"5184\" height=\"3456\" itemprop=\"image\" loading=\"lazy\"  src=\"https:\/\/www.europesays.com\/no\/wp-content\/uploads\/2025\/11\/ab38789f-d862-4657-9d06-76528da391e1\"  style=\"object-position:50% 50%;aspect-ratio:var(--gallery-aspect-ratio, 16 \/ 9)\"\/>Flom for\u00e5rsaket betydelige skader p\u00e5 en vei i Malalak vest p\u00e5 \u00f8ya Sumatra i Indonesia.  Foto: Ade Yuandha \/ AP \/ NTB<\/li>\n<\/ul>\n<p>Folk g\u00e5r i dypt flomvann i Songkhia-provinsen s\u00f8r i Thailand.  Foto: Sarot Meksophawannakul \/ AP \/ NTB<\/p>\n<ul aria-hidden=\"true\" class=\"_images_1uft6_111\">\n<li><a class=\"_link_1uft6_116\" href=\"https:\/\/www.vg.no\/forfatter\/harpreet-kaur-nijjer\" style=\"z-index:2\" title=\"Harpreet Kaur Nijjer\" rel=\"nofollow noopener\" target=\"_blank\"><img alt=\"Bilde av Harpreet Kaur Nijjer\" class=\"_image_1uft6_93\" fetchpriority=\"low\" loading=\"lazy\" decoding=\"async\" itemprop=\"image\"  src=\"https:\/\/www.europesays.com\/no\/wp-content\/uploads\/2025\/11\/1764359593_283_9915841b-33cb-470f-8ab4-1d1650cff10e\"  width=\"480\"\/><\/a><\/li>\n<li><a class=\"_link_1uft6_116\" href=\"https:\/\/www.vg.no\/forfatter\/ntb\" style=\"z-index:1\" title=\"NTB\" rel=\"nofollow noopener\" target=\"_blank\"><img alt=\"Bilde av NTB\" class=\"_image_1uft6_93\" fetchpriority=\"low\" loading=\"lazy\" decoding=\"async\" itemprop=\"image\"  src=\"https:\/\/www.europesays.com\/no\/wp-content\/uploads\/2025\/11\/1764359593_742_c33980b0-5d07-4027-84a1-813f90a7c8d6\"  width=\"480\"\/><\/a><\/li>\n<\/ul>\n<p> Oppdatert fredag 28. november kl. 11:58     <\/p>\n<p class=\"_paragraph_o9xde_4 _paragraph_xtcu6_10 layout-component text-serif-m layout-normal text-serif-m layout-padded\">D\u00f8dstallet i Thailand har steget til 145, if\u00f8lge den lokale talspersonen, Siripong Angkasakulkiat. <\/p>\n<p class=\"_paragraph_o9xde_4 _paragraph_xtcu6_10 layout-component text-serif-m layout-normal text-serif-m layout-padded\">P\u00e5 <a href=\"https:\/\/www.vg.no\/tag\/indonesia?utm_source=vg-article&amp;utm_medium=auto-tagger&amp;utm_campaign=7pnw8o\" class=\"_link_o9xde_39\" rel=\"nofollow noopener\" target=\"_blank\">Indonesias<\/a> st\u00f8rste \u00f8y, Sumatra, har minst 174 mennesker mistet livet, if\u00f8lge Reuters. I tillegg skal rundt 800.000 v\u00e6re evakuert. <\/p>\n<p><img alt=\"Redningsarbeidere redder eldre fra vannet ved hjelp av en gummib\u00e5t i Medan i Nord-Sumatra.   Foto: YT HARIONO \/ AFP \/ NTB\" class=\"_image_qp4xg_65 layout-component layout-normal\" data-fullscreen- data-track-element-type=\"Article image fullscreen\" data-track-name=\"ImageFullscreen\" decoding=\"async\" loading=\"lazy\" height=\"3265\" itemprop=\"image\"  src=\"https:\/\/www.europesays.com\/no\/wp-content\/uploads\/2025\/11\/a848bd24-faa6-4528-9f8a-78cbd6ca4b10\"  style=\"object-position:0% 0%\" width=\"4899\"\/>Redningsarbeidere redder eldre fra vannet ved hjelp av en gummib\u00e5t i Medan i Nord-Sumatra.   Foto: YT HARIONO \/ AFP \/ NTB<\/p>\n<p class=\"_paragraph_o9xde_4 _paragraph_xtcu6_10 layout-component text-serif-m layout-normal text-serif-m layout-padded\">Store deler av regionen har i en uke blitt rammet av sv\u00e6rt tungt regnv\u00e6r etter an en sjelden tropisk storm rammet Malakkastredet. Det har utl\u00f8st flom og voldsomme jordskred, og tusenvis er blitt sittende fast. <\/p>\n<p class=\"_paragraph_o9xde_4 _paragraph_xtcu6_10 layout-component text-serif-m layout-normal text-serif-m layout-padded\">Ogs\u00e5 i Malaysia er store omr\u00e5der rammet av flom. Der har minst to personer omkommet. I tillegg er det meldt om uv\u00e6r, flom og jordskred p\u00e5 Sri Lanka. <\/p>\n<p>Fulle likhus <\/p>\n<p class=\"_paragraph_o9xde_4 _paragraph_xtcu6_10 layout-component text-serif-m layout-normal text-serif-m layout-padded\">P\u00e5 Indonesias st\u00f8rste \u00f8y Sumatra sliter myndighetene med \u00e5 ta seg fram til de hardest rammede omr\u00e5dene. P\u00e5 et sykehus s\u00f8r i Thailand er det hentet inn biler med kj\u00f8lelager for \u00e5 oppbevare lik, fordi likhuset er fullt.<\/p>\n<p><img alt=\"I Malalak i Vest-Sumatra beveger folk seg forbi \u00f8delagte hjem.   Foto: Ade Yuandha \/ AP \/ NTB\" class=\"_image_qp4xg_65 layout-component layout-normal\" data-fullscreen- data-track-element-type=\"Article image fullscreen\" data-track-name=\"ImageFullscreen\" decoding=\"async\" loading=\"lazy\" height=\"852\" itemprop=\"image\"  src=\"https:\/\/www.europesays.com\/no\/wp-content\/uploads\/2025\/11\/d8715034-2839-4e88-a2a8-e8a488c7348a\"  style=\"object-position:0% 0%\" width=\"1278\"\/>I Malalak i Vest-Sumatra beveger folk seg forbi \u00f8delagte hjem.   Foto: Ade Yuandha \/ AP \/ NTB<\/p>\n<p class=\"_paragraph_o9xde_4 _paragraph_xtcu6_10 layout-component text-serif-m layout-normal text-serif-m layout-padded\">Indonesiske myndigheter jobber med evakuering, men sliter med at b\u00e5de kommunikasjonslinjer og tilgang til veier, kritisk infrastruktur og str\u00f8m er alvorlig rammet. Det skriver Reuters. <\/p>\n<p><img alt=\"Flommen har gjort store skader p\u00e5 veier og kritisk infrastruktur. Den \u00f8delagte broen er en del av hoved\u00e5ren mellom Aceh og Nord-Sumatra  Foto: CHAIDEER MAHYUDDIN \/ AFP \/ NTB\" class=\"_image_qp4xg_65 layout-component layout-normal\" data-fullscreen- data-track-element-type=\"Article image fullscreen\" data-track-name=\"ImageFullscreen\" decoding=\"async\" loading=\"lazy\" height=\"3000\" itemprop=\"image\"  src=\"https:\/\/www.europesays.com\/no\/wp-content\/uploads\/2025\/11\/64be8133-2fcd-484e-95a7-fb5e395a1a4b\"  style=\"object-position:0% 0%\" width=\"4000\"\/>Flommen har gjort store skader p\u00e5 veier og kritisk infrastruktur. Den \u00f8delagte broen er en del av hoved\u00e5ren mellom Aceh og Nord-Sumatra  Foto: CHAIDEER MAHYUDDIN \/ AFP \/ NTB<\/p>\n<p class=\"_paragraph_o9xde_4 _paragraph_xtcu6_10 layout-component text-serif-m layout-normal text-serif-m layout-padded\">\u2013 Forh\u00e5pentligvis roer v\u00e6ret seg s\u00e5 vi kan sende helikopteret til de omr\u00e5dene som har det verst, sier polititalsmann Ferry Walintukan.<\/p>\n<p>\u2013 Vannet steg opp til andre etasje <\/p>\n<p class=\"_paragraph_o9xde_4 _paragraph_xtcu6_10 layout-component text-serif-m layout-normal text-serif-m layout-padded\">S\u00f8r i Thailand har flomvannet minket noe, og fredag har myndighetene f\u00e5tt litt bedre oversikt. <\/p>\n<p><img alt=\"Fredag fors\u00f8ker folk \u00e5 ta seg gjennom veiene i Hat Yai-distriktet i Songkhla-provinsen i Thailand.   Foto: ATHIT PERAWONGMETHA \/ Reuters \/ NTB\" class=\"_image_qp4xg_65 layout-component layout-normal\" data-fullscreen- data-track-element-type=\"Article image fullscreen\" data-track-name=\"ImageFullscreen\" decoding=\"async\" loading=\"lazy\" height=\"5464\" itemprop=\"image\"  src=\"https:\/\/www.europesays.com\/no\/wp-content\/uploads\/2025\/11\/ce043c60-888b-490b-8730-2b89716fbd66\"  style=\"object-position:0% 0%\" width=\"8192\"\/>Fredag fors\u00f8ker folk \u00e5 ta seg gjennom veiene i Hat Yai-distriktet i Songkhla-provinsen i Thailand.   Foto: ATHIT PERAWONGMETHA \/ Reuters \/ NTB<\/p>\n<p class=\"_paragraph_o9xde_4 _paragraph_xtcu6_10 layout-component text-serif-m layout-normal text-serif-m layout-padded\">De fleste d\u00f8de er registrert i Songkhla-provinsen. P\u00e5 et av sykehusene der er det ikke mer plass til \u00e5 ta oppbevare d\u00f8de, og personalet har m\u00e5ttet ty til varebiler med kj\u00f8lelager.<\/p>\n<p class=\"_paragraph_o9xde_4 _paragraph_xtcu6_10 layout-component text-serif-m layout-normal text-serif-m layout-padded\">Flomvannet steg sv\u00e6rt raskt, forteller innbyggere i byen Hat Yai.<\/p>\n<p class=\"_paragraph_o9xde_4 _paragraph_xtcu6_10 layout-component text-serif-m layout-normal layout-padded\"><strong class=\"_strong_o9xde_25\">Les ogs\u00e5:<\/strong> <a href=\"https:\/\/www.vg.no\/i\/j09XGA\" data-track-element-type=\"Link\" data-track-id=\"link:j09XGA\" class=\"_link_o9xde_39\" rel=\"nofollow noopener\" target=\"_blank\">Minst 33 d\u00f8de i flom i\u00a0Thailand<\/a><\/p>\n<p class=\"_paragraph_o9xde_4 _paragraph_xtcu6_10 layout-component text-serif-m layout-normal text-serif-m layout-padded\">\u2013 Vannet steg opp til taket i andre etasje, sa Kamban Wongpanya til AFP tirsdag. Hun m\u00e5tte reddes med b\u00e5t.<\/p>\n<p>Srilankiske myndigheter: 26 personer skal ha blitt begravet levende<\/p>\n<p class=\"_paragraph_o9xde_4 _paragraph_xtcu6_10 layout-component text-serif-m layout-normal text-serif-m layout-padded\">P\u00e5 Sri Lanka skal 56 personer v\u00e6re bekreftet omkomne, og i tillegg er 21 savnet.  <\/p>\n<p class=\"_paragraph_o9xde_4 _paragraph_xtcu6_10 layout-component text-serif-m layout-normal text-serif-m layout-padded\">H\u00e6ren er satt inn i redningsarbeidet, og marinefart\u00f8yer og helikoptre brukes til \u00e5 redde folk i flomrammede omr\u00e5der.<\/p>\n<p class=\"_paragraph_o9xde_4 _paragraph_xtcu6_10 layout-component text-serif-m layout-normal text-serif-m layout-padded\">Noen steder er det kommet 360 millimeter nedb\u00f8r p\u00e5 ett d\u00f8gn. Monsunregn, som er normalt for \u00e5rstiden, forverres av syklonen Ditwah, som har rammet landet.<\/p>\n<p><img alt=\"En mann p\u00e5 vei gjennom en oversv\u00f8mt gate i Sri Lankas hovedstad Colombo fredag. Like ved st\u00e5r en kvinne med f\u00f8ttene i vann ved inngangen til huset sitt.  Foto: Eranga Jayawardena \/ AP \/ NTB\" class=\"_image_qp4xg_65 layout-component layout-normal\" data-fullscreen- data-track-element-type=\"Article image fullscreen\" data-track-name=\"ImageFullscreen\" decoding=\"async\" loading=\"lazy\" height=\"5642\" itemprop=\"image\"  src=\"https:\/\/www.europesays.com\/no\/wp-content\/uploads\/2025\/11\/cdc63d51-a9be-42db-8cef-5aae458e72d5\"  style=\"object-position:0% 0%\" width=\"8463\"\/>En mann p\u00e5 vei gjennom en oversv\u00f8mt gate i Sri Lankas hovedstad Colombo fredag. Like ved st\u00e5r en kvinne med f\u00f8ttene i vann ved inngangen til huset sitt.  Foto: Eranga Jayawardena \/ AP \/ NTB<\/p>\n<p class=\"_paragraph_o9xde_4 _paragraph_xtcu6_10 layout-component text-serif-m layout-normal text-serif-m layout-padded\">Av de 56 som s\u00e5 langt er bekreftet d\u00f8de, ble 26 begravet levende i jordskred i distriktet Badulla, if\u00f8lge Sri Lankas senter for katastrofeh\u00e5ndtering. Andre har mistet livet i skred i andre deler av landet.<\/p>\n<p class=\"_paragraph_o9xde_4 _paragraph_xtcu6_10 layout-component text-serif-m layout-normal text-serif-m layout-padded\">Nesten 3000 boliger har f\u00e5tt skader i jordskred og oversv\u00f8mmelser. Elva Kelani, som renner ut i havet i n\u00e6rheten av Colombo, ventes \u00e5 g\u00e5 over sine bredder senere fredag.<\/p>\n","protected":false},"excerpt":{"rendered":"Antallet som har mistet livet i flom s\u00f8r i Thailand og i Indonesia har steget til over 200,&hellip;\n","protected":false},"author":2,"featured_media":99466,"comment_status":"","ping_status":"","sticky":false,"template":"","format":"standard","meta":{"footnotes":""},"categories":[12],"tags":[20,21,24,25,1836,15,3124,22,23,9865,4358,13,30,28,29,14,16,745,26,27,42,43,44,45],"class_list":{"0":"post-99465","1":"post","2":"type-post","3":"status-publish","4":"format-standard","5":"has-post-thumbnail","7":"category-verden","8":"tag-breaking-news","9":"tag-breakingnews","10":"tag-featured-news","11":"tag-featurednews","12":"tag-flom","13":"tag-headlines","14":"tag-indonesia","15":"tag-latest-news","16":"tag-latestnews","17":"tag-malaysia","18":"tag-naturkatastrofe","19":"tag-news","20":"tag-no","21":"tag-norge","22":"tag-norway","23":"tag-nyheter","24":"tag-overskrifter","25":"tag-thailand","26":"tag-top-stories","27":"tag-topstories","28":"tag-verden","29":"tag-world","30":"tag-world-news","31":"tag-worldnews"},"share_on_mastodon":{"url":"https:\/\/pubeurope.com\/@no\/115629078347532384","error":""},"_links":{"self":[{"href":"https:\/\/www.europesays.com\/no\/wp-json\/wp\/v2\/posts\/99465","targetHints":{"allow":["GET"]}}],"collection":[{"href":"https:\/\/www.europesays.com\/no\/wp-json\/wp\/v2\/posts"}],"about":[{"href":"https:\/\/www.europesays.com\/no\/wp-json\/wp\/v2\/types\/post"}],"author":[{"embeddable":true,"href":"https:\/\/www.europesays.com\/no\/wp-json\/wp\/v2\/users\/2"}],"replies":[{"embeddable":true,"href":"https:\/\/www.europesays.com\/no\/wp-json\/wp\/v2\/comments?post=99465"}],"version-history":[{"count":0,"href":"https:\/\/www.europesays.com\/no\/wp-json\/wp\/v2\/posts\/99465\/revisions"}],"wp:featuredmedia":[{"embeddable":true,"href":"https:\/\/www.europesays.com\/no\/wp-json\/wp\/v2\/media\/99466"}],"wp:attachment":[{"href":"https:\/\/www.europesays.com\/no\/wp-json\/wp\/v2\/media?parent=99465"}],"wp:term":[{"taxonomy":"category","embeddable":true,"href":"https:\/\/www.europesays.com\/no\/wp-json\/wp\/v2\/categories?post=99465"},{"taxonomy":"post_tag","embeddable":true,"href":"https:\/\/www.europesays.com\/no\/wp-json\/wp\/v2\/tags?post=99465"}],"curies":[{"name":"wp","href":"https:\/\/api.w.org\/{rel}","templated":true}]}}