{"id":99473,"date":"2025-11-28T20:04:17","date_gmt":"2025-11-28T20:04:17","guid":{"rendered":"https:\/\/www.europesays.com\/no\/99473\/"},"modified":"2025-11-28T20:04:17","modified_gmt":"2025-11-28T20:04:17","slug":"egg-trekkes-tilbake-etter-salmonellafunn","status":"publish","type":"post","link":"https:\/\/www.europesays.com\/no\/99473\/","title":{"rendered":"Egg trekkes tilbake etter salmonellafunn"},"content":{"rendered":"<p>Sykefrav\u00e6ret fortsetter \u00e5 falleHelse- og sosialtjenester er n\u00e6ringen med h\u00f8yest sykefrav\u00e6r p\u00e5 6,9 prosent, viser Navs tall.\u00a0<\/p>\n<p data-v-4e8b920d=\"\" data-v-e3e154a0=\"\">Sykefrav\u00e6ret fortsetter \u00e5 falle. Fra andre til tredje kvartal i \u00e5r falt sykefrav\u00e6ret med 0,1 prosentpoeng til 6,5 prosent, if\u00f8lge tall fra SSB og Nav. <\/p>\n<p data-v-4e8b920d=\"\" data-v-e3e154a0=\"\">Trenden har v\u00e6rt nedadg\u00e5ende siden starten av 2025.<\/p>\n<p data-v-4e8b920d=\"\" data-v-e3e154a0=\"\">\u2013 Sykefrav\u00e6ret \u00f8kte sv\u00e6rt raskt under og etter pandemien, og det tar tid \u00e5 f\u00e5 det ned igjen. Det er fremdeles h\u00f8yt, men det har g\u00e5tt nedover s\u00e5 langt i \u00e5r, og det er positivt. N\u00e5 gjelder det \u00e5 fortsette det gode arbeidet, sier konstituert arbeids- og velferdsdirekt\u00f8r Eve V. Bergli i Nav i en   <a href=\"https:\/\/www.nav.no\/no\/nav-og-samfunn\/statistikk\/sykefravar-statistikk\/nyheter\/nedgangen-i-sykefravaeret-fortsatte-i-3.kvartal\" rel=\"noopener nofollow\" target=\"_blank\">pressemelding<\/a>.<\/p>\n<p data-v-4e8b920d=\"\" data-v-e3e154a0=\"\">Det sesongjusterte legemeldte sykefrav\u00e6ret i tredje kvartal var p\u00e5 5,5 prosent, mens det egenmeldte holdt seg stabilt p\u00e5 1,0 prosent, if\u00f8lge Nav.<\/p>\n<p data-v-4e8b920d=\"\" data-v-e3e154a0=\"\">\u2013 I 2025 har vi sett en nedgang i sykefrav\u00e6ret hvert kvartal, det gjelder b\u00e5de det egenmeldte og det legemeldte sykefrav\u00e6ret, sier seksjonssjef Tonje K\u00f8ber i   <a href=\"https:\/\/www.ssb.no\/arbeid-og-lonn\/arbeidsmiljo-sykefravaer-og-arbeidskonflikter\/statistikk\/sykefravaer\/artikler\/sykefravaeret-fortsetter-a-falle\" rel=\"noopener nofollow\" target=\"_blank\">Statistisk sentralbyr\u00e5 (SSB)<\/a>.<\/p>\n<p data-v-4e8b920d=\"\" data-v-e3e154a0=\"\"> \u00c9n million f\u00e6rre tapt<\/p>\n<p data-v-4e8b920d=\"\" data-v-e3e154a0=\"\">If\u00f8lge SSB sesongjusterte tall gikk sykefrav\u00e6ret ned for begge kj\u00f8nn, der den prosentvise nedgangen var st\u00f8rst for kvinner. Kvinner hadde et sykefrav\u00e6r p\u00e5 8,2 prosent, mens menn hadde 5,0 prosent.<\/p>\n<p data-v-4e8b920d=\"\" data-v-e3e154a0=\"\">Navs ikke-sesongjusterte tall viser at det legemeldte sykefrav\u00e6ret var p\u00e5 4,8 prosent i tredje kvartal \u2013 0,3 prosentpoeng lavere enn \u00e5ret f\u00f8r. Det legemeldte sykefrav\u00e6ret for menn var p\u00e5 3,7 prosent, mens kvinners sykefrav\u00e6r var p\u00e5 6,1 prosent.<\/p>\n<p data-v-4e8b920d=\"\" data-v-e3e154a0=\"\">Over 7,5 millioner dagsverk gikk tapt til legemeldt sykefrav\u00e6r i tredje kvartal i \u00e5r. Men situasjonen har bedret seg betraktelig siden i fjor, if\u00f8lge Nav. <\/p>\n<p data-v-4e8b920d=\"\" data-v-e3e154a0=\"\">\u2013 En million f\u00e6rre dagsverk gikk tapt til legemeldt sykefrav\u00e6r i \u00e5rets tre f\u00f8rste kvartaler, sammenlignet med tilsvarende periode i 2024, sier Bergli.<\/p>\n<p data-v-4e8b920d=\"\" data-v-e3e154a0=\"\">Psykiske lidelser g\u00e5r ned<\/p>\n<p data-v-4e8b920d=\"\" data-v-e3e154a0=\"\">Navs tall viser at nedgangen i sykefrav\u00e6ret var st\u00f8rst for luftveissykdommer, men det var ogs\u00e5 betydelig fall for psykiske lidelser og muskel- og skjelettlidelser. <\/p>\n<p data-v-4e8b920d=\"\" data-v-e3e154a0=\"\">124.500 f\u00e6rre arbeidsdager gikk tapt p\u00e5 grunn av psykiske lidelser i tredje kvartal sammenlignet med \u00e5ret f\u00f8r. 39 prosent av sykefrav\u00e6rene med psykiske lidelser var gradert, noe Bergli mener er positivt.<\/p>\n<p data-v-4e8b920d=\"\" data-v-e3e154a0=\"\">\u2013 \u00d8kt bruk av gradering tyder p\u00e5 at stadig flere sykmeldte med psykiske utfordringer ogs\u00e5 er noe i jobb. Det vet vi at er viktig for \u00e5 hindre langvarig frafall, sier Bergli.<\/p>\n<p data-v-4e8b920d=\"\" data-v-e3e154a0=\"\">Helse- og sosialtjenester er n\u00e6ringen med h\u00f8yest sykefrav\u00e6r p\u00e5 6,9 prosent, viser Navs tall. Men ogs\u00e5 her var det nedgang. 115.354 f\u00e6rre dagsverk gikk tapt i denne n\u00e6ringen \u2013 nesten en firedel av den totale nedgangen.<\/p>\n","protected":false},"excerpt":{"rendered":"Sykefrav\u00e6ret fortsetter \u00e5 falleHelse- og sosialtjenester er n\u00e6ringen med h\u00f8yest sykefrav\u00e6r p\u00e5 6,9 prosent, viser Navs tall.\u00a0 Sykefrav\u00e6ret&hellip;\n","protected":false},"author":2,"featured_media":99474,"comment_status":"","ping_status":"","sticky":false,"template":"","format":"standard","meta":{"footnotes":""},"categories":[10],"tags":[20,21,24,25,15,22,23,13,30,28,29,14,16,26,27],"class_list":{"0":"post-99473","1":"post","2":"type-post","3":"status-publish","4":"format-standard","5":"has-post-thumbnail","7":"category-norge","8":"tag-breaking-news","9":"tag-breakingnews","10":"tag-featured-news","11":"tag-featurednews","12":"tag-headlines","13":"tag-latest-news","14":"tag-latestnews","15":"tag-news","16":"tag-no","17":"tag-norge","18":"tag-norway","19":"tag-nyheter","20":"tag-overskrifter","21":"tag-top-stories","22":"tag-topstories"},"share_on_mastodon":{"url":"https:\/\/pubeurope.com\/@no\/115629120953755273","error":""},"_links":{"self":[{"href":"https:\/\/www.europesays.com\/no\/wp-json\/wp\/v2\/posts\/99473","targetHints":{"allow":["GET"]}}],"collection":[{"href":"https:\/\/www.europesays.com\/no\/wp-json\/wp\/v2\/posts"}],"about":[{"href":"https:\/\/www.europesays.com\/no\/wp-json\/wp\/v2\/types\/post"}],"author":[{"embeddable":true,"href":"https:\/\/www.europesays.com\/no\/wp-json\/wp\/v2\/users\/2"}],"replies":[{"embeddable":true,"href":"https:\/\/www.europesays.com\/no\/wp-json\/wp\/v2\/comments?post=99473"}],"version-history":[{"count":0,"href":"https:\/\/www.europesays.com\/no\/wp-json\/wp\/v2\/posts\/99473\/revisions"}],"wp:featuredmedia":[{"embeddable":true,"href":"https:\/\/www.europesays.com\/no\/wp-json\/wp\/v2\/media\/99474"}],"wp:attachment":[{"href":"https:\/\/www.europesays.com\/no\/wp-json\/wp\/v2\/media?parent=99473"}],"wp:term":[{"taxonomy":"category","embeddable":true,"href":"https:\/\/www.europesays.com\/no\/wp-json\/wp\/v2\/categories?post=99473"},{"taxonomy":"post_tag","embeddable":true,"href":"https:\/\/www.europesays.com\/no\/wp-json\/wp\/v2\/tags?post=99473"}],"curies":[{"name":"wp","href":"https:\/\/api.w.org\/{rel}","templated":true}]}}