{"id":99479,"date":"2025-11-28T20:07:29","date_gmt":"2025-11-28T20:07:29","guid":{"rendered":"https:\/\/www.europesays.com\/no\/99479\/"},"modified":"2025-11-28T20:07:29","modified_gmt":"2025-11-28T20:07:29","slug":"storfjordingen-chris-andre-er-klar-for-realityshow-det-er-ti-homser-innelast-i-en-villa-alt-kan-skje-framtidinord-no","status":"publish","type":"post","link":"https:\/\/www.europesays.com\/no\/99479\/","title":{"rendered":"(+) Storfjordingen Chris-Andre er klar for realityshow: &#8211; Det er ti homser innel\u00e5st i en villa. Alt kan skje &#8211; framtidinord.no"},"content":{"rendered":"<ol>\n<li><a href=\"https:\/\/news.google.com\/rss\/articles\/CBMipAFBVV95cUxQelJpTFN0aEo5ak5SSC1XZ2g4UlJLNy0wU1d5Ukx2cTFvYkRBWHEwYUVZNWk2emZlekREajZ5UnFjeF9kMzZjNXh5blRTeDhVMTBFSFZOa05GOTM2MjJybEt2S2s0SnAyVkh6QWNkbWVmUFJqbVBRN3R0M3BOTHdmZ0tjQ0NkUnVPR2JJR3hKWjlkZDhFNEp1RkRkcjZBVDE0NTVkXw?oc=5\" target=\"_blank\" rel=\"nofollow noopener\">(+) Storfjordingen Chris-Andre er klar for realityshow: &#8211; Det er ti homser innel\u00e5st i en villa. Alt kan skje<\/a>&nbsp;&nbsp;framtidinord.no<\/li>\n<li><a href=\"https:\/\/news.google.com\/rss\/articles\/CBMi4gFBVV95cUxQNVRMQzlSbXVoaEJKVXRlbGlVLXc2RHo0VTdfaEk2TVdBOVVZNW1JRjdGMkRycVdFZGdHdktGanVMNTRCdlVfYXJ5VDVnTmVPQ3dSYkl3YXYyY2xIbktXc2FIWW1tX183ZUdwVHpHdjNUY2hfeG9lUTlXSFhOVG9IN3k3S0pqVE9IZTF3WVlKSGEtSk9paFIzYjhsLU5wSEwtVlNncmE4dGM3YmVaQ19kWFFCNkpZdFNUZFpSeDRZam5Bc0pLNFE4SEhfbVZZYUtaaDlDV0ZtY29qd2Q4c3U2dzNR?oc=5\" target=\"_blank\" rel=\"nofollow noopener\">Sebastian (30) hadde det t\u00f8ft som skeiv i Eidsvoll: N\u00e5 h\u00e5per han TV-deltakelsen kan inspirere andre i samme situasjon<\/a>&nbsp;&nbsp;Eidsvoll Ullensaker Blad<\/li>\n<li><a href=\"https:\/\/news.google.com\/rss\/articles\/CBMilAFBVV95cUxPRG94TUlQVUp5NWdqUlRtOEN4Vlgyb1NXRWpzcC1DSTQ3cTJBLUJnYXE1LXMydXpWQUJidC1kQ0QxSlhSd1k5MWoxRlhNTFlMYU5WeWxGeHRZU05QUDdjYmpEY2FZLXZYVGxLMC1TdzRheENRckZoWS11ZUJvYXJJUWp4bW9TUmtTN0V0cUY5YXgyTExN?oc=5\" target=\"_blank\" rel=\"nofollow noopener\">Sykepleier Magnus tok permisjon for \u00e5 delta i skeivt datingprogram<\/a>&nbsp;&nbsp;Sykepleien<\/li>\n<li><a href=\"https:\/\/news.google.com\/rss\/articles\/CBMiuwFBVV95cUxOU3o3dTF1U05sRGtkWTg3b3Bad1VYM0NSNXZPZzJ3cUV1emo2VXhUbDdRWFRJNTIwOVdIY1Y4Mi0yUU1iQzBMcTlINUVMNXI4TGltYnB4Wi1ZcjF0U3FCeEw0MXFFbDRheHNrdVRPNUtEUWtEY3lfTHJVaWVBYW13SkdLMWg0ZG9YSThKdU5QZkptZ0lIQm1QaTY0aDhxMlV4dVJBYXgwTnVxLXVDNUFNTW1MR0pPRUNQaTQw?oc=5\" target=\"_blank\" rel=\"nofollow noopener\">Emilie Voe Nereng: Leder skeivt datingprogram: &#8211; Blir sint av at folk ikke unner andre kj\u00e6rlighet<\/a>&nbsp;&nbsp;TV2.no<\/li>\n<\/ol>\n","protected":false},"excerpt":{"rendered":"(+) Storfjordingen Chris-Andre er klar for realityshow: &#8211; Det er ti homser innel\u00e5st i en villa. Alt kan&hellip;\n","protected":false},"author":2,"featured_media":99003,"comment_status":"","ping_status":"","sticky":false,"template":"","format":"standard","meta":{"footnotes":""},"categories":[58],"tags":[71,30,2698,28,29,2177,375,1280,207,72],"class_list":{"0":"post-99479","1":"post","2":"type-post","3":"status-publish","4":"format-standard","5":"has-post-thumbnail","7":"category-underholdning","8":"tag-entertainment","9":"tag-no","10":"tag-nord-norge","11":"tag-norge","12":"tag-norway","13":"tag-reality-tv","14":"tag-serier","15":"tag-storfjord","16":"tag-tv","17":"tag-underholdning"},"share_on_mastodon":{"url":"https:\/\/pubeurope.com\/@no\/115629132609497877","error":""},"_links":{"self":[{"href":"https:\/\/www.europesays.com\/no\/wp-json\/wp\/v2\/posts\/99479","targetHints":{"allow":["GET"]}}],"collection":[{"href":"https:\/\/www.europesays.com\/no\/wp-json\/wp\/v2\/posts"}],"about":[{"href":"https:\/\/www.europesays.com\/no\/wp-json\/wp\/v2\/types\/post"}],"author":[{"embeddable":true,"href":"https:\/\/www.europesays.com\/no\/wp-json\/wp\/v2\/users\/2"}],"replies":[{"embeddable":true,"href":"https:\/\/www.europesays.com\/no\/wp-json\/wp\/v2\/comments?post=99479"}],"version-history":[{"count":0,"href":"https:\/\/www.europesays.com\/no\/wp-json\/wp\/v2\/posts\/99479\/revisions"}],"wp:featuredmedia":[{"embeddable":true,"href":"https:\/\/www.europesays.com\/no\/wp-json\/wp\/v2\/media\/99003"}],"wp:attachment":[{"href":"https:\/\/www.europesays.com\/no\/wp-json\/wp\/v2\/media?parent=99479"}],"wp:term":[{"taxonomy":"category","embeddable":true,"href":"https:\/\/www.europesays.com\/no\/wp-json\/wp\/v2\/categories?post=99479"},{"taxonomy":"post_tag","embeddable":true,"href":"https:\/\/www.europesays.com\/no\/wp-json\/wp\/v2\/tags?post=99479"}],"curies":[{"name":"wp","href":"https:\/\/api.w.org\/{rel}","templated":true}]}}