{"id":99493,"date":"2025-11-28T20:36:27","date_gmt":"2025-11-28T20:36:27","guid":{"rendered":"https:\/\/www.europesays.com\/no\/99493\/"},"modified":"2025-11-28T20:36:27","modified_gmt":"2025-11-28T20:36:27","slug":"lo-sentralt-mislikte-at-lokalforeninga-stilte-i-melkoya-horing-nrk-troms-og-finnmark","status":"publish","type":"post","link":"https:\/\/www.europesays.com\/no\/99493\/","title":{"rendered":"LO sentralt mislikte at lokalforeninga stilte i Melk\u00f8ya-h\u00f8ring \u2013 NRK Troms og Finnmark"},"content":{"rendered":"<p>R\u00f8dt har stilt forslag om at Stortinget m\u00e5 stanse elektrifiseringa av Melk\u00f8ya. Torsdag m\u00f8tte representanter for ulike organisasjoner i h\u00f8ringa som skal gi politikerne informasjon f\u00f8r de fatter vedtaket.<\/p>\n<p>Spesialr\u00e5dgiver Olav Lie stilte p\u00e5 vegne av LO sentralt, mens lokallagsleder Ronny Wilhelmsen m\u00f8tte for LO i Alta. Det var ikke Lie helt fortrolig med.<\/p>\n<p>P\u00e5 tirsdag 6. mai skal Stortinget igjen behandle elektrifiseringen av Melk\u00f8ya. Mange parti vil stoppe prosjektet, men det er veldig usikkert om noen av forslagene f\u00e5r flertall.<\/p>\n<p>Vil ha karbonfangst og -lagring<\/p>\n<p>LO i Alta er for elektrifiseringa av Melk\u00f8ya, men lokallaget vil at det skal skje med karbonfangst og -lagring (CCS).<\/p>\n<p>Derfor g\u00e5r Wilhelmsen og medlemmene hans mot den omfattende vindkraftutbygginga som er tatt med i Melk\u00f8ya-pakken.<\/p>\n<p>De mener blant anna at vindkraft er en ustabil kraftkilde.<\/p>\n<p><strong>\u2013 Vi krever faktisk at man finner en l\u00f8sning p\u00e5 kraftbehovet som er fremtidsretta og b\u00e6rekraftig. Vi har ogs\u00e5 sagt at vi ser ikke at vindkraft er det i dag, fordi det er s\u00e5 omstridt. Det vil ta utrolig lang tid \u00e5 bygge den ut. Derfor er gasskraftverk med CCS l\u00f8sninga, sier han.<\/strong><\/p>\n<p><img decoding=\"async\"   src=\"data:image\/gif;base64,R0lGODlhAQABAIAAAAAAAP\/\/\/yH5BAEAAAAALAAAAAABAAEAAAIBRAA7\" loading=\"eager\" alt=\"Ronny Wilhelmsen, LO Alta p\u00e5 h\u00f8ring i Oslo\" title=\"Foto: Christian Kr\u00e5kenes \/ NRK\"\/><\/p>\n<p class=\"\">LO i Alta vil at Melk\u00f8ya skal elektrifiseres, men at det skal skje med karbonfangst og -lagring, ikke omfattende vindkraftutbygging. <\/p>\n<p>Foto: Christian Kr\u00e5kenes \/ NRK<\/p>\n<p>B\u00e5de LO sentralt og en rekke fagforbund har st\u00f8tta Melk\u00f8ya-pakken slik den blei vedtatt av regjeringa h\u00f8sten 2023.<\/p>\n<p>Overraska over oppm\u00f8tet<\/p>\n<p>Spesialr\u00e5dgiver Olav Lie i LO var overraska over at LO i Alta stilte med egen representant under h\u00f8ringa. Han sier det er vanlig med ulike syn i de fleste store organisasjoner har. <\/p>\n<p>Han legger til at alle de andre som stilte fra LO \u00abdemonstrerte en enighet knytta til akkurat det sp\u00f8rsm\u00e5let\u00bb. <\/p>\n<p><img decoding=\"async\"   src=\"data:image\/gif;base64,R0lGODlhAQABAIAAAAAAAP\/\/\/yH5BAEAAAAALAAAAAABAAEAAAIBRAA7\" loading=\"eager\" alt=\"Olav Lie, spesialr\u00e5dgiver LO og Ronny Wilhelmsen, LO Alta (i midten) p\u00e5 h\u00f8ring i Oslo. \" title=\"Foto: Christian Kr\u00e5kenes \/ NRK\"\/><\/p>\n<p class=\"\">Spesialr\u00e5dgiver Olav Lie (t.h.) var overraska da Ronny Wilhelmsen fra LO i Alta dukka opp under stortingsh\u00f8ringa om Melk\u00f8ya.<\/p>\n<p>Foto: Christian Kr\u00e5kenes \/ NRK<\/p>\n<p>\u2013 Det er litt overraskende at LOs lokale organisasjoner stiller i h\u00f8ringer p\u00e5 Stortinget. For det har vi egentlig regler for. Hvem det er som &#8230; Alts\u00e5, det er regler for hva slags rammer som ligger rundt lokale organisasjoner. De skal i grunnen handle innen rammene av det som LO har beslutta, sier han.<\/p>\n<p>\u2013 Det var alts\u00e5 ikke LO p\u00e5 Youngstorget som tok med seg LO Alta til denne h\u00f8ringa?<\/p>\n<p>\u2013 Nei, det var det ikke. LO-forbundet er p\u00e5meldt her, sier Lie.<\/p>\n<p>Visste ikke om hverandre<\/p>\n<p>\u2013 Ronny Wilhelmsen, din kollega fra Youngstorget sa rimelig rett ut at han ikke visste at du skulle v\u00e6re her. F\u00f8lte du deg velkommen her?<\/p>\n<p>\u2013 Jeg visste jo heller ikke at han skulle v\u00e6re her. Det ser vi n\u00e5r vi f\u00e5r listene med hvem som er p\u00e5meldt. S\u00e5nn var det. Jeg visste ikke at LO skulle hit, og de visste ikke at vi skulle hit.<\/p>\n<p>\u2013 Lie viste til at det finnes regler for slikt internt i LO.<\/p>\n<p>\u2013 Det vil v\u00e6re et demokratisk problem dersom jeg som tillitsvalgt i en lokal organisasjon ikke har mulighet til \u00e5 ytre medlemmene sine \u00f8nsker. Da har vi et st\u00f8rre demokratisk problem i LO enn jeg trodde. Det tror jeg ikke &#8230; Det er ikke s\u00e5nn i LO.<\/p>\n<p>Bra med motstemmer<\/p>\n<p>Det er Sofie Marhaug som har stilt forslaget om \u00e5 stanse Melk\u00f8ya-elektrifiseringa p\u00e5 vegne av R\u00f8dt. Hun sier det ikke er noe i Stortingets regelverk som hindrer lokale foreninger \u00e5 delta under h\u00f8ringene.<\/p>\n<p>\u2013 Dette dreier seg om LOs interne regler, men LO stilte med flere enn sentralleddet. <a href=\"https:\/\/www.stortinget.no\/no\/Hva-skjer-pa-Stortinget\/Horing\/Horingsprogram\/?dateid=10005891\" ec-id=\"https:\/\/www.stortinget.no\/no\/Hva-skjer-pa-Stortinget\/Horing\/Horingsprogram\/\" ec-name=\"B\u00e5de Fellesforbundet, Forbundet Styrke samt EL og IT-forbundet i h\u00f8ringa\" rel=\"nofollow noopener\" target=\"_blank\">B\u00e5de Fellesforbundet, Forbundet Styrke samt EL og IT-forbundet i h\u00f8ringa<\/a>. Jeg synes det er fint at flere meninger kommer p\u00e5 bordet, og at det er bra med motstemmer i slike h\u00f8ringer. Det gagner ogs\u00e5 demokratiet, sier hun.<\/p>\n<p><img decoding=\"async\"   src=\"data:image\/gif;base64,R0lGODlhAQABAIAAAAAAAP\/\/\/yH5BAEAAAAALAAAAAABAAEAAAIBRAA7\" loading=\"eager\" alt=\"Sofie Marhaug, R\u00f8dt\" title=\"Foto: Eskil Byrkjeland \/ NRK\"\/><\/p>\n<p class=\"\">Stortingsrepresentant Sofie Marhaug (R) mener det er bra med meningsmangfold under stortingsh\u00f8ringene. <\/p>\n<p>Foto: Eskil Byrkjeland \/ NRK<\/p>\n<p>Marhaug legger til at det ikke er strenge regler for hvem som kan delta i h\u00f8ringer p\u00e5 Stortinget.<\/p>\n<p>\u2013 Det dreier seg om kutyme, og det har ikke v\u00e6rt vanlig at enkeltkommuner stiller under h\u00f8ringene, kun fylkeskommuner. Likevel stilte Hammerfest kommune. Jeg regner med at vi hadde f\u00e5tt andre synspunkt dersom Kautokeino, Karasjok, Tana og\/eller Nesseby hadde stilt hver for seg, avslutter hun.<\/p>\n<p>Publisert<\/p>\n<p>27.11.2025, kl. 18.30<\/p>\n<p>Oppdatert<\/p>\n<p>27.11.2025, kl. 19.25<\/p>\n","protected":false},"excerpt":{"rendered":"R\u00f8dt har stilt forslag om at Stortinget m\u00e5 stanse elektrifiseringa av Melk\u00f8ya. Torsdag m\u00f8tte representanter for ulike organisasjoner&hellip;\n","protected":false},"author":2,"featured_media":99494,"comment_status":"","ping_status":"","sticky":false,"template":"","format":"standard","meta":{"footnotes":""},"categories":[10],"tags":[20,21,24,25,15,22,23,13,30,28,29,14,16,26,27],"class_list":{"0":"post-99493","1":"post","2":"type-post","3":"status-publish","4":"format-standard","5":"has-post-thumbnail","7":"category-norge","8":"tag-breaking-news","9":"tag-breakingnews","10":"tag-featured-news","11":"tag-featurednews","12":"tag-headlines","13":"tag-latest-news","14":"tag-latestnews","15":"tag-news","16":"tag-no","17":"tag-norge","18":"tag-norway","19":"tag-nyheter","20":"tag-overskrifter","21":"tag-top-stories","22":"tag-topstories"},"share_on_mastodon":{"url":"https:\/\/pubeurope.com\/@no\/115629246513034721","error":""},"_links":{"self":[{"href":"https:\/\/www.europesays.com\/no\/wp-json\/wp\/v2\/posts\/99493","targetHints":{"allow":["GET"]}}],"collection":[{"href":"https:\/\/www.europesays.com\/no\/wp-json\/wp\/v2\/posts"}],"about":[{"href":"https:\/\/www.europesays.com\/no\/wp-json\/wp\/v2\/types\/post"}],"author":[{"embeddable":true,"href":"https:\/\/www.europesays.com\/no\/wp-json\/wp\/v2\/users\/2"}],"replies":[{"embeddable":true,"href":"https:\/\/www.europesays.com\/no\/wp-json\/wp\/v2\/comments?post=99493"}],"version-history":[{"count":0,"href":"https:\/\/www.europesays.com\/no\/wp-json\/wp\/v2\/posts\/99493\/revisions"}],"wp:featuredmedia":[{"embeddable":true,"href":"https:\/\/www.europesays.com\/no\/wp-json\/wp\/v2\/media\/99494"}],"wp:attachment":[{"href":"https:\/\/www.europesays.com\/no\/wp-json\/wp\/v2\/media?parent=99493"}],"wp:term":[{"taxonomy":"category","embeddable":true,"href":"https:\/\/www.europesays.com\/no\/wp-json\/wp\/v2\/categories?post=99493"},{"taxonomy":"post_tag","embeddable":true,"href":"https:\/\/www.europesays.com\/no\/wp-json\/wp\/v2\/tags?post=99493"}],"curies":[{"name":"wp","href":"https:\/\/api.w.org\/{rel}","templated":true}]}}