{"id":99497,"date":"2025-11-28T20:42:11","date_gmt":"2025-11-28T20:42:11","guid":{"rendered":"https:\/\/www.europesays.com\/no\/99497\/"},"modified":"2025-11-28T20:42:11","modified_gmt":"2025-11-28T20:42:11","slug":"tyskland-opprusting-tyskland-vil-bygge-europas-sterkeste-staende-haer","status":"publish","type":"post","link":"https:\/\/www.europesays.com\/no\/99497\/","title":{"rendered":"Tyskland, Opprusting | Tyskland vil bygge Europas sterkeste st\u00e5ende h\u00e6r"},"content":{"rendered":"\n<p>Tysklands forbundskansler Friedrich Merz har lovet \u00e5 bygge Europas sterkeste h\u00e6r.<\/p>\n<p>Den tyske regjeringen har nylig fremmet et lovforslag som har til hensikt \u00e5 styrke den tyske h\u00e6ren opp fra dagens 180.000 soldater til 260.000 soldater innen 2035, if\u00f8lge <a href=\"https:\/\/edition.cnn.com\/2025\/11\/23\/europe\/germany-europe-army-reform-intl\" rel=\"Follow nofollow noopener\" target=\"_blank\">CNN<\/a>. I tillegg skal Tyskland ha 200.000 reservister.<\/p>\n<p>Bakteppet er trusselen fra Russland og USAs skifte i utenrikspolitikken, hvilket inneb\u00e6rer at Europa m\u00e5 ta et betydelig st\u00f8rre ansvar for egen sikkerhet.<\/p>\n<p>Tyskland skal i f\u00f8rste omgang lokke til seg soldater med frivillige opptak og insentiver. Planen er at soldatens m\u00e5nedsl\u00f8nn \u00f8kes fra dagens 450 euro til 2600 euro.<\/p>\n<p>Hvis kravet ikke n\u00e5s, vil tyske myndigheter kunne ty til verneplikt etter behov, skriver <a href=\"https:\/\/edition.cnn.com\/2025\/11\/23\/europe\/germany-europe-army-reform-intl\" rel=\"Follow nofollow noopener\" target=\"_blank\">CNN<\/a>.<\/p>\n<p>Tysklands forsvarssjef, general Carsten Breuer, advarte i et BBC-intervju i juni om at Nato m\u00e5 forberede seg p\u00e5 et mulig angrep fra Russland i l\u00f8pet av de fire neste \u00e5rene, og oppfordret Nato-medlemslandene til \u00e5 v\u00e6re forberedt.<\/p>\n<p><b>Les ogs\u00e5: <a class=\"simple-relation related-teaser article--c-eRUmMG article--c-eRUmMG-fZoQSp-design-nettavisen article--c-eRUmMG-gwthdJ-cv\" href=\"https:\/\/www.nettavisen.no\/avslort-av-lekkasje-instruerte-hvordan-putin-bor-smigre-trump\/s\/5-95-2748239\" rel=\"nofollow noopener\" target=\"_blank\">Avsl\u00f8rt av lekkasje: Instruerte hvordan Putin b\u00f8r smigre Trump<\/a><\/b><\/p>\n<p>   <img decoding=\"async\" width=\"5100\" height=\"3396\" fetchpriority=\"low\"  loading=\"lazy\"  src=\"https:\/\/www.europesays.com\/no\/wp-content\/uploads\/2025\/10\/NTB_Iy0_JWsw-9c_1.jpg\" alt=\"Germany's Chancellor Friedrich Merz attends the ceremony of signing the golden book of Saarbruecken, on the day of the celebrations to mark the 35th anniversary of Germany's Unification Day, in Saarbruecken, Germany, October 3, 2025. REUTERS\/Heiko Becker\" class=\"brick-c-cFOWSL\" style=\"--brick-image-ratio: 5100 \/ 3396;\"\/><\/p>\n<p>      LOVNADER: Tysklands forbundskansler Friedrich Merz har kommet med l\u00f8fte rom \u00e5 bygge Europas sterkeste h\u00e6r \u2013 et ambisi\u00f8st m\u00e5l for et land hvis forsvar har v\u00e6rt preget av mange \u00e5r med fors\u00f8mmelse.<br \/>\n      Foto: Heiko Becker\n    <\/p>\n<p>  Illevarslende for europeerne<\/p>\n<p>Nettavisen sp\u00f8r f\u00f8rsteamanuensis ved Forsvarets h\u00f8gskole, Anders Romarheim, om Europa er forberedt til \u00e5 forsvare seg mot Russland.<\/p>\n<p>\u2013 Uten amerikansk involvering mangler Europa avskrekkingsevne. Det er en av grunnene til at Europa ruster opp. Europa har massevis av forsvarskapabiliteter, men de europeiske forsvarene er innrettet mot \u00e5 forsvare det enkelte lands territorier, sier Romarheim til Nettavisen.<\/p>\n<p>\u2013 Hvis Nato p\u00e5legger Norge \u00e5 hjelpe til andre steder i Europa hvis det blir krig n\u00e5, s\u00e5 kommer vi aldri til \u00e5 sende v\u00e5r eneste brigade noe annet sted. Og den samme lokale bindingen gjelder for mye av Europas slagkraft, sier Romarheim.<\/p>\n<p>\u2013 Frankrike og Storbritannia har noe mer \u00e5 by p\u00e5, men i m\u00f8te med et konsentrert angrep p\u00e5 et lite landomr\u00e5de f\u00e5r vi problemer med den raske responsen. Hvis Russland tar et landomr\u00e5de kjapt, er det hardt \u00e5 hive dem ut igjen uten hjelp fra USA, sier han.<\/p>\n<p>\u2013 Den amerikanske milit\u00e6rmaskinen st\u00e5r for en helt sinnssyk offensiv slagkraft. USA har egentlig ikke et forsvar. De har et angrep. Forsvaret av USA g\u00e5r litt av seg selv, fordi ingen stater kan true det amerikanske fastlandet, sier Romarheim.<\/p>\n<p>Romarheim sier at den amerikanske krigsmaskinen kan benyttes til enorm slagkraft hvor som helst p\u00e5 kloden p\u00e5 relativt kort tid.<\/p>\n<p>Han p\u00e5peker at det er nettopp USAs enorme mobile slagkraft, som gj\u00f8r at amerikansk frakobling og distansering fra Europa er illevarslende for europeerne.<\/p>\n<p>\u2013 Det er USA mer enn noe annet som har stagget Russland fra \u00e5 gjennomf\u00f8re flere landerobringer enn det de har gjort den siste tiden, sier han.<\/p>\n<p><b>Les ogs\u00e5: <a class=\"simple-relation related-teaser article--c-eRUmMG article--c-eRUmMG-fZoQSp-design-nettavisen article--c-eRUmMG-gwthdJ-cv\" href=\"https:\/\/www.nettavisen.no\/usa-presser-pa-en-kamp-om-trumps-sjel\/s\/5-95-2746234\" rel=\"nofollow noopener\" target=\"_blank\">USA presser p\u00e5: \u2013 En kamp om Trumps sjel<\/a><\/b><\/p>\n<p>   <img decoding=\"async\" width=\"3840\" height=\"2160\" fetchpriority=\"low\"  loading=\"lazy\"  src=\"https:\/\/www.europesays.com\/no\/wp-content\/uploads\/2025\/11\/vlcsnap-2024-08-07-15h57m35s405.jpg\" alt=\"\" class=\"brick-c-cFOWSL\" style=\"--brick-image-ratio: 3840 \/ 2160;\"\/><\/p>\n<p>      FROSKER: Anders Romarheim er f\u00f8rsteamanuensis ved Forsvarets h\u00f8gskole.<\/p>\n<p>  Upl\u00f8yd mark<\/p>\n<p>Den usikre og spente situasjonen i Europa har utl\u00f8st store opprustningsplaner over hele kontinentet.<\/p>\n<p>Polens statsminister Donald Tusk har m\u00e5l om \u00e5 doble h\u00e6ren fra 200.000 til 500.000 soldater. Danmark har planer om utvide h\u00e6ren fra 70.000 soldater til 200.000 innen 2030.<\/p>\n<p>Frankrike kunngjorde planer om \u00e5 innf\u00f8re et frivillig milit\u00e6rtjeneste-program neste \u00e5r. Storbritannia har engasjert et rekrutteringsselskap for \u00e5 lage en effektiv prosess i 2027 for \u00e5 bygge opp sine reduserte styrker, skriver <a href=\"https:\/\/www.nytimes.com\/2025\/11\/24\/business\/economy\/russia-ukraine-europe-military.html?smid=nytcore-ios-share\" rel=\"Follow nofollow noopener\" target=\"_blank\">The New York Times<\/a>.<\/p>\n<p>\u2013 N\u00e5r tror du Europa kommer til \u00e5 v\u00e6re i stand til \u00e5 forsvare seg selv mot et russisk angrep, uten amerikansk hjelp, Romarheim?<\/p>\n<p>\u2013 Det er et vrient sp\u00f8rsm\u00e5l. Svaret er at jeg ikke vet. Dette er p\u00e5 et vis upl\u00f8yd mark, at Europa skal holde orden p\u00e5 sitt eget kontinent uten amerikansk milit\u00e6r tilstedev\u00e6relse. Det er enormt lenge siden Europa har klart dette p\u00e5 egen h\u00e5nd. S\u00e5 jeg har egentlig ikke noe tidsestimat for n\u00e5r det kan skje, svarer han.<\/p>\n<p>Romarheim sier det er lite sannsynlig med store landerobringer p\u00e5 det europeiske kontinentet, slik det var under andre verdenskrig.<\/p>\n<p>\u2013 Men Russland kan ta en bit her og en bit der, som de gjorde med Ukraina. Det er det scenarioet som ligger p\u00e5 bordet. S\u00e5nne kjappe landerobringer har vist seg \u00e5 v\u00e6re vellykket i forhold til Krym. Russland tror de kan komme unna med kjappe landerobringer, som raskt resulterer i et politisk , sier han.<\/p>\n<p><b>Les ogs\u00e5: <a class=\"simple-relation related-teaser article--c-eRUmMG article--c-eRUmMG-fZoQSp-design-nettavisen article--c-eRUmMG-gwthdJ-cv\" href=\"https:\/\/www.nettavisen.no\/slakter-trumps-fredsplan\/s\/5-95-2743842\" rel=\"nofollow noopener\" target=\"_blank\">Slakter Trumps fredsplan<\/a><\/b><\/p>\n<p>Delvis verneplikt<\/p>\n<p>Tyskland har tidligere hatt verneplikt for menn i alderen 18 til 23, men verneplikten ble opphevet i 2011 og erstattet med rekruttering p\u00e5 frivillig basis.<\/p>\n<p>Lovforslaget om \u00e5 ruste opp h\u00e6ren, m\u00e5 f\u00f8rst bli godkjent i det tyske parlamentet Bundestag. Det er ventet at en avstemning vil skje innen \u00e5ret er omme. Hvis forslaget blir vedtatt, trer det i kraft allerede 1. januar 2026.<\/p>\n<p>Tysklands forsvarsminister Boris Pistorius mener Berlin kan statuere et eksempel for resten av de europeiske allierte.<\/p>\n<p>\u2013 Alle f\u00f8lger med p\u00e5 hva vi gj\u00f8r, sier han i en uttalelse.<\/p>\n<p>\u2013 V\u00e5r nye modell for verneplikt er ganske moderne. Den er veldig moderne. Og den kan kanskje ogs\u00e5 bli et eksempel for andre land, sier han.<\/p>\n","protected":false},"excerpt":{"rendered":"Tysklands forbundskansler Friedrich Merz har lovet \u00e5 bygge Europas sterkeste h\u00e6r. Den tyske regjeringen har nylig fremmet et&hellip;\n","protected":false},"author":2,"featured_media":99498,"comment_status":"","ping_status":"","sticky":false,"template":"","format":"standard","meta":{"footnotes":""},"categories":[12],"tags":[20,21,24,25,15,22,23,13,30,28,29,14,16,26,27,42,43,44,45],"class_list":{"0":"post-99497","1":"post","2":"type-post","3":"status-publish","4":"format-standard","5":"has-post-thumbnail","7":"category-verden","8":"tag-breaking-news","9":"tag-breakingnews","10":"tag-featured-news","11":"tag-featurednews","12":"tag-headlines","13":"tag-latest-news","14":"tag-latestnews","15":"tag-news","16":"tag-no","17":"tag-norge","18":"tag-norway","19":"tag-nyheter","20":"tag-overskrifter","21":"tag-top-stories","22":"tag-topstories","23":"tag-verden","24":"tag-world","25":"tag-world-news","26":"tag-worldnews"},"share_on_mastodon":{"url":"https:\/\/pubeurope.com\/@no\/115629270418450937","error":""},"_links":{"self":[{"href":"https:\/\/www.europesays.com\/no\/wp-json\/wp\/v2\/posts\/99497","targetHints":{"allow":["GET"]}}],"collection":[{"href":"https:\/\/www.europesays.com\/no\/wp-json\/wp\/v2\/posts"}],"about":[{"href":"https:\/\/www.europesays.com\/no\/wp-json\/wp\/v2\/types\/post"}],"author":[{"embeddable":true,"href":"https:\/\/www.europesays.com\/no\/wp-json\/wp\/v2\/users\/2"}],"replies":[{"embeddable":true,"href":"https:\/\/www.europesays.com\/no\/wp-json\/wp\/v2\/comments?post=99497"}],"version-history":[{"count":0,"href":"https:\/\/www.europesays.com\/no\/wp-json\/wp\/v2\/posts\/99497\/revisions"}],"wp:featuredmedia":[{"embeddable":true,"href":"https:\/\/www.europesays.com\/no\/wp-json\/wp\/v2\/media\/99498"}],"wp:attachment":[{"href":"https:\/\/www.europesays.com\/no\/wp-json\/wp\/v2\/media?parent=99497"}],"wp:term":[{"taxonomy":"category","embeddable":true,"href":"https:\/\/www.europesays.com\/no\/wp-json\/wp\/v2\/categories?post=99497"},{"taxonomy":"post_tag","embeddable":true,"href":"https:\/\/www.europesays.com\/no\/wp-json\/wp\/v2\/tags?post=99497"}],"curies":[{"name":"wp","href":"https:\/\/api.w.org\/{rel}","templated":true}]}}