{"id":99499,"date":"2025-11-28T20:43:25","date_gmt":"2025-11-28T20:43:25","guid":{"rendered":"https:\/\/www.europesays.com\/no\/99499\/"},"modified":"2025-11-28T20:43:25","modified_gmt":"2025-11-28T20:43:25","slug":"vil-gi-spesialister-i-sykepleie-forskrivningsrett-etter-mange-ars-kamp","status":"publish","type":"post","link":"https:\/\/www.europesays.com\/no\/99499\/","title":{"rendered":"Vil gi spesialister i sykepleie forskrivningsrett etter mange \u00e5rs kamp"},"content":{"rendered":"<p>Helseminister Jan Christian Vestre kom til \u00e5rets sykepleierkongress med de gode nyheter torsdag morgen.<\/p>\n<p>\u00c5 gi spesialister i klinisk allmennsykepleie et st\u00f8rre pasientansvar er f\u00f8rst og fremst for \u00e5 tilgjengeliggj\u00f8re helsetjenester for pasienter med store og sammensatte behov.<\/p>\n<p>Spesialister i klinisk allmennsykepleie betegnes ofte som en AKS-sykepleier.<\/p>\n<p>Legen\u00e6r praksis<\/p>\n<p>Forskrivningsretten gjelder spesialister i klinisk allmennsykepleie i legen\u00e6r praksis, men ikke bare ved fastlegekontorene. Disse sykepleierne kan f\u00e5 samme ansvar ved legevakt og andre steder hvor det jobbes tverrfaglig med lege.<\/p>\n<p>Helseministeren ber n\u00e5 Helsedirektoratet \u00e5 vurdere om og hvordan denne endringen kan gjennomf\u00f8res p\u00e5 en forsvarlig m\u00e5te.<\/p>\n<p>\u2013 Dette er f\u00f8rst og fremst en seier for pasientene. Men vil ogs\u00e5 kunne gj\u00f8re spesialistutdanningene mer attraktive, sier NSF-leder Lill Sverresdatter Larsen.<\/p>\n<p>\u2013 Sykepleiere med spesialistutdanning m\u00e5 kunne gj\u00f8re mer enn de gj\u00f8r i dag, sier Jan Christian Vestre til Sykepleien.<\/p>\n<p>\u2013 Vi har ikke satt en frist. Men vi f\u00e5r stadig flere AKS-ere. Vi m\u00e5 se p\u00e5 hvilke oppgaver de kan utf\u00f8re, forskrivningsrett er en dem.<\/p>\n<p>Helseministeren har f\u00e5tt ulike meninger fra legene om en ny ansvarsfordeling.<\/p>\n<p>\u2013 De som har en masterutdanning i sykepleie og en spesialistgodkjenning har en betydelig kompetanse. De gj\u00f8r allerede en viktig jobb i helsevesenet og avlaster andre, sier Vestre.<\/p>\n<p>Nurse practitioner<\/p>\n<p>Den nye ansvarsfordelingen vil kunne gi spesialister i klinisk allmennsykepleie tilsvarende rettigheter som en nurse practitioner, som er en internasjonalt anerkjent avansert sykepleierrolle.<\/p>\n<p>\u2013 Det ettersp\u00f8rres mer kompetanse ute i helsetjenesten. Det hjelper ikke \u00e5 utdanne sykepleiere med h\u00f8yere kompetanse hvis de ikke f\u00e5r benyttet kompetansen med full kapasitet etter utdanningen, sier leder i faggruppen for spesialister i avansert klinisk allmennsykepleie (AKS), Kine Myhre-Nilsen.<\/p>\n<p>Den nye ordningen vil gi sykepleierne mer ansvar i hele pasientforl\u00f8pet \u2013 for b\u00e5de medisinering og avmedisinering og tettere oppf\u00f8lging av flere s\u00e5rbare pasientgrupper.<\/p>\n<p>\u2013 Jammen meg p\u00e5 tide<\/p>\n<p>Spesialist i allmennsykepleie Jan-Eilert Pedersen p\u00e5 Notodden har lenge argumentert for en forskrivningsrett. Han kalte det en milep\u00e6l da Stortinget i v\u00e5r ba Regjeringen utrede forskrivningsrett i legen\u00e6r praksis for sykepleiere med spesialisering i avansert klinisk allmennsykepleie.<\/p>\n<p>At Regjeringen n\u00e5 vil ha forskrivningsrett mener han er veldig bra.<\/p>\n<p>\u2013 Det betyr at all gr\u00e5sonebehandlingen vi gj\u00f8r i dag blir regulert i lov, sier han til Sykepleien.<\/p>\n<p>\u2013 Det er jammen meg p\u00e5 tide.<\/p>\n<p>Han sier at det som i dag er en tillitsbasert delegert ordning n\u00e5 blir formalisert.<\/p>\n<p>\u2013 Det vil gj\u00f8re det lettere for kommunen \u00e5 bruke kompetansen som spesialister i allmennsykepleie har.<\/p>\n<p>Bare en spesialistgodkjenning<\/p>\n<p>AKS er den eneste spesialistutdanningen som har en spesialistgodkjenning.<\/p>\n<p>De fag som er de opprinnelige spesialsykepleiere, har ikke en spesialistgodkjenning per i dag.\u00a0<\/p>\n<p>De fag som regnes som spesialistgodkjenninger p\u00e5 linje med <a class=\"glossary-link\" data-glossary-id=\"16740\">ABIOKene<\/a>, har en begrenset forskrivningsrett, <a href=\"https:\/\/www.helsedirektoratet.no\/veiledere\/rekvirering-og-utlevering-av-legemidler-m.m\/rekvirering-til-saerlige-formal\/-7-1-helsesykepleiere-og-jordmodres-rett-til-rekvirering\" rel=\"nofollow noopener\" target=\"_blank\">helsesykepleier og jordmor<\/a>.\u00a0<\/p>\n","protected":false},"excerpt":{"rendered":"Helseminister Jan Christian Vestre kom til \u00e5rets sykepleierkongress med de gode nyheter torsdag morgen. \u00c5 gi spesialister i&hellip;\n","protected":false},"author":2,"featured_media":99500,"comment_status":"","ping_status":"","sticky":false,"template":"","format":"standard","meta":{"footnotes":""},"categories":[10],"tags":[20,21,24,25,15,22,23,13,30,28,29,14,16,26,27],"class_list":{"0":"post-99499","1":"post","2":"type-post","3":"status-publish","4":"format-standard","5":"has-post-thumbnail","7":"category-norge","8":"tag-breaking-news","9":"tag-breakingnews","10":"tag-featured-news","11":"tag-featurednews","12":"tag-headlines","13":"tag-latest-news","14":"tag-latestnews","15":"tag-news","16":"tag-no","17":"tag-norge","18":"tag-norway","19":"tag-nyheter","20":"tag-overskrifter","21":"tag-top-stories","22":"tag-topstories"},"share_on_mastodon":{"url":"https:\/\/pubeurope.com\/@no\/115629274114732835","error":""},"_links":{"self":[{"href":"https:\/\/www.europesays.com\/no\/wp-json\/wp\/v2\/posts\/99499","targetHints":{"allow":["GET"]}}],"collection":[{"href":"https:\/\/www.europesays.com\/no\/wp-json\/wp\/v2\/posts"}],"about":[{"href":"https:\/\/www.europesays.com\/no\/wp-json\/wp\/v2\/types\/post"}],"author":[{"embeddable":true,"href":"https:\/\/www.europesays.com\/no\/wp-json\/wp\/v2\/users\/2"}],"replies":[{"embeddable":true,"href":"https:\/\/www.europesays.com\/no\/wp-json\/wp\/v2\/comments?post=99499"}],"version-history":[{"count":0,"href":"https:\/\/www.europesays.com\/no\/wp-json\/wp\/v2\/posts\/99499\/revisions"}],"wp:featuredmedia":[{"embeddable":true,"href":"https:\/\/www.europesays.com\/no\/wp-json\/wp\/v2\/media\/99500"}],"wp:attachment":[{"href":"https:\/\/www.europesays.com\/no\/wp-json\/wp\/v2\/media?parent=99499"}],"wp:term":[{"taxonomy":"category","embeddable":true,"href":"https:\/\/www.europesays.com\/no\/wp-json\/wp\/v2\/categories?post=99499"},{"taxonomy":"post_tag","embeddable":true,"href":"https:\/\/www.europesays.com\/no\/wp-json\/wp\/v2\/tags?post=99499"}],"curies":[{"name":"wp","href":"https:\/\/api.w.org\/{rel}","templated":true}]}}