{"id":99511,"date":"2025-11-28T21:06:27","date_gmt":"2025-11-28T21:06:27","guid":{"rendered":"https:\/\/www.europesays.com\/no\/99511\/"},"modified":"2025-11-28T21:06:27","modified_gmt":"2025-11-28T21:06:27","slug":"viking-barn-et-morkeblatt-hav-la-seg-over-skolegarden-pa-vaulen-i-dag-kan-det-virke-som-hele-stavanger-er-kledd-i-morkeblatt","status":"publish","type":"post","link":"https:\/\/www.europesays.com\/no\/99511\/","title":{"rendered":"Viking, Barn | Et m\u00f8rkebl\u00e5tt hav la seg over skoleg\u00e5rden p\u00e5 Vaulen. I dag kan det virke som hele Stavanger er kledd i m\u00f8rkebl\u00e5tt."},"content":{"rendered":"\n<p>\u2013 Sha la lalalala, de m\u00f8rke bl\u00e5, l\u00f8d det fra raden av ivrige unge fans som ledet dagens seanse i skoleg\u00e5rden p\u00e5 Vaulen.<\/p>\n<p>\u2013 Hvordan fikk dere tak i ropert? <\/p>\n<p>\u2013 Den kommer fra felt O, det er en av dem som jobber p\u00e5 skolen, sier de.|<\/p>\n<p>Ingen tvil om hvem flertallet tror blir \u00e5rets seriemestere i Eliteserien.<\/p>\n<p>\u2013 Hater, hater, hater Bergen by!, roper de ogs\u00e5.<\/p>\n<p>   <img decoding=\"async\" width=\"6000\" height=\"3368\" fetchpriority=\"low\"  loading=\"lazy\"  src=\"https:\/\/www.europesays.com\/no\/wp-content\/uploads\/2025\/11\/8Q1A0013.JPG\" alt=\"Elleville scener fra Vaulen skole.\" class=\"brick-c-cFOWSL\" style=\"--brick-image-ratio: 6000 \/ 3368;\"\/><\/p>\n<p>      Elleville scener fra Vaulen skole.<br \/>\n      Foto: Sander Christenssen\n    <\/p>\n<p>   <img decoding=\"async\" width=\"6000\" height=\"3368\" fetchpriority=\"low\"  loading=\"lazy\"  src=\"https:\/\/www.europesays.com\/no\/wp-content\/uploads\/2025\/11\/8Q1A0053_1.JPG\" alt=\"\" class=\"brick-c-cFOWSL\" style=\"--brick-image-ratio: 6000 \/ 3368;\"\/><\/p>\n<p>      Her er bort i mot hele skolen samlet.<br \/>\n      Foto: Sander Christenssen\n    <\/p>\n<p>  \u2013 Vi heier p\u00e5 Bod\u00f8!<\/p>\n<p>Selv om stort sett alle medelevene hopper for de m\u00f8rkebl\u00e5, har Thilde og Anna en annen klubb i tankene.<\/p>\n<p>   <img decoding=\"async\" width=\"6000\" height=\"3368\" fetchpriority=\"low\"  loading=\"lazy\"  src=\"https:\/\/www.europesays.com\/no\/wp-content\/uploads\/2025\/11\/8Q1A0027.JPG\" alt=\"\" class=\"brick-c-cFOWSL\" style=\"--brick-image-ratio: 6000 \/ 3368;\"\/><\/p>\n<p>      Thilde Charlotte Auklend og Anna Celine Eivik sto i mot presset. De heier p\u00e5 Bod\u00f8\/Glimt<br \/>\n      Foto: Sander Christenssen\n    <\/p>\n<p>\u2013 Hvorfor har dere p\u00e5 dere Bod\u00f8\/Glimt-drakter i dag? <\/p>\n<p>\u2013 P\u00e5 grunn av foreldrene v\u00e5re heier p\u00e5 Bod\u00f8, sier Thilde.<\/p>\n<p>\u2013 Hvordan er det \u00e5 st\u00e5 blant s\u00e5 mange viking-fans i dag? <\/p>\n<p>\u2013 Vet ikke helt, vi blir kanskje litt sjenert alts\u00e5. Det er jo s\u00e5 mange andre som har p\u00e5 seg bl\u00e5, sier Anna.<\/p>\n<p>\u2013 Hvem tror dere tar gull i \u00e5r da?<\/p>\n<p>\u2013 Bod\u00f8!<\/p>\n<p>Viking!, lyder det fra en annen bak dem. S\u00e5 en til. Plutselig er de to Bod\u00f8-jentene omringet av hoppende barn som roper Viking i kor.<\/p>\n<p>   <img decoding=\"async\" width=\"6000\" height=\"3368\" fetchpriority=\"low\"  loading=\"lazy\"  src=\"https:\/\/www.europesays.com\/no\/wp-content\/uploads\/2025\/11\/8Q1A0118.JPG\" alt=\"\" class=\"brick-c-cFOWSL\" style=\"--brick-image-ratio: 6000 \/ 3368;\"\/><\/p>\n<p>      Omringet av m\u00f8rkebl\u00e5tt.<br \/>\n      Foto: Sander Christenssen\n    <\/p>\n<p>   <img decoding=\"async\" width=\"6000\" height=\"3368\" fetchpriority=\"low\"  loading=\"lazy\"  src=\"https:\/\/www.europesays.com\/no\/wp-content\/uploads\/2025\/11\/8Q1A0085.JPG\" alt=\"\" class=\"brick-c-cFOWSL\" style=\"--brick-image-ratio: 6000 \/ 3368;\"\/><\/p>\n<p>      \u2013 Kommer til \u00e5 ha mareritt hele natten<br \/>\n      Foto: Sander Christenssen\n    <\/p>\n<p>  \u2013 \u00abDe m\u00e5 vinna, vett du\u00bb<\/p>\n<p>Likevel t\u00f8r ikke alle v\u00e6re helt sikre p\u00e5 hvem som tar gull.<\/p>\n<p>\u2013 Jeg er nerv\u00f8s, og synes det er helt forferdelig. Jeg kommer til \u00e5 f\u00e5 mareritt hele natten hvis de taper.<\/p>\n<p>En annen er enig. Han tror Viking-spillerne har en dr\u00f8m om \u00e5 vinne gullballen.<\/p>\n<p>\u2013 Det er helt forferdelig hvis de taper, fordi hele Norge og alle lagene vil jo veldig gjerne komme til Ballon d&#8217;Or.<\/p>\n<p>\u2013 Kjente t\u00e5rer<\/p>\n<p>Det er ikke bare elevene som er i ekstase denne fredagen, if\u00f8lge rektor.<\/p>\n<p>\u2013 Elevene er nesten euforiske, oss voksne og. Jeg gikk p\u00e5 ungdomsskolen siste Viking tok gull. Jeg har kjent p\u00e5 en klump i magen og t\u00e5rer i dag. Dette er stort, sier rektor Gunn Reidun Tednes-Aaser\u00f8d.<\/p>\n<p>   <img decoding=\"async\" width=\"6000\" height=\"3368\" fetchpriority=\"low\"  loading=\"lazy\"  src=\"https:\/\/www.europesays.com\/no\/wp-content\/uploads\/2025\/11\/8Q1A0115.JPG\" alt=\"\" class=\"brick-c-cFOWSL\" style=\"--brick-image-ratio: 6000 \/ 3368;\"\/><\/p>\n<p>      Rektor ved Vaulen skole Gunn Reidun Tednes-Aaser\u00f8d, sammen med elever.<br \/>\n      Foto: Sander Christenssen\n    <\/p>\n<p>  Se resten av bildene fra feiringen i skoleg\u00e5rden<\/p>\n<p>   <img decoding=\"async\" width=\"6000\" height=\"3368\" fetchpriority=\"low\"  loading=\"lazy\"  src=\"https:\/\/www.europesays.com\/no\/wp-content\/uploads\/2025\/11\/8Q1A0040.JPG\" alt=\"Elleville scener fra Vaulen skole.\" class=\"brick-c-cFOWSL\" style=\"--brick-image-ratio: 6000 \/ 3368;\"\/><\/p>\n<p>      Elleville scener fra Vaulen skole.<br \/>\n      Foto: Sander Christenssen\n    <\/p>\n<p>   <img decoding=\"async\" width=\"6000\" height=\"3368\" fetchpriority=\"low\"  loading=\"lazy\"  src=\"https:\/\/www.europesays.com\/no\/wp-content\/uploads\/2025\/11\/8Q1A0065_1.JPG\" alt=\"Elleville scener fra Vaulen skole.\" class=\"brick-c-cFOWSL\" style=\"--brick-image-ratio: 6000 \/ 3368;\"\/><\/p>\n<p>      Elleville scener fra Vaulen skole.<br \/>\n      Foto: Sander Christenssen\n    <\/p>\n<p>   <img decoding=\"async\" width=\"6000\" height=\"3368\" fetchpriority=\"low\"  loading=\"lazy\"  src=\"https:\/\/www.europesays.com\/no\/wp-content\/uploads\/2025\/11\/8Q1A0070_1.JPG\" alt=\"Elleville scener fra Vaulen skole.\" class=\"brick-c-cFOWSL\" style=\"--brick-image-ratio: 6000 \/ 3368;\"\/><\/p>\n<p>      Elleville scener fra Vaulen skole.<\/p>\n<p>   <img decoding=\"async\" width=\"6000\" height=\"3368\" fetchpriority=\"low\"  loading=\"lazy\"  src=\"https:\/\/www.europesays.com\/no\/wp-content\/uploads\/2025\/11\/8Q1A0125.JPG\" alt=\"\" class=\"brick-c-cFOWSL\" style=\"--brick-image-ratio: 6000 \/ 3368;\"\/><\/p>\n<p>      Flere Glimt-supportere var gjemt i mengden.<br \/>\n      Foto: Sander Christenssen\n    <\/p>\n<p>   <img decoding=\"async\" width=\"6000\" height=\"3368\" fetchpriority=\"low\"  loading=\"lazy\"  src=\"https:\/\/www.europesays.com\/no\/wp-content\/uploads\/2025\/11\/8Q1A0023.JPG\" alt=\"\" class=\"brick-c-cFOWSL\" style=\"--brick-image-ratio: 6000 \/ 3368;\"\/><\/p>\n<p>      Vaulen skole.<br \/>\n      Foto: Sander Christenssen\n    <\/p>\n<p>   <img decoding=\"async\" width=\"6000\" height=\"3368\" fetchpriority=\"low\"  loading=\"lazy\"  src=\"https:\/\/www.europesays.com\/no\/wp-content\/uploads\/2025\/11\/8Q1A0134.JPG\" alt=\"\" class=\"brick-c-cFOWSL\" style=\"--brick-image-ratio: 6000 \/ 3368;\"\/><\/p>\n<p>  <a href=\"https:\/\/www.rastavanger.no\/5-165-183556\" class=\"related-teaser has-image default-story-teaser article--c-eRUmMG article--c-eRUmMG-jKCPdD-design-default\" rel=\"nofollow noopener\" target=\"_blank\"><\/p>\n<p>    <img decoding=\"async\" loading=\"lazy\"  src=\"https:\/\/www.europesays.com\/no\/wp-content\/uploads\/2025\/11\/IMG_0013.jpg\" alt=\"\" class=\"brick-c-cFOWSL\" style=\"\"\/><\/p>\n<p>\n            Les ogs\u00e5<\/p>\n<p>              F\u00f8lg oppladingen til gullkampen med oss l\u00f8rdag klokken 12:00\n        <\/p>\n<p>  <\/a><\/p>\n<p>  <a href=\"https:\/\/www.rastavanger.no\/5-165-183424\" class=\"related-teaser has-image default-story-teaser article--c-eRUmMG article--c-eRUmMG-jKCPdD-design-default\" rel=\"nofollow noopener\" target=\"_blank\"><\/p>\n<p>    <img decoding=\"async\" loading=\"lazy\"  src=\"https:\/\/www.europesays.com\/no\/wp-content\/uploads\/2025\/11\/8Q1A9958.JPG\" alt=\"\" class=\"brick-c-cFOWSL\" style=\"\"\/><\/p>\n<p>\n            Les ogs\u00e5<\/p>\n<p>              O&#8217;Learys har \u00e5pnet d\u00f8rene i Skagen 21\n        <\/p>\n<p>  <\/a><\/p>\n<p>  <a href=\"https:\/\/www.rastavanger.no\/5-165-183366\" class=\"related-teaser has-image default-story-teaser article--c-eRUmMG article--c-eRUmMG-jKCPdD-design-default\" rel=\"nofollow noopener\" target=\"_blank\"><\/p>\n<p>    <img decoding=\"async\" loading=\"lazy\"  src=\"https:\/\/www.europesays.com\/no\/wp-content\/uploads\/2025\/11\/1764363987_850_8Q1A9436.JPG\" alt=\"\" class=\"brick-c-cFOWSL\" style=\"\"\/><\/p>\n<p>\n            Les ogs\u00e5<\/p>\n<p>              Viking-fest? Ingen protest da ordf\u00f8reren ba om penger\n        <\/p>\n<p>  <\/a><\/p>\n","protected":false},"excerpt":{"rendered":"\u2013 Sha la lalalala, de m\u00f8rke bl\u00e5, l\u00f8d det fra raden av ivrige unge fans som ledet dagens&hellip;\n","protected":false},"author":2,"featured_media":99512,"comment_status":"","ping_status":"","sticky":false,"template":"","format":"standard","meta":{"footnotes":""},"categories":[59],"tags":[36,1301,92,30,28,29,804,83,82,1510,435],"class_list":{"0":"post-99511","1":"post","2":"type-post","3":"status-publish","4":"format-standard","5":"has-post-thumbnail","7":"category-sport","8":"tag-art","9":"tag-barn","10":"tag-fotball","11":"tag-no","12":"tag-norge","13":"tag-norway","14":"tag-skole","15":"tag-sport","16":"tag-sports","17":"tag-story","18":"tag-viking"},"share_on_mastodon":{"url":"https:\/\/pubeurope.com\/@no\/115629364917579490","error":""},"_links":{"self":[{"href":"https:\/\/www.europesays.com\/no\/wp-json\/wp\/v2\/posts\/99511","targetHints":{"allow":["GET"]}}],"collection":[{"href":"https:\/\/www.europesays.com\/no\/wp-json\/wp\/v2\/posts"}],"about":[{"href":"https:\/\/www.europesays.com\/no\/wp-json\/wp\/v2\/types\/post"}],"author":[{"embeddable":true,"href":"https:\/\/www.europesays.com\/no\/wp-json\/wp\/v2\/users\/2"}],"replies":[{"embeddable":true,"href":"https:\/\/www.europesays.com\/no\/wp-json\/wp\/v2\/comments?post=99511"}],"version-history":[{"count":0,"href":"https:\/\/www.europesays.com\/no\/wp-json\/wp\/v2\/posts\/99511\/revisions"}],"wp:featuredmedia":[{"embeddable":true,"href":"https:\/\/www.europesays.com\/no\/wp-json\/wp\/v2\/media\/99512"}],"wp:attachment":[{"href":"https:\/\/www.europesays.com\/no\/wp-json\/wp\/v2\/media?parent=99511"}],"wp:term":[{"taxonomy":"category","embeddable":true,"href":"https:\/\/www.europesays.com\/no\/wp-json\/wp\/v2\/categories?post=99511"},{"taxonomy":"post_tag","embeddable":true,"href":"https:\/\/www.europesays.com\/no\/wp-json\/wp\/v2\/tags?post=99511"}],"curies":[{"name":"wp","href":"https:\/\/api.w.org\/{rel}","templated":true}]}}