{"id":99527,"date":"2025-11-28T21:30:16","date_gmt":"2025-11-28T21:30:16","guid":{"rendered":"https:\/\/www.europesays.com\/no\/99527\/"},"modified":"2025-11-28T21:30:16","modified_gmt":"2025-11-28T21:30:16","slug":"like-varmt-som-i-marrakech","status":"publish","type":"post","link":"https:\/\/www.europesays.com\/no\/99527\/","title":{"rendered":"Like varmt som i Marrakech"},"content":{"rendered":"<p class=\"kicker \" style=\"\">V\u00e6ret:<\/p>\n<p>  Fredag var Oslo like varm som Marrakech. N\u00e5 gj\u00f8r vinteren comeback, f\u00f8r\u00a0 varme luftmasser igjen bl\u00e5ser inn over hele Norge.\u00a0<\/p>\n<p>\n    MARRAKESH SKYLINE: Fredag ble det m\u00e5lt ni grader i Oslo og i Marrakesh i Marokko. Foto: Nick Fox \/ Shutterstock \/ NTB\n  <\/p>\n<p>De siste dagene har overgangen fra minusgrader til mildv\u00e6r f\u00f8rt til s\u00e5peglatte veier flere steder i landet.\u00a0<\/p>\n<p>Fredag morgen mottok Innlandet politidistrikt meldinger om b\u00e5de glatte veier og ulykker, og trafikkoperat\u00f8r Vegard Hornes Halvorsen ved Vegtrafikksentralen kom med en <a href=\"https:\/\/www.dagbladet.no\/nyheter\/advarer-ordentlig-skummelt-fore\/83911280\" target=\"_blank\" rel=\"nofollow noopener\">klar advarsel<\/a>:<\/p>\n<p>&#8211;\u00a0Under vannet ligger det en ishinne, fordi det fortsatt er kaldt i bakken. Det er et ordentlig skummelt f\u00f8re, sa han til Dagbladet. <\/p>\n<p>        SLUKES: En massiv redningsaksjon ble igangsatt da et sn\u00f8skred rammet alpinanlegget ved Stubai-breen i Tyrol i \u00d8sterrike torsdag morgen 27. november. Video: Tiktok\/@sebintirol. Reporter: Christina H. Korneliussen<\/p>\n<p>Tosifret varmegrader\t<\/p>\n<p>Leonidas Tsopouridis, statsmeteorolog ved Meteorologisk institutt, sier til Dagbladet at de varme luftmassene som har bl\u00e5st fra s\u00f8rlige deler av Europa har preget hele landet fredag.\u00a0<\/p>\n<p>&#8211; Det er uvanlig at man ser slike milde temperaturer flere steder i landet samtidig. I tillegg har det bl\u00e5st og v\u00e6rt f\u00f8nvind, noe som gir h\u00f8yere temperaturer, sier\u00a0Tsopouridis.<\/p>\n<p>    <a itemprop=\"url\" href=\"https:\/\/www.dagbladet.no\/nyheter\/advarer-ordentlig-skummelt-fore\/83911280\" rel=\"nofollow noopener\" target=\"_blank\"><\/p>\n<p>      <img loading=\"lazy\" decoding=\"async\" src=\"https:\/\/www.europesays.com\/no\/wp-content\/uploads\/2025\/11\/83911357.webp\" width=\"980\" height=\"441\" title=\"Advarer: - Ordentlig skummelt f\u00f8re\" alt=\"\" class=\"lazyload\" style=\"--aspect-ratio-image: 2.22; \"\/><\/p>\n<p>        Advarer: &#8211; Ordentlig skummelt f\u00f8re<\/p>\n<p>    <\/a><\/p>\n<p>Spesielt i Tafjord i M\u00f8re og Romsdal ble det mildt med 13,7 grader natt til fredag. Sunndals\u00f8ra l\u00e5 like bak med 13,6 grader, deretter Lysebotn i Rogaland med 12,2 grader og Bergen i Vestland med 11,3 grader.\u00a0<\/p>\n<p>P\u00e5 \u00d8stlandet kunne Drammen skilte med temperaturer over ti grader. I Oslo ble det m\u00e5lt ni grader, og meteorologene kunne derfor bekrefte at det var like varmt i hovedstaden som i Marrakech i Marokko.\u00a0<\/p>\n<p>          <img loading=\"lazy\" decoding=\"async\" src=\"https:\/\/www.europesays.com\/no\/wp-content\/uploads\/2025\/11\/83915376.webp\" width=\"980\" height=\"559\" title=\"VINTER: S\u00f8ndag blir det vinterlig i hele landet. B\u00e5de i Nord- og i S\u00f8r-Norge blir det p\u00e5fyll av sn\u00f8 og lavere temperaturer. Skjermdump: Yr.no\" alt=\"\" class=\"\" style=\"--aspect-ratio-image: 1.75; \"\/><\/p>\n<p>\n          VINTER: S\u00f8ndag blir det vinterlig i hele landet. B\u00e5de i Nord- og i S\u00f8r-Norge blir det p\u00e5fyll av sn\u00f8 og lavere temperaturer. Skjermdump: Yr.no\n      <\/p>\n<blockquote class=\"yr-embed\" data-post-id=\"b84130e4-968c-4904-86ee-7fd06473d4d7\"><p>Det er varmt i Norge n\u00e5, sammenlignet med resten av Europa \ud83c\udf21\ufe0f<\/p>\n<p>\ud83d\udccdOslo er en av de varmeste hovedstedene i Europa. <br \/>\ud83d\udccdHaugesund er varmere enn b\u00e5de Tunis og Marrakech. <br \/>Hvorfor? Norge ligger i et smalt belte med varm luft fra Atlanteren, mens et stort omr\u00e5de med kald luft ligger over Middelhavet.<\/p>\n<p><a href=\"https:\/\/www.yr.no\/nb\/meteorologene\/b84130e4-968c-4904-86ee-7fd06473d4d7\" rel=\"nofollow noopener\" target=\"_blank\">Se melding p\u00e5 Yr<\/a> \u00b7 I dag kl. 10:05<\/p>\n<\/blockquote>\n<p>Vinterlig comeback\t<\/p>\n<p>Meteorologen kommer med en liten gladnyhet:\u00a0<\/p>\n<p>&#8211; L\u00f8rdag er det gode sjanser for lengre perioder med sol p\u00e5 \u00d8stlandet og S\u00f8rlandet. Ogs\u00e5 i s\u00f8rvestlige deler av landet, som i Stavanger, blir den beste dagen l\u00f8rdag &#8211; med mulighet for sol.\u00a0<\/p>\n<p>    <a itemprop=\"url\" href=\"https:\/\/www.dagbladet.no\/nyheter\/usa-planlegger-russland-anerkjennelse\/83913835\" rel=\"nofollow noopener\" target=\"_blank\"><\/p>\n<p>      <img loading=\"lazy\" decoding=\"async\" src=\"https:\/\/www.europesays.com\/no\/wp-content\/uploads\/2025\/11\/83913896.webp\" width=\"980\" height=\"441\" title=\"USA planlegger Russland-anerkjennelse\" alt=\"\" class=\"lazyload\" style=\"--aspect-ratio-image: 2.22; \"\/><\/p>\n<p>        USA planlegger Russland-anerkjennelse<\/p>\n<p>    <\/a><\/p>\n<p class=\"font-weight-bold m-font-weight-bold\" data-lab-font_weight=\"font-weight-bold\">Helga vil imidlertid preges av at vinteren gj\u00f8r et comeback.\u00a0<\/p>\n<p>De varme luftmassene som har bl\u00e5st inn over landet fra en s\u00f8r\u00f8stlig retning byttes ut med en mer nordvestlig vind som tar med seg kj\u00f8ligere luft fra Norskehavet.<\/p>\n<p class=\"font-weight-bold m-font-weight-bold\" data-lab-font_weight=\"font-weight-bold\">&#8211; Fra l\u00f8rdag ettermiddag vil man merke endringen, og s\u00e6rlig fra Tr\u00f8ndelag og nordover som vil f\u00e5 p\u00e5fyll av sn\u00f8. Men ogs\u00e5 flere steder \u00f8stafjells i S\u00f8r-Norge er det fare for sn\u00f8byger, helt ned i lavlandet p\u00e5 s\u00f8ndag, sier\u00a0Tsopouridis.<\/p>\n<blockquote class=\"yr-embed\" data-post-id=\"f9d3a288-d342-45e6-8958-1b9a0bd3ceb4\"><p>Bor du p\u00e5 \u00d8stlandet og planlegger helgens aktiviteter? Her er v\u00e6rmeldingen: <\/p>\n<p>I morgen blir det opphold og en del sol \u2600\ufe0f En god tur-dag \ud83e\udd7e<\/p>\n<p>S\u00f8ndag blir det kaldere og perioder med sn\u00f8 \u2744\ufe0f Langs kysten kommer det som sludd. <\/p>\n<p><a href=\"https:\/\/www.yr.no\/nb\/meteorologene\/f9d3a288-d342-45e6-8958-1b9a0bd3ceb4\" rel=\"nofollow noopener\" target=\"_blank\">Se melding p\u00e5 Yr<\/a> \u00b7 I dag kl. 12:58<\/p>\n<\/blockquote>\n<p>&#8211; Man b\u00f8r ikke bli overrasket dersom det blir vinter i M\u00f8re og Romsdal, og i nordlige og indre deler av \u00d8stlandet, som vil f\u00e5 sn\u00f8 igjen, sier han.\u00a0<\/p>\n<p> Meteorologen opplyser at det fortsatt er et lite sp\u00f8rsm\u00e5lstegn om hvordan nedb\u00f8ren kommer til \u00e5 se ut i omr\u00e5det rundt Oslo og Oslofjorden. Her vil nedb\u00f8ren trolig komme som sludd.\u00a0<\/p>\n<p class=\"font-weight-bold m-font-weight-bold\" data-lab-font_weight=\"font-weight-bold\">&#8211; Temperaturmessig vil det bli en ganske stor forskjell fra de milde temperaturene vi har kjent p\u00e5 n\u00e5. Det blir vanskelig \u00e5 f\u00e5 h\u00f8yere temperaturer enn to til tre grader, sier Tsopouridis.\u00a0<\/p>\n<p>I nord vil det bli sv\u00e6rt s\u00e5 vinterlig med b\u00e5de sn\u00f8 og minusgrader.\u00a0<\/p>\n<blockquote class=\"yr-embed\" data-post-id=\"3fbc1e2b-2bc1-45f8-b85c-c623b03554ca\"><p>Helgev\u00e6ret Nord-Norge: <\/p>\n<p>Mildv\u00e6ret fortsetter, men p\u00e5 s\u00f8ndag blir det en gradvis overgang til kuldegrader og sn\u00f8 igjen\ud83c\udf27\ufe0f\ud83c\udf28\ufe0f<\/p>\n<p>Perioder med kraftig vind, f\u00f8rst fra s\u00f8r. Utover l\u00f8rdagen overgang til nordvestlig vind\ud83c\udf2c\ufe0f\u2b06\ufe0f\u2198\ufe0f<\/p>\n<p><a href=\"https:\/\/www.yr.no\/nb\/meteorologene\/3fbc1e2b-2bc1-45f8-b85c-c623b03554ca\" rel=\"nofollow noopener\" target=\"_blank\">Se melding p\u00e5 Yr<\/a> \u00b7 I g\u00e5r kl. 14:13<\/p>\n<\/blockquote>\n<p>Nye milde luftmasser\t<\/p>\n<p>Etter en vinterlig snarvisitt i helga, vil det komme nye milde luftmasser inn over landet p\u00e5 mandag.\u00a0<\/p>\n<p>Men i stedet for de varme luftmassene fra Spania og Frankrike som vi har kjent p\u00e5 f\u00f8r helga, vil luftmassene fra mandag av bl\u00e5se fra Atlanterhavet.\u00a0<\/p>\n<p>&#8211; Det blir ganske varmt, men ikke like varmt som temperaturene vi har sett fredag, sier Tsopouridis og legger til:<\/p>\n<p class=\"font-weight-bold m-font-weight-bold\" data-lab-font_weight=\"font-weight-bold\">&#8211; Kort oppsummert kan man si at det blir litt \u00abjojo\u00bb-v\u00e6r de kommende dagene.\u00a0<\/p>\n","protected":false},"excerpt":{"rendered":"V\u00e6ret: Fredag var Oslo like varm som Marrakech. N\u00e5 gj\u00f8r vinteren comeback, f\u00f8r\u00a0 varme luftmasser igjen bl\u00e5ser inn&hellip;\n","protected":false},"author":2,"featured_media":99528,"comment_status":"","ping_status":"","sticky":false,"template":"","format":"standard","meta":{"footnotes":""},"categories":[10],"tags":[20,21,24,25,15,2539,22,23,13,30,28,29,14,16,26,27,387],"class_list":{"0":"post-99527","1":"post","2":"type-post","3":"status-publish","4":"format-standard","5":"has-post-thumbnail","7":"category-norge","8":"tag-breaking-news","9":"tag-breakingnews","10":"tag-featured-news","11":"tag-featurednews","12":"tag-headlines","13":"tag-innenriks","14":"tag-latest-news","15":"tag-latestnews","16":"tag-news","17":"tag-no","18":"tag-norge","19":"tag-norway","20":"tag-nyheter","21":"tag-overskrifter","22":"tag-top-stories","23":"tag-topstories","24":"tag-vaeret"},"share_on_mastodon":{"url":"https:\/\/pubeurope.com\/@no\/115629459408051762","error":""},"_links":{"self":[{"href":"https:\/\/www.europesays.com\/no\/wp-json\/wp\/v2\/posts\/99527","targetHints":{"allow":["GET"]}}],"collection":[{"href":"https:\/\/www.europesays.com\/no\/wp-json\/wp\/v2\/posts"}],"about":[{"href":"https:\/\/www.europesays.com\/no\/wp-json\/wp\/v2\/types\/post"}],"author":[{"embeddable":true,"href":"https:\/\/www.europesays.com\/no\/wp-json\/wp\/v2\/users\/2"}],"replies":[{"embeddable":true,"href":"https:\/\/www.europesays.com\/no\/wp-json\/wp\/v2\/comments?post=99527"}],"version-history":[{"count":0,"href":"https:\/\/www.europesays.com\/no\/wp-json\/wp\/v2\/posts\/99527\/revisions"}],"wp:featuredmedia":[{"embeddable":true,"href":"https:\/\/www.europesays.com\/no\/wp-json\/wp\/v2\/media\/99528"}],"wp:attachment":[{"href":"https:\/\/www.europesays.com\/no\/wp-json\/wp\/v2\/media?parent=99527"}],"wp:term":[{"taxonomy":"category","embeddable":true,"href":"https:\/\/www.europesays.com\/no\/wp-json\/wp\/v2\/categories?post=99527"},{"taxonomy":"post_tag","embeddable":true,"href":"https:\/\/www.europesays.com\/no\/wp-json\/wp\/v2\/tags?post=99527"}],"curies":[{"name":"wp","href":"https:\/\/api.w.org\/{rel}","templated":true}]}}