{"id":99542,"date":"2025-11-28T21:42:12","date_gmt":"2025-11-28T21:42:12","guid":{"rendered":"https:\/\/www.europesays.com\/no\/99542\/"},"modified":"2025-11-28T21:42:12","modified_gmt":"2025-11-28T21:42:12","slug":"douglas-booth-apner-opp-om-farens-selvmord","status":"publish","type":"post","link":"https:\/\/www.europesays.com\/no\/99542\/","title":{"rendered":"Douglas Booth \u00e5pner opp om farens selvmord"},"content":{"rendered":"<p class=\"kicker \" style=\"\">Douglas Booth:<\/p>\n<p>  Faren tok sitt eget liv tidligere i \u00e5r. N\u00e5 oppfordrer skuespilleren andre til \u00e5 rette blikket mot menns psykiske helse.<\/p>\n<p>\n    SNAKKER UT: Skuespilleren snakker ut om psykisk helse, og de fatale konsekvensene som kan forekomme om man ikke tar det p\u00e5 alvor. Foto: Scott A Garfitt\n  <\/p>\n<p>\u00abPride and Prejudice\u00bb-stjernen Douglas Booth (33) \u00e5pner opp om faren sin, som tok livet sitt tidligere i \u00e5r. Det skriver <a href=\"https:\/\/www.dailymail.co.uk\/tvshowbiz\/article-15330149\/Pride-Prejudice-Douglas-Booth-father-taken-life.html\" target=\"_blank\" rel=\"nofollow noopener\">Daily Mail<\/a>.<\/p>\n<p>    <a itemprop=\"url\" href=\"https:\/\/www.seher.no\/kjendis\/lider-ikke-av-skyldfolelse\/83910234\" rel=\"nofollow noopener\" target=\"_blank\"><\/p>\n<p>      <img loading=\"lazy\" decoding=\"async\" src=\"https:\/\/www.europesays.com\/no\/wp-content\/uploads\/2025\/11\/1764366131_364_83910250.webp\" width=\"980\" height=\"441\" title=\"- Burde tatt grep f\u00f8r\" alt=\"\" class=\"lazyload\" style=\"--aspect-ratio-image: 2.22; \"\/><\/p>\n<p>        &#8211; Burde tatt grep f\u00f8r<\/p>\n<p>    <\/a><\/p>\n<p>Denne onsdagen ville faren fylt 64 \u00e5r. I den anledning delte skuespilleren en rekke bilder av faren p\u00e5 Instagram. Under innlegget \u00e5pner han seg om farens bortgang, og l\u00f8fter frem n\u00f8dvendigheten av \u00e5 ta psykisk helse p\u00e5 alvor.<\/p>\n<p>&#8211; Ensomhet er en stille epidemi, skrev han og forteller at han selv har slitt med angst.\u00a0<\/p>\n<p>&#8211; Det er ikke s\u00e5 enkelt som \u00e5 \u00absjekke inn\u00bb p\u00e5 dem du er glad i \u2013 noen ganger kan de ikke h\u00f8re deg, selv n\u00e5r du pr\u00f8ver. N\u00e5r folk blir eldre, mister strukturen i arbeidslivet eller st\u00e5r overfor endringer i identitet eller kropp, kan verden bli enda vanskeligere \u00e5 navigere i, fortsetter han og r\u00f8per at faren led av udiagnostisert autisme.<\/p>\n<p>    <a itemprop=\"url\" href=\"https:\/\/www.seher.no\/kjendis\/advart-mot-overgriper-alle-visste-det\/83911622\" rel=\"nofollow noopener\" target=\"_blank\"><\/p>\n<p>      <img loading=\"lazy\" decoding=\"async\" src=\"https:\/\/www.europesays.com\/no\/wp-content\/uploads\/2025\/11\/83887740.webp\" width=\"980\" height=\"441\" title=\"Advart mot overgriper: - Alle visste det\" alt=\"\" class=\"lazyload\" style=\"--aspect-ratio-image: 2.22; \"\/><\/p>\n<p>        Advart mot overgriper: &#8211; Alle visste det<\/p>\n<p>    <\/a><\/p>\n<p>Han skriver at \u00e5 miste noen til selvmord er en kompleks sorg, og at hjertet hans er med alle som har opplevd det samme. Han er utrolig takknemlig for familie og venner som har v\u00e6rt der for han i den tunge tiden.\u00a0\u00abGratulerer med dagen, pappa. Jeg elsker deg og savner deg. Alltid\u00bb, avslutter han innlegget.<\/p>\n<p>        STYGT: Det blir en vond seanse n\u00e5r Benjamin Ingrosso, den nye typen til Annika Momrak, blir konfrontert av eksen Oskar Westerlin. Video: NRK TV\/ Nora Skavhaug\/ Thea Hope\/ R\u00f8d L\u00f8per<\/p>\n<p>Den britiske skuespilleren har v\u00e6rt \u00e5 se i en rekke store filmer og serier. I 2010 slo han gjennom med rollen som den androgyne popstjernen Boy George i filmen \u00abWorried About the Boy\u00bb. Han har senest v\u00e6rt \u00e5 se i Netflix-serien \u00abThe Sandman\u00bb i rollen som\u00a0 Cluracan.<\/p>\n<p>          <img loading=\"lazy\" decoding=\"async\" src=\"https:\/\/www.europesays.com\/no\/wp-content\/uploads\/2025\/11\/83912200.webp\" width=\"686\" height=\"392\" title=\"STJERNEPAR: I Instagram-innlegget om faren inkluderte Booth et bilde av konen sin og faren sammen. Foto: JP\/RV \/ SplashNews.com\" alt=\"\" class=\"\" style=\"--aspect-ratio-image: 1.75; \"\/><\/p>\n<p>\n          STJERNEPAR: I Instagram-innlegget om faren inkluderte Booth et bilde av konen sin og faren sammen. Foto: JP\/RV \/ SplashNews.com\n      <\/p>\n<p>    Trenger du noen \u00e5 snakke med?<\/p>\n<ul>\n<li>Ved akutt fare for selvmord, ring 113 umiddelbart. Ring heller en gang for mye enn en gang for lite.<\/li>\n<li>Mental Helse tilbyr d\u00f8gn\u00e5pen telefontjeneste og nettjeneste for alle som trenger noen \u00e5 snakke med. Ring 116 123 eller g\u00e5 inn p\u00e5\u00a0<a href=\"https:\/\/sidetmedord.mentalhelse.no\/\" rel=\"nofollow noopener\" target=\"_blank\">Sidetmedord.no<\/a>.<\/li>\n<li><a href=\"https:\/\/mentalhelseungdom.no\/fa-hjelp\/\" rel=\"nofollow noopener\" target=\"_blank\">Mental Helse Ungdom tilbyr chat<\/a>\u00a0for unge voksne som trenger noen \u00e5 snakke med.<\/li>\n<li>Kirkens SOS Norge har d\u00f8gn\u00e5pen hjelpetelefon, chat og meldingstjenestene. Ring 22 4000 40 eller g\u00e5 inn p\u00e5\u00a0<a href=\"https:\/\/www.kirkens-sos.no\/telefon\" rel=\"nofollow noopener\" target=\"_blank\">kirkens-sos.no<\/a>.<\/li>\n<\/ul>\n<p>For spilleavhengighet:<\/p>\n<ul>\n<li class=\"lab-bodytext-line\"><a href=\"https:\/\/spillavhengighet.no\/hjelpetilbud\/hjelpetelefonen\/\" rel=\"nofollow noopener\" target=\"_blank\">Hjelpetelefonen<\/a> (tlf: 477 00 200). B\u00e5de spilleavhengige, p\u00e5r\u00f8rende, bekjente og bekymrede venner\/kolleger kan ringe for r\u00e5d og hjelp.<\/li>\n<li class=\"lab-bodytext-line\">Hjelpelinjen p\u00e5 tlf 800 800 40<\/li>\n<li class=\"lab-bodytext-line\">E-post til <a href=\"https:\/\/www.seher.no\/cdn-cgi\/l\/email-protection\" class=\"__cf_email__\" data-cfemail=\"25554a5651654d4f40495540494c4b4f404b0b4b4a\" rel=\"nofollow noopener\" target=\"_blank\">[email\u00a0protected]<\/a><\/li>\n<li class=\"lab-bodytext-line\">Fastlege eller NAV kan ogs\u00e5 v\u00e6re behjelpelig for veien videre.\u00a0<\/li>\n<\/ul>\n<p class=\"italic m-italic\" data-lab-italic=\"italic\">Kilde:\u00a0<a href=\"https:\/\/www.helsenorge.no\/psykisk-helse\/trenger-du-noen-a-snakke-med\/?gad_source=1&amp;gclid=CjwKCAjwufq2BhAmEiwAnZqw8kOXj-otjPbpepM1ATjWAlnETKsaqeE2IA04nerg9YT5jM7QhqU_txoCEucQAvD_BwE\" rel=\"nofollow noopener\" target=\"_blank\">Helsenorge.no<\/a><\/p>\n<p>      Vis mer<br \/>\n      Vis mindre<\/p>\n<p>I 2023 giftet han seg med Bel Powley (33), som ogs\u00e5 er skuespiller. Hun er for \u00f8yeblikket aktuell med Apple-serien \u00abThe Morning Show\u00bb.<\/p>\n<p>De siste \u00e5rene har det gjevnt over blitt mer fokus p\u00e5 menns mentale helse. Her til lands, i likhet med store deler av verden, er det nemlig\u00a0<a href=\"https:\/\/www.fhi.no\/nyheter\/2025\/fortsatt-hoye-selvmordstall\/\" target=\"_blank\" rel=\"nofollow noopener\">mennene som topper selvmords-statistikken<\/a>.<\/p>\n","protected":false},"excerpt":{"rendered":"Douglas Booth: Faren tok sitt eget liv tidligere i \u00e5r. N\u00e5 oppfordrer skuespilleren andre til \u00e5 rette blikket&hellip;\n","protected":false},"author":2,"featured_media":99543,"comment_status":"","ping_status":"","sticky":false,"template":"","format":"standard","meta":{"footnotes":""},"categories":[58],"tags":[12724,71,479,2543,30,28,29,72],"class_list":{"0":"post-99542","1":"post","2":"type-post","3":"status-publish","4":"format-standard","5":"has-post-thumbnail","7":"category-underholdning","8":"tag-douglas-booth","9":"tag-entertainment","10":"tag-kjendis","11":"tag-kjendisdesken","12":"tag-no","13":"tag-norge","14":"tag-norway","15":"tag-underholdning"},"share_on_mastodon":{"url":"https:\/\/pubeurope.com\/@no\/115629506223194126","error":""},"_links":{"self":[{"href":"https:\/\/www.europesays.com\/no\/wp-json\/wp\/v2\/posts\/99542","targetHints":{"allow":["GET"]}}],"collection":[{"href":"https:\/\/www.europesays.com\/no\/wp-json\/wp\/v2\/posts"}],"about":[{"href":"https:\/\/www.europesays.com\/no\/wp-json\/wp\/v2\/types\/post"}],"author":[{"embeddable":true,"href":"https:\/\/www.europesays.com\/no\/wp-json\/wp\/v2\/users\/2"}],"replies":[{"embeddable":true,"href":"https:\/\/www.europesays.com\/no\/wp-json\/wp\/v2\/comments?post=99542"}],"version-history":[{"count":0,"href":"https:\/\/www.europesays.com\/no\/wp-json\/wp\/v2\/posts\/99542\/revisions"}],"wp:featuredmedia":[{"embeddable":true,"href":"https:\/\/www.europesays.com\/no\/wp-json\/wp\/v2\/media\/99543"}],"wp:attachment":[{"href":"https:\/\/www.europesays.com\/no\/wp-json\/wp\/v2\/media?parent=99542"}],"wp:term":[{"taxonomy":"category","embeddable":true,"href":"https:\/\/www.europesays.com\/no\/wp-json\/wp\/v2\/categories?post=99542"},{"taxonomy":"post_tag","embeddable":true,"href":"https:\/\/www.europesays.com\/no\/wp-json\/wp\/v2\/tags?post=99542"}],"curies":[{"name":"wp","href":"https:\/\/api.w.org\/{rel}","templated":true}]}}