{"id":99553,"date":"2025-11-28T21:53:41","date_gmt":"2025-11-28T21:53:41","guid":{"rendered":"https:\/\/www.europesays.com\/no\/99553\/"},"modified":"2025-11-28T21:53:41","modified_gmt":"2025-11-28T21:53:41","slug":"ursula-von-der-leyen-er-fullstendig-distansert-fra-virkeligheten","status":"publish","type":"post","link":"https:\/\/www.europesays.com\/no\/99553\/","title":{"rendered":"Ursula von der Leyen er fullstendig distansert fra virkeligheten"},"content":{"rendered":"<p>            <img loading=\"lazy\" decoding=\"async\" width=\"696\" height=\"389\" class=\"entry-thumb\" src=\"https:\/\/www.europesays.com\/no\/wp-content\/uploads\/2025\/11\/ursula-pa-talerstolen-2025.jpg\"   alt=\"\" title=\"ursula pa\u030a talerstolen 2025\"\/>Ursula von der Leyen.<\/p>\n<p>Presidenten for Europakommisjonens tale 25. november 2025 var animert av det samme gjenstridige tullet som tvang Napoleon til \u00e5 invadere Russland i 1812 og Hitler til \u00e5 gj\u00f8re det samme i 1941.<a href=\"https:\/\/substack.com\/@johnleake734116\" rel=\"nofollow noopener\" target=\"_blank\"><\/p>\n<p><a href=\"https:\/\/substack.com\/@johnleake734116\" rel=\"nofollow noopener\" target=\"_blank\">John Leake<\/a>, 26. november 2025<\/p>\n<p>Da han s\u00e5 tilbake p\u00e5 krigene i Schleswig-Holstein p\u00e5 midten av 1800-tallet, sa Lord Palmerston sp\u00f8kefullt:<\/p>\n<blockquote class=\"wp-block-quote is-layout-flow wp-block-quote-is-layout-flow\">\n<p>\u00abSchleswig-Holstein-sp\u00f8rsm\u00e5let er s\u00e5 komplisert at bare tre menn i Europa noen gang har forst\u00e5tt det. Den ene var prins Albert, som er d\u00f8d. Den andre var en tysk professor som ble gal. Jeg er den tredje, og jeg har glemt alt om det\u00bb.<\/p>\n<\/blockquote>\n<p>Palmerston sp\u00f8kte med det faktum at i mange av Europas konflikter forst\u00e5r ikke de krigf\u00f8rende partene hva de kjemper om.<\/p>\n<p>Storbritannia, Frankrike og Tyskland har aldri forst\u00e5tt Russland, og deres politikk overfor Russland har alltid v\u00e6rt blodig, morderisk og dum. Tenk p\u00e5 at begrunnelsen for Krimkrigen (1853\u201356) var \u00e5 redusere Russlands voksende innflytelse i en region som lenge hadde v\u00e6rt kontrollert av Det osmanske riket. Med andre ord foretrakk geniene i London det svake styret til osmanske slavehandlere i Svartehavet fremfor den kristne tsaren Nikolaj Is styre.<\/p>\n<p>I 1812 tryglet Napoleons r\u00e5dgiver, Armand-Augustin-Louis de Caulaincourt, samt hans ekskone Josephine (hvis r\u00e5d han vanligvis hadde verdsatt) ham om ikke \u00e5 invadere Russland, men han nektet \u00e5 lytte til dem.<\/p>\n<p>P\u00e5 grunn av sin gjenstridige stolthet klarte han ikke \u00e5 gjenkjenne den \u00e5penbare fellen som den russiske kommandanten general Mikhail Kutuzov hadde satt for ham \u2013 nemlig den \u00e5 trekke seg strategisk tilbake dypt inn i Russland n\u00e5r vinteren setter inn, og dermed overutvide de franske forsyningslinjene og la den russiske vinteren gj\u00f8re mesteparten av det dystre arbeidet med franske soldater.<\/p>\n<p><img data-recalc-dims=\"1\" fetchpriority=\"high\" decoding=\"async\" width=\"696\" height=\"429\" src=\"https:\/\/www.europesays.com\/no\/wp-content\/uploads\/2025\/11\/napoelon-i-russland.jpg\" alt=\"\" class=\"wp-image-104038\"  \/>\u00abNapoleons tilbaketrekning fra Moskva\u00bb er malt av\u00a0Adolph Northen.<\/p>\n<p>Etter \u00e5 ha erkl\u00e6rt krig mot Russland i august 1914, etablerte Tyskland og \u00d8sterrike-Ungarn \u00f8stfronten i den \u00f8sterrikske territoriale besittelsen Galicia, som n\u00e5 er en del av det vestlige Ukraina. I juni 1916 startet den russiske h\u00e6ren Brusilov-offensiven, som p\u00e5f\u00f8rte omtrent \u00e9n million tap i de tyske og \u00f8sterrikske h\u00e6rene. Jeg mistenker at f\u00e5, om noen, medlemmer av EU-parlamentet i det hele tatt vet om Brusilov-offensiven.<\/p>\n<p>I 1941, beruset av sin enkle seier i Frankrike, bestemte Hitler seg for \u00e5 sette i gang Operasjon Barbarossa, og dermed utsatte han den tyske h\u00e6ren for den samme elendigheten som franskmennene hadde lidd i 1812. Den tyske stabssjefen Franz Halder frar\u00e5det ham det sterkt, men \u00ablillekorporalen fra \u00d8sterrike\u00bb nektet \u00e5 h\u00f8re p\u00e5 ham.<\/p>\n<p>N\u00e5 kommer vi til Ursula von der Leyens tale for EU-parlamentet i Strasbourg 25. november 2025, som kan v\u00e6re den mest meningsl\u00f8se talen som noen gang er holdt i Europas historie.<\/p>\n<p>Ursulas farslinje er fra velgerd\u00f8mmet Hannover, hvis hus Hannover frembrakte den gale kong George III og hans imbecile s\u00f8nner George IV og \u00abSilly Billy\u00bb kong William IV.<\/p>\n<p>Ursula klarer \u00e5 fortsette \u00e5 ta \u00f8deleggende avgj\u00f8relser for Europa fordi hun aldri blir holdt ansvarlig for noen av dem. Under pandemien hadde hun private samtaler via tekstmelding med Pfizer-sjef Albert Bourla (se <strong><a href=\"https:\/\/www.thefocalpoints.com\/p\/did-ursula-von-der-leyen-and-albert?utm_source=publication-search\" rel=\"nofollow noopener\" target=\"_blank\">Blandet Ursula von der Leyen og Albert Bourla forretninger med forn\u00f8yelse<\/a>?)<\/strong> for \u00e5 forgifte hele Europa med mRNA-spr\u00f8yten sin. Den dag i dag har hun aldri blitt tvunget til \u00e5 offentliggj\u00f8re disse meldingene. Hun <a href=\"https:\/\/www.thefocalpoints.com\/p\/eu-president-likens-free-speech-to?utm_source=publication-search\" rel=\"nofollow noopener\" target=\"_blank\">sammenlignet ogs\u00e5 nylig ytringsfrihet med en smittsom sykdom<\/a>.<\/p>\n<p>N\u00e5 vil hun fortsette krigen i Ukraina og fortsette \u00e5 sende EU-skattebetalernes penger til det korrupte, tjuvaktige og hvitvaskende diktaturet i Kiev.<\/p>\n<p><img loading=\"lazy\" data-recalc-dims=\"1\" decoding=\"async\" width=\"696\" height=\"723\" src=\"https:\/\/www.europesays.com\/no\/wp-content\/uploads\/2025\/11\/image-34-1.jpg\" alt=\"\" class=\"wp-image-154232\" style=\"width:600px\"  \/><\/p>\n<p>President Trump burde fortelle henne at det rett og slett ikke er i USAs interesse \u00e5 fortsette denne krigen mot Russland og at han og bare han kommer til \u00e5 forhandle med russerne for \u00e5 f\u00e5 slutt p\u00e5 den.<\/p>\n<p>Mens han er i gang, burde han minne den dumme kansleren Merz p\u00e5 at USA fortsatt har 35.000 v\u00e6pnede menn stasjonert i Tyskland for \u00e5 hindre regjeringen i \u00e5 gj\u00f8re dumme ting som \u00e5 starte en ny krig med Russland.<\/p>\n<p>Det virker i \u00f8kende grad som om Europas \u00abledere\u00bb \u2013 Starmer, Macron, Merz og von der Leyen \u2013 oppfatter at de m\u00e5 fortsette krigen med Russland for sin egen politiske overlevelse.<\/p>\n<p>Jeg lurer p\u00e5 om de er redde for at \u2013 hvis Zelenskyj-regimet kollapser og Zelenskyj blir tvunget til \u00e5 slutte seg til sin \u00ablommebok\u00bb, Timur Mindich, i \u00e5 flykte til Israel \u2013 vil den n\u00f8yaktige mekanismen bak deres deltakelse i dette uhyrlig korrupte foretaket bli avsl\u00f8rt.<\/p>\n<p>Realiteten i krigen i Ukraina er at Russland bevisst og systematisk ble lokket til \u00e5 starte sin milit\u00e6re operasjon. Hensikten med denne russiske bj\u00f8rnelokkingen var \u00e5 tappe Russland for blod og gi vestlige \u00abledere\u00bb et p\u00e5skudd for:<\/p>\n<p>1) Avlede oppmerksomheten fra COVID-19-fiaskoen de selv skapte.<\/p>\n<p>2) \u00d8delegge Nord Stream-r\u00f8rledningen for \u00e5 fremme den amerikanske LNG-industrien.<\/p>\n<p>3) Plyndre skattkammerene deres og berike kumpanene deres i det milit\u00e6rindustrielle komplekset.<\/p>\n<p>4) \u00d8delegge Russland, hvis \u00f8kende makt som en uavhengig nasjonalstat lenge har v\u00e6rt et sp\u00f8rsm\u00e5l om dyp harme for de sataniske globalistene som \u00f8nsker \u00e5 tilegne seg herred\u00f8mme over hele jorden.<\/p>\n<p>5) Beslagleggelse av russiske mineralressurser som sikkerhet for nok en runde med enorm kredittutvidelse i Vesten, hvis regjeringer n\u00e5 er insolvente.<\/p>\n<p>Denne artikkelen ble publisert av <a href=\"https:\/\/substack.com\/home\/post\/p-180023398\" rel=\"nofollow noopener\" target=\"_blank\">Focal Points.<\/a><\/p>\n<p>John Leake er forfatter av true crime. Medforfatter sammen med Dr. Peter McCullough av \u00abThe Courage to Face COVID-19.: Preventing Hospitalization and Death While Battling the Biopharmaceutical Complex\u00bb.<\/p>\n","protected":false},"excerpt":{"rendered":"Ursula von der Leyen. Presidenten for Europakommisjonens tale 25. november 2025 var animert av det samme gjenstridige tullet&hellip;\n","protected":false},"author":2,"featured_media":99554,"comment_status":"","ping_status":"","sticky":false,"template":"","format":"standard","meta":{"footnotes":""},"categories":[12],"tags":[20,21,24,25,15,22,23,13,30,28,29,14,16,26,27,42,43,44,45],"class_list":{"0":"post-99553","1":"post","2":"type-post","3":"status-publish","4":"format-standard","5":"has-post-thumbnail","7":"category-verden","8":"tag-breaking-news","9":"tag-breakingnews","10":"tag-featured-news","11":"tag-featurednews","12":"tag-headlines","13":"tag-latest-news","14":"tag-latestnews","15":"tag-news","16":"tag-no","17":"tag-norge","18":"tag-norway","19":"tag-nyheter","20":"tag-overskrifter","21":"tag-top-stories","22":"tag-topstories","23":"tag-verden","24":"tag-world","25":"tag-world-news","26":"tag-worldnews"},"share_on_mastodon":{"url":"https:\/\/pubeurope.com\/@no\/115629549815619004","error":""},"_links":{"self":[{"href":"https:\/\/www.europesays.com\/no\/wp-json\/wp\/v2\/posts\/99553","targetHints":{"allow":["GET"]}}],"collection":[{"href":"https:\/\/www.europesays.com\/no\/wp-json\/wp\/v2\/posts"}],"about":[{"href":"https:\/\/www.europesays.com\/no\/wp-json\/wp\/v2\/types\/post"}],"author":[{"embeddable":true,"href":"https:\/\/www.europesays.com\/no\/wp-json\/wp\/v2\/users\/2"}],"replies":[{"embeddable":true,"href":"https:\/\/www.europesays.com\/no\/wp-json\/wp\/v2\/comments?post=99553"}],"version-history":[{"count":0,"href":"https:\/\/www.europesays.com\/no\/wp-json\/wp\/v2\/posts\/99553\/revisions"}],"wp:featuredmedia":[{"embeddable":true,"href":"https:\/\/www.europesays.com\/no\/wp-json\/wp\/v2\/media\/99554"}],"wp:attachment":[{"href":"https:\/\/www.europesays.com\/no\/wp-json\/wp\/v2\/media?parent=99553"}],"wp:term":[{"taxonomy":"category","embeddable":true,"href":"https:\/\/www.europesays.com\/no\/wp-json\/wp\/v2\/categories?post=99553"},{"taxonomy":"post_tag","embeddable":true,"href":"https:\/\/www.europesays.com\/no\/wp-json\/wp\/v2\/tags?post=99553"}],"curies":[{"name":"wp","href":"https:\/\/api.w.org\/{rel}","templated":true}]}}