{"id":99557,"date":"2025-11-28T21:56:15","date_gmt":"2025-11-28T21:56:15","guid":{"rendered":"https:\/\/www.europesays.com\/no\/99557\/"},"modified":"2025-11-28T21:56:15","modified_gmt":"2025-11-28T21:56:15","slug":"elektrifisering-av-melkoya-equinor-ikke-tro-pa-oljelobbyens-fortelling-om-melkoya","status":"publish","type":"post","link":"https:\/\/www.europesays.com\/no\/99557\/","title":{"rendered":"Elektrifisering av Melk\u00f8ya, Equinor | Ikke tro p\u00e5 oljelobbyens fortelling om Melk\u00f8ya"},"content":{"rendered":"\n<p><b>De mest katastrofale konsekvensene av vedtaket om \u00e5 elektrifisere Melk\u00f8ya kan fortsatt stanses, hvis det er politisk vilje til det. Slik m\u00e5 det ogs\u00e5 v\u00e6re i et demokrati, der ulike politiske standpunkt skal brytes \u2013 ogs\u00e5 i form av konkrete forslag.<\/b><\/p>\n<p><a href=\"https:\/\/www.nordnorskdebatt.no\/omkamp-om-melkoya-igjen\/o\/5-124-400133?key=2025-11-28T06:15:47.000Z\/retriever\/7457af01d810deee4787c2ffdc5b3939a498d47d\" rel=\"nofollow noopener\" target=\"_blank\"><b>Nordlys politiske redakt\u00f8r<\/b> Maja Sojtaric mener p\u00e5 sin side at det er for sent \u00e5 stanse elektrifiseringen av Melk\u00f8ya.<\/a><\/p>\n<p>  <a href=\"https:\/\/www.nordnorskdebatt.no\/5-124-400133\" class=\"related-teaser has-image default-opinion-teaser article--c-eRUmMG article--c-eRUmMG-jKCPdD-design-default\" rel=\"nofollow noopener\" target=\"_blank\"><\/p>\n<p>    <img decoding=\"async\" loading=\"lazy\"  src=\"https:\/\/www.europesays.com\/no\/wp-content\/uploads\/2025\/11\/Melk%C3%B8ya.jpg\" alt=\"\" class=\"brick-c-cFOWSL\" style=\"\"\/><\/p>\n<p>\n            Les ogs\u00e5<\/p>\n<p>              Omkamp om Melk\u00f8ya. Igjen\n        <\/p>\n<p>  <\/a><\/p>\n<p><b>Ikke bare<\/b> er R\u00f8dt helt uenig i dette; vi mener ogs\u00e5 at det er et sykdomstegn for demokratiet at s\u00e5 mange g\u00e5r til angrep p\u00e5 oss som vil rette opp skadene av regjeringens katastrofale vedtak om \u00e5 elektrifisere Melk\u00f8ya.<\/p>\n<p><b>Her er p\u00e5 ingen m\u00e5te<\/b> Sojtaric og Nordlys noen versting. Det er det oljelobbyen som er. NHO-sjef Ole Erik Almlid antyder at demokratiske omkamper som denne er <a href=\"https:\/\/www.nrk.no\/sapmi\/omkamp-om-melkoya-_-rodt-sier-nei_-frp-tja_-men-nho-er-lei-1.17668339\" rel=\"nofollow noopener\" target=\"_blank\">\u00abskadelig for Norges omd\u00f8mme\u00bb,<\/a> mens <a href=\"https:\/\/montelnews.com\/nordic\/news\/aef31075-cfd6-47ca-92ff-3323ee342148\/rodt-og-sv-reagerer-kraftig-pa-opedal-tale\" rel=\"nofollow noopener\" target=\"_blank\">Equinor-sjef Anders Opedal sl\u00e5r R\u00f8dt i hartkorn med Donald Trump p\u00e5 grunn av forslaget.<\/a><\/p>\n<p><b>Men sannheten<\/b> er at regjeringens Melk\u00f8ya-vedtak, som ble fattet sommeren 2023, aldri ble skikkelig behandlet i Stortinget. <a href=\"https:\/\/www.altaposten.no\/nyheter\/i\/zA65y9\/kostnadssprekk-betyr-at-elektrifisering-av-melkoeya-skulle-vaert-behandlet-av-stortinget\" rel=\"nofollow noopener\" target=\"_blank\">Equinor holdt seg nemlig like under grensen for stortingsbehandling p\u00e5 15 milliarder kroner. Denne ble overskredet like etterp\u00e5.<\/a> Slik kunne regjeringen fatte vedtak uten innblanding fra Stortinget. Det skjedde p\u00e5 tross av at regjeringspartner Senterpartiet <a href=\"https:\/\/www.vg.no\/nyheter\/i\/q13j4O\/sp-ledelsen-seiret-over-stroemopproer-tapte-melkoeya-strid\" rel=\"nofollow noopener\" target=\"_blank\">fikk et landsm\u00f8tevedtak allerede v\u00e5ren 2023 som tydelig gikk imot elektrifiseringen av Melk\u00f8ya.<\/a><\/p>\n<p><b>Selv om vi<\/b> behandlet noen representantforslag v\u00e5ren 2025 (<a href=\"https:\/\/www.nrk.no\/nyheter\/venstre-sier-nei-til-melkoya-kompromiss-_-ikke-flertall-pa-stortinget-1.17407144\" rel=\"nofollow noopener\" target=\"_blank\">som ikke fikk flertall da partiet Venstre snudde i saken),<\/a> fikk aldri Stortinget innsyn i bakgrunnen for elektrifiseringsvedtaket. Det er en demokratisk svakhet n\u00e5r det dreier seg om en s\u00e5 stor og betent avgj\u00f8relse.<\/p>\n<p><b>Det andre <\/b>store problemet med regjeringens 2023-vedtak, er at det legger til grunn fullstendig urealistiske forutsetninger om at <a href=\"https:\/\/www.regjeringen.no\/no\/aktuelt\/kraft-og-industriloft-for-finnmark\/id2990581\/\" rel=\"nofollow noopener\" target=\"_blank\">\u00abden fornybare kraftproduksjonen i Finnmark skal innen 2030 \u00f8ke minst like mye som den planlagte forbruks\u00f8kningen ved Hammerfest LNG\u00bb<\/a>. Selv hvis R\u00f8dt skulle bli stemt ned, er sjansene for \u00e5 gjennomf\u00f8re vedtaket p\u00e5 regjeringens premisser praktisk talt umulig.<\/p>\n<p><b>Jeg kan legge til <\/b>at det heller ikke er \u00f8nskelig med en s\u00e5 massiv kraftutbygging for alle oss som er opptatt av \u00e5 ta vare p\u00e5 natur og levende reinbeiteomr\u00e5der.<\/p>\n<p>  <a href=\"https:\/\/www.nordnorskdebatt.no\/5-124-399843\" class=\"related-teaser has-image default-opinion-teaser article--c-eRUmMG article--c-eRUmMG-jKCPdD-design-default\" rel=\"nofollow noopener\" target=\"_blank\"><\/p>\n<p>    <img decoding=\"async\" loading=\"lazy\"  src=\"https:\/\/www.europesays.com\/no\/wp-content\/uploads\/2025\/11\/b435b83a-c2f2-4ae3-a030-43c7e1e3b49b.bin\" alt=\"\" class=\"brick-c-cFOWSL\" style=\"\"\/><\/p>\n<p>\n            Les ogs\u00e5<\/p>\n<p>              Er sola i ferd med \u00e5 forsvinne fra Finnmark for godt?\n        <\/p>\n<p>  <\/a><\/p>\n<p><b>Det tredje<\/b> og kanskje mest alvorlige problemet med vedtaket, er at det mangler demokratisk legitimitet i Finnmarks befolkning. N\u00e6rmere <a href=\"https:\/\/www.nrk.no\/tromsogfinnmark\/finnmarkingene-sier-nei-til-elektrifisering-av-melkoya_-_-ikke-overraskende-1.16374797\" rel=\"nofollow noopener\" target=\"_blank\">70 prosent har sagt at de er imot elektrifiseringen av Melk\u00f8ya da de har blitt spurt<\/a>, <a href=\"https:\/\/www.nrk.no\/valg\/2025\/resultat\/56\" rel=\"nofollow noopener\" target=\"_blank\">mens partier som er tydelig motstandere fikk et solid flertall da finnmarkingene gikk til valgurnene<\/a> i \u00e5r.<\/p>\n<p><b>Likevel er det R\u00f8dt<\/b> som skal stemples som useri\u00f8s eller til og med farlig for demokratiet. Det henger ikke p\u00e5 greip.<\/p>\n<p><b>Sojtaric har <\/b>til dels rett i at deler av planene ikke lar seg reversere. Jeg har sett Statnetts anleggsarbeid mellom Skaidi-Hammerfest med egne \u00f8yne. Jeg vet at det er i gang. Derfor foresl\u00e5r R\u00f8dt \u00e5 stanse den videre elektrifiseringen av Melk\u00f8ya, som <a href=\"https:\/\/www.stortinget.no\/no\/Saker-og-publikasjoner\/Saker\/Sak\/?p=104881\" rel=\"nofollow noopener\" target=\"_blank\">alts\u00e5 er tittelen p\u00e5 v\u00e5rt representantforslag<\/a> som Stortinget n\u00e5 behandler.<\/p>\n<p>  <a href=\"https:\/\/www.nordnorskdebatt.no\/5-124-399444\" class=\"related-teaser has-image default-opinion-teaser article--c-eRUmMG article--c-eRUmMG-jKCPdD-design-default\" rel=\"nofollow noopener\" target=\"_blank\"><\/p>\n<p>    <img decoding=\"async\" loading=\"lazy\"  src=\"https:\/\/www.europesays.com\/no\/wp-content\/uploads\/2025\/11\/Rogde.jpg\" alt=\"\" class=\"brick-c-cFOWSL\" style=\"\"\/><\/p>\n<p>\n            Les ogs\u00e5<\/p>\n<p>              Ikke svekk Nord-Norges viktigste industriprosjekt\n        <\/p>\n<p>  <\/a><\/p>\n<p><b>Det er nemlig <\/b>sv\u00e6rt mye av det katastrofale vedtaket som gjenst\u00e5r \u2013 og som fortsatt kan stanses. Industri- og kraftl\u00f8ftet b\u00f8r skrotes for \u00e5 hindre store, negative konsekvenser for natur og urfolks rettigheter. <a href=\"https:\/\/www.nrk.no\/sapmi\/nve-sier-stopp-_-vil-ha-bedre-svar-fra-statnett-1.17615822\" rel=\"nofollow noopener\" target=\"_blank\">Norges vassdrag- og energidirektorat (NVE) har allerede satt foten ned for Statnetts forslag til 420 kV-linje mellom Lebesby og Seidafjellet, og det med god grunn.<\/a><\/p>\n<p><b>Det er heller ikke <\/b>for sent \u00e5 tvinge Equinor til \u00e5 se p\u00e5 andre l\u00f8sninger for selve Melk\u00f8ya-anlegget, for \u00e5 unng\u00e5 kraftkrise og h\u00f8ye, ustabile str\u00f8mpriser i nord. R\u00f8dt vil skyve kostnadene over p\u00e5 forurenseren i stedet for finnmarkingene. Det er for eksempel fullt mulig \u00e5 bygge et anlegg med karbonfangst og -lagring, selv om det ikke er Equinors billigste l\u00f8sning.<\/p>\n<p><b>N\u00e5 gjelder det<\/b> \u00e5 se om vi faktisk klarer \u00e5 bruke det som er et teoretisk flertall p\u00e5 Stortinget for \u00e5 stanse den videre elektrifiseringen av Melk\u00f8ya, eller elektrifiseringsmotstanden fra partiene som utgj\u00f8r dette flertallet bare var billig valgflesk. I alle tilfeller mener R\u00f8dt at vi skylder velgerne \u00e5 gj\u00f8re et \u00e6rlig fors\u00f8k.<\/p>\n","protected":false},"excerpt":{"rendered":"De mest katastrofale konsekvensene av vedtaket om \u00e5 elektrifisere Melk\u00f8ya kan fortsatt stanses, hvis det er politisk vilje&hellip;\n","protected":false},"author":2,"featured_media":99558,"comment_status":"","ping_status":"","sticky":false,"template":"","format":"standard","meta":{"footnotes":""},"categories":[5],"tags":[36,20,21,10177,7023,2261,24,25,15,19,4828,22,23,17,18,13,30,28,29,14,1533,16,333,26,27],"class_list":{"0":"post-99557","1":"post","2":"type-post","3":"status-publish","4":"format-standard","5":"has-post-thumbnail","7":"category-overskrifter","8":"tag-art","9":"tag-breaking-news","10":"tag-breakingnews","11":"tag-elektrifisering-av-melkoya","12":"tag-energipolitikk","13":"tag-equinor","14":"tag-featured-news","15":"tag-featurednews","16":"tag-headlines","17":"tag-hovedoppslag","18":"tag-klima-og-miljo","19":"tag-latest-news","20":"tag-latestnews","21":"tag-main-news","22":"tag-mainnews","23":"tag-news","24":"tag-no","25":"tag-norge","26":"tag-norway","27":"tag-nyheter","28":"tag-opinion","29":"tag-overskrifter","30":"tag-stortinget","31":"tag-top-stories","32":"tag-topstories"},"share_on_mastodon":{"url":"https:\/\/pubeurope.com\/@no\/115629561539528723","error":""},"_links":{"self":[{"href":"https:\/\/www.europesays.com\/no\/wp-json\/wp\/v2\/posts\/99557","targetHints":{"allow":["GET"]}}],"collection":[{"href":"https:\/\/www.europesays.com\/no\/wp-json\/wp\/v2\/posts"}],"about":[{"href":"https:\/\/www.europesays.com\/no\/wp-json\/wp\/v2\/types\/post"}],"author":[{"embeddable":true,"href":"https:\/\/www.europesays.com\/no\/wp-json\/wp\/v2\/users\/2"}],"replies":[{"embeddable":true,"href":"https:\/\/www.europesays.com\/no\/wp-json\/wp\/v2\/comments?post=99557"}],"version-history":[{"count":0,"href":"https:\/\/www.europesays.com\/no\/wp-json\/wp\/v2\/posts\/99557\/revisions"}],"wp:featuredmedia":[{"embeddable":true,"href":"https:\/\/www.europesays.com\/no\/wp-json\/wp\/v2\/media\/99558"}],"wp:attachment":[{"href":"https:\/\/www.europesays.com\/no\/wp-json\/wp\/v2\/media?parent=99557"}],"wp:term":[{"taxonomy":"category","embeddable":true,"href":"https:\/\/www.europesays.com\/no\/wp-json\/wp\/v2\/categories?post=99557"},{"taxonomy":"post_tag","embeddable":true,"href":"https:\/\/www.europesays.com\/no\/wp-json\/wp\/v2\/tags?post=99557"}],"curies":[{"name":"wp","href":"https:\/\/api.w.org\/{rel}","templated":true}]}}