{"id":99559,"date":"2025-11-28T21:57:08","date_gmt":"2025-11-28T21:57:08","guid":{"rendered":"https:\/\/www.europesays.com\/no\/99559\/"},"modified":"2025-11-28T21:57:08","modified_gmt":"2025-11-28T21:57:08","slug":"alpint-henrik-kristoffersen-henrik-kristoffersen-pa-pallen-i-usa","status":"publish","type":"post","link":"https:\/\/www.europesays.com\/no\/99559\/","title":{"rendered":"Alpint, Henrik Kristoffersen | Henrik Kristoffersen p\u00e5 pallen i USA"},"content":{"rendered":"\n<p>Henrik Kristoffersen kj\u00f8rte seg opp fra 5.-plass og ble nummer to i fredagens storslal\u00e5mrenn i Copper Mountain. Stefan Brennsteiner tok sin f\u00f8rste seier.<\/p>\n<p>Kristoffersen var 0,80 sekund bak ledende Brennsteiner etter den f\u00f8rste omgangen. Han ga alt i finalel\u00f8ypa og kom inn fem hundredeler foran Filip Zubicic, som hadde kj\u00f8rt seg opp fra 13.-plass og ledet lenge.<\/p>\n<p>Nordmannens tid sto seg mot de tre f\u00f8rste utfordrerne, men Brennsteiner innfridde som siste startende og tok sin f\u00f8rste verdenscupseier som 34-\u00e5ring.<\/p>\n<p><b>Les ogs\u00e5: <a href=\"https:\/\/www.nettavisen.no\/sport\/mork-om-raseriet-i-tyskland-underlig\/s\/5-95-2751702\" rel=\"Follow nofollow noopener\" target=\"_blank\">M\u00f8rk om raseriet i Tyskland: \u2013 Underlig<\/a><\/b><\/p>\n<p>To av fem norske videre<\/p>\n<p>Eirik Hystad Solberg kj\u00f8rte inn til 25.-plass i f\u00f8rste omgang og fikk starte tidlig i den andre. Med tredje beste omgangstid fikk han en oppl\u00f8ftende 14.-plass.<\/p>\n<p>Bare to av fem nordmenn tok seg videre fra den f\u00f8rste omgangen. Timon Haugan og Atle Lie McGrath ble felt av store feil etter \u00e5 ha levert tidlige mellomtider helt i toppsjiktet.<\/p>\n<p>Haugan innledet meget sterkt og ledet p\u00e5 f\u00f8rste mellomtid, men gjorde s\u00e5 en feil og forsvant ut av l\u00f8ypa f\u00f8r den neste.<\/p>\n<p>Da hadde ogs\u00e5 favoritten Marco Odermatt kj\u00f8rt ut. Sveitseren vant to av sesongens fire f\u00f8rste renn, og han ledet p\u00e5 2. mellomtid, men s\u00e5 kom han p\u00e5 innerski og skled ut av l\u00f8ypa.<\/p>\n<p><b>Les ogs\u00e5: <a href=\"https:\/\/www.nettavisen.no\/sport\/norge-slo-brasil-i-sor-spania-nrk-profil-reagerer-pa-tv-bildene\/s\/5-95-2753797\" rel=\"Follow nofollow noopener\" target=\"_blank\">Forklarer TV-bildene: \u2013 Det er spesielt<\/a><\/b><\/p>\n<p>McGrath langt bak<\/p>\n<p>McGrath passerte likt med ledertiden omtrent midtveis i l\u00f8ypa f\u00f8r han kom for tett p\u00e5 en port og kj\u00f8rte ut. Han tok seg inn og fullf\u00f8rte, men l\u00f8pet var spolert, og han var sl\u00e5tt av lederen med nesten fire sekunder. Det ga 40.-plass.<\/p>\n<p>Oscar Andreas Sandvik kj\u00f8rte ut fra h\u00f8yt startnummer.<\/p>\n","protected":false},"excerpt":{"rendered":"Henrik Kristoffersen kj\u00f8rte seg opp fra 5.-plass og ble nummer to i fredagens storslal\u00e5mrenn i Copper Mountain. Stefan&hellip;\n","protected":false},"author":2,"featured_media":99560,"comment_status":"","ping_status":"","sticky":false,"template":"","format":"standard","meta":{"footnotes":""},"categories":[59],"tags":[30,28,29,83,82],"class_list":{"0":"post-99559","1":"post","2":"type-post","3":"status-publish","4":"format-standard","5":"has-post-thumbnail","7":"category-sport","8":"tag-no","9":"tag-norge","10":"tag-norway","11":"tag-sport","12":"tag-sports"},"share_on_mastodon":{"url":"https:\/\/pubeurope.com\/@no\/115629565262248035","error":""},"_links":{"self":[{"href":"https:\/\/www.europesays.com\/no\/wp-json\/wp\/v2\/posts\/99559","targetHints":{"allow":["GET"]}}],"collection":[{"href":"https:\/\/www.europesays.com\/no\/wp-json\/wp\/v2\/posts"}],"about":[{"href":"https:\/\/www.europesays.com\/no\/wp-json\/wp\/v2\/types\/post"}],"author":[{"embeddable":true,"href":"https:\/\/www.europesays.com\/no\/wp-json\/wp\/v2\/users\/2"}],"replies":[{"embeddable":true,"href":"https:\/\/www.europesays.com\/no\/wp-json\/wp\/v2\/comments?post=99559"}],"version-history":[{"count":0,"href":"https:\/\/www.europesays.com\/no\/wp-json\/wp\/v2\/posts\/99559\/revisions"}],"wp:featuredmedia":[{"embeddable":true,"href":"https:\/\/www.europesays.com\/no\/wp-json\/wp\/v2\/media\/99560"}],"wp:attachment":[{"href":"https:\/\/www.europesays.com\/no\/wp-json\/wp\/v2\/media?parent=99559"}],"wp:term":[{"taxonomy":"category","embeddable":true,"href":"https:\/\/www.europesays.com\/no\/wp-json\/wp\/v2\/categories?post=99559"},{"taxonomy":"post_tag","embeddable":true,"href":"https:\/\/www.europesays.com\/no\/wp-json\/wp\/v2\/tags?post=99559"}],"curies":[{"name":"wp","href":"https:\/\/api.w.org\/{rel}","templated":true}]}}