{"id":99572,"date":"2025-11-28T22:10:09","date_gmt":"2025-11-28T22:10:09","guid":{"rendered":"https:\/\/www.europesays.com\/no\/99572\/"},"modified":"2025-11-28T22:10:09","modified_gmt":"2025-11-28T22:10:09","slug":"helse-influensa-stor-pagang-i-kristiansund-tror-ikke-vi-har-opplevd-dette-tidligere-tidens-krav","status":"publish","type":"post","link":"https:\/\/www.europesays.com\/no\/99572\/","title":{"rendered":"Helse, Influensa | Stor p\u00e5gang i Kristiansund: \u2013 Tror ikke vi har opplevd dette tidligere &#8211; Tidens Krav"},"content":{"rendered":"<ol>\n<li><a href=\"https:\/\/news.google.com\/rss\/articles\/CBMiogFBVV95cUxPbjBoYnNsUUdtal9wUk5ZY3hhSmxlTGFmZUpXVDlueXBCRHRoN1NfYzlyYkNpM3E3SGFtcllOMUhyRW5MZFhFV2liUzEzTUpSam9McmtfV0pNVTZIdllzX0Y5OXV6VU40eV9hV3pMUi1pY1hCRkJRQzBvNkNMOFQ0djVhMkx4dE9HV1J0QTJueHItdXFISVlsLWt0Ym1YeUQ4Wmc?oc=5\" target=\"_blank\" rel=\"nofollow noopener\">Helse, Influensa | Stor p\u00e5gang i Kristiansund: \u2013 Tror ikke vi har opplevd dette tidligere<\/a>&nbsp;&nbsp;Tidens Krav<\/li>\n<li><a href=\"https:\/\/news.google.com\/rss\/articles\/CBMiogFBVV95cUxNcTlTZ1c3amRZX2lwOGtZNlQ3M2hLM0p3bUg5ZWJ3anFVaGdDSGx2cWJwbW4wMUVlb1NKUHVhTnh1bUNJbURQd0o2MXJDdmpCZlhDbURWN0RsRG5RbExBbW9YdE1MRDQ3NU9Mb0xTNGY5amVDTFpuX0pZNlhZb2ZMTE5DV0Z5ZHhBQkVwdl9GOXVIQnIzbkVUYkZoQUNFTTllOFE?oc=5\" target=\"_blank\" rel=\"nofollow noopener\">S\u00e5 sto vi der da, korrekt p\u00e5 hver v\u00e5r side av veien. Og ropte<\/a>&nbsp;&nbsp;driva.no<\/li>\n<li><a href=\"https:\/\/news.google.com\/rss\/articles\/CBMiiAFBVV95cUxNUmxaQ0Q3ZTl0UFk0MGs0YUVJU3BoUktUV0dUR2prVEJWQklLaktaVGZNcUg3a3ZGUTI0TVJmSFhwRF9DTHVyeEJKQzcxS3I0RmRCSXo2aGgtRGVmcHlEeEU3MDVWN1ZhNFl5bWxwNVczTm42UjZzRGFBd0R4MFRpdVViRTFVNEx2?oc=5\" target=\"_blank\" rel=\"nofollow noopener\">Influensa\u00adutbruddet i gang i Oslo og Tr\u00f8ndelag<\/a>&nbsp;&nbsp;VG<\/li>\n<li><a href=\"https:\/\/news.google.com\/rss\/articles\/CBMisgFBVV95cUxPUzlHbEJyRzFXaV9kVmo0YVBYOFRoNmE1THVPM3I2V0hxLVQ3UWlhZkgzazE1LWlnWWFPbE1tQllmVVBBV2RjRHViRWItNEs4dFd6RE12TVQxdUR1ZVJsekpUUVpIdUtIbHZrblhQRW5rN25PbXo4RnZVRG9iQTB2eEVIM2lPU01neE1yQVh3QmE0X3IzUy1TMmhMWTBycEJVRmt3elZtZFFkOVN4eUU5VlNn?oc=5\" target=\"_blank\" rel=\"nofollow noopener\">Har aldri opplevd dette f\u00f8r: \u2013 Unntaks\u00adtilstand<\/a>&nbsp;&nbsp;sunnhordland.no<\/li>\n<li><a href=\"https:\/\/news.google.com\/rss\/articles\/CBMiswFBVV95cUxNS2ZHQjNfbGo2a1pjLU9ycElJQ1VBalFvQ1hadDZ6V1pXYXgtdWJmaFMtajVGbERDS19YZkx6TnpDMzFkQ19LN2lLVmMtaHVWVDYydmlvTHVpN1o5ZjRnUWxwZmRDRU5fYVFBd0pWd3hTSmhkZy1mSjdvQTBxSXVrVlhROEVCWGxsWHV1Y3lJRFpRNWVpNVRpLVctMU1UZ29KU3YyS3BwOFpqdFV0ZmM3ZE96OA?oc=5\" target=\"_blank\" rel=\"nofollow noopener\">Kundene str\u00f8mmer til: \u2013 Vi merker stor p\u00e5gang etter medieoppslagene<\/a>&nbsp;&nbsp;bladet.no<\/li>\n<\/ol>\n","protected":false},"excerpt":{"rendered":"Helse, Influensa | Stor p\u00e5gang i Kristiansund: \u2013 Tror ikke vi har opplevd dette tidligere&nbsp;&nbsp;Tidens Krav S\u00e5 sto&hellip;\n","protected":false},"author":2,"featured_media":99573,"comment_status":"","ping_status":"","sticky":false,"template":"","format":"standard","meta":{"footnotes":""},"categories":[10],"tags":[20,21,24,25,15,22,23,13,30,28,29,14,16,26,27],"class_list":{"0":"post-99572","1":"post","2":"type-post","3":"status-publish","4":"format-standard","5":"has-post-thumbnail","7":"category-norge","8":"tag-breaking-news","9":"tag-breakingnews","10":"tag-featured-news","11":"tag-featurednews","12":"tag-headlines","13":"tag-latest-news","14":"tag-latestnews","15":"tag-news","16":"tag-no","17":"tag-norge","18":"tag-norway","19":"tag-nyheter","20":"tag-overskrifter","21":"tag-top-stories","22":"tag-topstories"},"share_on_mastodon":{"url":"https:\/\/pubeurope.com\/@no\/115629616626951921","error":""},"_links":{"self":[{"href":"https:\/\/www.europesays.com\/no\/wp-json\/wp\/v2\/posts\/99572","targetHints":{"allow":["GET"]}}],"collection":[{"href":"https:\/\/www.europesays.com\/no\/wp-json\/wp\/v2\/posts"}],"about":[{"href":"https:\/\/www.europesays.com\/no\/wp-json\/wp\/v2\/types\/post"}],"author":[{"embeddable":true,"href":"https:\/\/www.europesays.com\/no\/wp-json\/wp\/v2\/users\/2"}],"replies":[{"embeddable":true,"href":"https:\/\/www.europesays.com\/no\/wp-json\/wp\/v2\/comments?post=99572"}],"version-history":[{"count":0,"href":"https:\/\/www.europesays.com\/no\/wp-json\/wp\/v2\/posts\/99572\/revisions"}],"wp:featuredmedia":[{"embeddable":true,"href":"https:\/\/www.europesays.com\/no\/wp-json\/wp\/v2\/media\/99573"}],"wp:attachment":[{"href":"https:\/\/www.europesays.com\/no\/wp-json\/wp\/v2\/media?parent=99572"}],"wp:term":[{"taxonomy":"category","embeddable":true,"href":"https:\/\/www.europesays.com\/no\/wp-json\/wp\/v2\/categories?post=99572"},{"taxonomy":"post_tag","embeddable":true,"href":"https:\/\/www.europesays.com\/no\/wp-json\/wp\/v2\/tags?post=99572"}],"curies":[{"name":"wp","href":"https:\/\/api.w.org\/{rel}","templated":true}]}}