{"id":99578,"date":"2025-11-28T22:16:13","date_gmt":"2025-11-28T22:16:13","guid":{"rendered":"https:\/\/www.europesays.com\/no\/99578\/"},"modified":"2025-11-28T22:16:13","modified_gmt":"2025-11-28T22:16:13","slug":"askim-indre-ostfold-salgsplakaten-far-kundene-til-a-stusse-skal-kiosken-i-askim-legges-ned-smaalenenes-avis","status":"publish","type":"post","link":"https:\/\/www.europesays.com\/no\/99578\/","title":{"rendered":"Askim, Indre \u00d8stfold | Salgsplakaten f\u00e5r kundene til \u00e5 stusse: \u2013 Skal kiosken i Askim legges ned? &#8211; Smaalenenes Avis"},"content":{"rendered":"<ol>\n<li><a href=\"https:\/\/news.google.com\/rss\/articles\/CBMisAFBVV95cUxPN3pqQURFdXdjdmhfakVLVlh3ZmdFMHBvQ25zUmpRZzBGVF9aTDlDM25hUmY5Y1ZJdVFQV3hBaDFsamRaY2g4YTFWeWNDYkd4cEJQUnJISVhKZzdiOGF1N2VpZGpqREdSMFJRMGoyWWI4bUNYano3X0VRdm5tUnhZU1NfVEdPTkZ0RHBKVDNQUF8tUGtBV0NsRHlXeGZJc0psNFBGaTFQd3dZSVZwM2JIdw?oc=5\" target=\"_blank\" rel=\"nofollow noopener\">Askim, Indre \u00d8stfold | Salgsplakaten f\u00e5r kundene til \u00e5 stusse: \u2013 Skal kiosken i Askim legges ned?<\/a>&nbsp;&nbsp;Smaalenenes Avis<\/li>\n<li><a href=\"https:\/\/news.google.com\/rss\/articles\/CBMitgFBVV95cUxQcXRCUjZFa2haVDg3empTb1pxUzdVbEM4OGwwRkZpNXJsOE5xcWk4czhxT0tJWjJxaTdaVjNIMldKRV9DanJSUksxSGdFbFc2aFRNcEdHSWtRQ3FfWUtpeVdoWWtIMVZlcGItTmFZcWhhNVBzU1pQR05wSU5tYUx1aDhBX29HWnZiZkpPQ3JNcTktNVN3UlRtWGNXSWlvV0ZYaTMzbFpkNXJCMmg5ZmYzVFg1QjJSdw?oc=5\" target=\"_blank\" rel=\"nofollow noopener\">\u2013 Man f\u00e5r litt sjokk<\/a>&nbsp;&nbsp;\u00d8stlendingen<\/li>\n<li><a href=\"https:\/\/news.google.com\/rss\/articles\/CBMinwFBVV95cUxPQ2YtUURBOWJwZklTdWpiRldyc19jTWtTc0luM0kzVkhZdTFRZjlqWmYxYjRPMEtQd1FnVktQUFhRcnVVTlItMXpTRU5TM0xGYk5tcUF0a2VrYkhtVVBXRGFyWDhYU3FtSlJTNldKaEtrMmY3dHJqa21lZERoT3pjbUZKYl9VX3BUSnJKb2pEdmhWNWJXUTZOb2VuS1Y5bE0?oc=5\" target=\"_blank\" rel=\"nofollow noopener\">Handel, Maxi storsenter | Isak (24) fikk telefonen han fryktet: \u2013 Det er dr\u00f8mmen min som ryker<\/a>&nbsp;&nbsp;Hamar Arbeiderblad<\/li>\n<li><a href=\"https:\/\/news.google.com\/rss\/articles\/CBMikgFBVV95cUxOTEFoQWJFVnd0dnpSbXhvLVdWZDgyb0VzMTE5T1NDSnY1dm8tbDViQ2JxNTBJVktZWEVzUjctOGhMeXdJSzUwWXNlc29URU9iUlVFcy05M25GZU50c1BuTTk4dDllU3VrMkNPc3lmZUhXbE5MRnVyU1oyNmhVc0k2bWpsNm9WWFNYVERLMWN5SWR1dw?oc=5\" target=\"_blank\" rel=\"nofollow noopener\">Reitan Convenience skal legge ned 70 kiosker i Norge<\/a>&nbsp;&nbsp;E24<\/li>\n<li><a href=\"https:\/\/news.google.com\/rss\/articles\/CBMibEFVX3lxTE1QZjZkeDdYTnBRMjV2OEJGZXlGWWpJQXFBbmF6VGFpODJlSVdpSFNhdXVoUHFlU3VERUlpbERqU214a3lCVjM5TFdZUmNwY2sxSjhfQ1EyT1VQaEQwQ1NOeThqOVk4UW1Melc0bw?oc=5\" target=\"_blank\" rel=\"nofollow noopener\">N\u00e6ringsliv, Narvesen | \u2013 Slapp med skrekken<\/a>&nbsp;&nbsp;Lofotposten<\/li>\n<\/ol>\n","protected":false},"excerpt":{"rendered":"Askim, Indre \u00d8stfold | Salgsplakaten f\u00e5r kundene til \u00e5 stusse: \u2013 Skal kiosken i Askim legges ned?&nbsp;&nbsp;Smaalenenes Avis&hellip;\n","protected":false},"author":2,"featured_media":99579,"comment_status":"","ping_status":"","sticky":false,"template":"","format":"standard","meta":{"footnotes":""},"categories":[56],"tags":[60,61,62,30,28,29],"class_list":{"0":"post-99578","1":"post","2":"type-post","3":"status-publish","4":"format-standard","5":"has-post-thumbnail","7":"category-naeringsliv","8":"tag-business","9":"tag-economy","10":"tag-naeringsliv","11":"tag-no","12":"tag-norge","13":"tag-norway"},"share_on_mastodon":{"url":"https:\/\/pubeurope.com\/@no\/115629639743537572","error":""},"_links":{"self":[{"href":"https:\/\/www.europesays.com\/no\/wp-json\/wp\/v2\/posts\/99578","targetHints":{"allow":["GET"]}}],"collection":[{"href":"https:\/\/www.europesays.com\/no\/wp-json\/wp\/v2\/posts"}],"about":[{"href":"https:\/\/www.europesays.com\/no\/wp-json\/wp\/v2\/types\/post"}],"author":[{"embeddable":true,"href":"https:\/\/www.europesays.com\/no\/wp-json\/wp\/v2\/users\/2"}],"replies":[{"embeddable":true,"href":"https:\/\/www.europesays.com\/no\/wp-json\/wp\/v2\/comments?post=99578"}],"version-history":[{"count":0,"href":"https:\/\/www.europesays.com\/no\/wp-json\/wp\/v2\/posts\/99578\/revisions"}],"wp:featuredmedia":[{"embeddable":true,"href":"https:\/\/www.europesays.com\/no\/wp-json\/wp\/v2\/media\/99579"}],"wp:attachment":[{"href":"https:\/\/www.europesays.com\/no\/wp-json\/wp\/v2\/media?parent=99578"}],"wp:term":[{"taxonomy":"category","embeddable":true,"href":"https:\/\/www.europesays.com\/no\/wp-json\/wp\/v2\/categories?post=99578"},{"taxonomy":"post_tag","embeddable":true,"href":"https:\/\/www.europesays.com\/no\/wp-json\/wp\/v2\/tags?post=99578"}],"curies":[{"name":"wp","href":"https:\/\/api.w.org\/{rel}","templated":true}]}}