{"id":9958,"date":"2025-08-16T19:26:09","date_gmt":"2025-08-16T19:26:09","guid":{"rendered":"https:\/\/www.europesays.com\/no\/9958\/"},"modified":"2025-08-16T19:26:09","modified_gmt":"2025-08-16T19:26:09","slug":"jordskred-tromsdalen-jordskred-like-sor-for-fjellheisen","status":"publish","type":"post","link":"https:\/\/www.europesays.com\/no\/9958\/","title":{"rendered":"Jordskred, Tromsdalen | Jordskred like s\u00f8r for Fjellheisen"},"content":{"rendered":"\n<p>Politiet har mottatt melding om et mindre jordskred i Tromsdalen. Det opplyser politiet l\u00f8rdag kveld klokken 20.26.<\/p>\n<p>Skredet er p\u00e5 cirka 20&#215;50 meter og har g\u00e5tt cirka en kilometer s\u00f8r for Fjellheisen.<\/p>\n<p>Politiet er usikker p\u00e5 n\u00e5r skredet har g\u00e5tt.<\/p>\n<p>NVE og Troms\u00f8 kommune er varslet og vil vurdere skredet.<\/p>\n<p>   <img decoding=\"async\" width=\"2048\" height=\"1536\" fetchpriority=\"low\"  loading=\"lazy\"  src=\"https:\/\/www.europesays.com\/no\/wp-content\/uploads\/2025\/08\/532898451_1314200493617000_2483939803983316557_n.jpg\" alt=\"\" class=\"brick-c-cFOWSL\" style=\"--brick-image-ratio: 2048 \/ 1536;\"\/><\/p>\n<p>    KREFTER: Skredet er p\u00e5 rundt 20&#215;50 meter.<br \/>\n    Foto: Mats Rydland\n  <\/p>\n<p>Nordlys oppdaterer saken. <\/p>\n<p>Les mer om: artikkelemnene<\/p>\n","protected":false},"excerpt":{"rendered":"Politiet har mottatt melding om et mindre jordskred i Tromsdalen. Det opplyser politiet l\u00f8rdag kveld klokken 20.26. Skredet&hellip;\n","protected":false},"author":2,"featured_media":9959,"comment_status":"","ping_status":"","sticky":false,"template":"","format":"standard","meta":{"footnotes":""},"categories":[56],"tags":[36,60,61,2075,62,30,28,29,954,1510,2076],"class_list":{"0":"post-9958","1":"post","2":"type-post","3":"status-publish","4":"format-standard","5":"has-post-thumbnail","7":"category-naeringsliv","8":"tag-art","9":"tag-business","10":"tag-economy","11":"tag-jordskred","12":"tag-naeringsliv","13":"tag-no","14":"tag-norge","15":"tag-norway","16":"tag-nve","17":"tag-story","18":"tag-tromsdalen"},"share_on_mastodon":{"url":"","error":""},"_links":{"self":[{"href":"https:\/\/www.europesays.com\/no\/wp-json\/wp\/v2\/posts\/9958","targetHints":{"allow":["GET"]}}],"collection":[{"href":"https:\/\/www.europesays.com\/no\/wp-json\/wp\/v2\/posts"}],"about":[{"href":"https:\/\/www.europesays.com\/no\/wp-json\/wp\/v2\/types\/post"}],"author":[{"embeddable":true,"href":"https:\/\/www.europesays.com\/no\/wp-json\/wp\/v2\/users\/2"}],"replies":[{"embeddable":true,"href":"https:\/\/www.europesays.com\/no\/wp-json\/wp\/v2\/comments?post=9958"}],"version-history":[{"count":0,"href":"https:\/\/www.europesays.com\/no\/wp-json\/wp\/v2\/posts\/9958\/revisions"}],"wp:featuredmedia":[{"embeddable":true,"href":"https:\/\/www.europesays.com\/no\/wp-json\/wp\/v2\/media\/9959"}],"wp:attachment":[{"href":"https:\/\/www.europesays.com\/no\/wp-json\/wp\/v2\/media?parent=9958"}],"wp:term":[{"taxonomy":"category","embeddable":true,"href":"https:\/\/www.europesays.com\/no\/wp-json\/wp\/v2\/categories?post=9958"},{"taxonomy":"post_tag","embeddable":true,"href":"https:\/\/www.europesays.com\/no\/wp-json\/wp\/v2\/tags?post=9958"}],"curies":[{"name":"wp","href":"https:\/\/api.w.org\/{rel}","templated":true}]}}