{"id":99582,"date":"2025-11-28T22:22:13","date_gmt":"2025-11-28T22:22:13","guid":{"rendered":"https:\/\/www.europesays.com\/no\/99582\/"},"modified":"2025-11-28T22:22:13","modified_gmt":"2025-11-28T22:22:13","slug":"ole-gunnar-solskjaer-avslorer-carlo-ancelotti-melding","status":"publish","type":"post","link":"https:\/\/www.europesays.com\/no\/99582\/","title":{"rendered":"Ole Gunnar Solskj\u00e6r avsl\u00f8rer Carlo Ancelotti-melding"},"content":{"rendered":"<p>\u2013 Jeg hadde dessverre en veldig d\u00e5rlig seksukersperiode og det er for lenge i en klubb som Manchester United.<\/p>\n<p>Det sier Solskj\u00e6r n\u00e5r han i et intervju med <a href=\"https:\/\/x.com\/BBCMOTD\/status\/1994321283157508502\" rel=\"nofollow\">BBCs\u00a0\u00abMatch of the Day\u00bb<\/a> mimrer tilbake til tiden som United-manager fra 2018 til 2021.\u00a0<\/p>\n<p>\u2013 Jeg husker en kamp mot Everton, der Carlo Ancelotti kommer bort og er mer eller mindre inne i min tekniske sone. Fjerdedommer sier:\u00a0\u00abCarlo, du m\u00e5 komme deg tilbake til din tekniske sone, med mindre du vil ha Ole sin jobb\u00bb, forteller Solskj\u00e6r.<\/p>\n<p>        <img class=\"image__img lazyload\" itemprop=\"image\" title=\"Foto: Rui Vieira \/ AP \/ NTB\" alt=\"UNITED-MANAGER: 28. mars 2019 ble Solskj\u00e6r manager for Manchester United etter \u00e5 ha v\u00e6rt midlertidig manager en periode. Foto: Rui Vieira \/ AP \/ NTB\" width=\"675\" height=\"412\" bad-src=\"https:\/\/www.europesays.com\/no\/wp-content\/uploads\/2025\/11\/18334533.webp\" fetchpriority=\"auto\" \/><\/p>\n<p>      UNITED-MANAGER: 28. mars 2019 ble Solskj\u00e6r manager for Manchester United etter \u00e5 ha v\u00e6rt midlertidig manager en periode.<br \/>\n         Foto: Rui Vieira \/ AP \/ NTB<\/p>\n<p>\u2013 Og Carlo sier: \u00abNei, nei, nei. For stort press. Den jobben har for mye press\u00bb, fortsetter United-legenden.<\/p>\n<p>Solskj\u00e6r flirer n\u00e5r han forteller historien, men innr\u00f8mmer fort at hans italienske trenerkollega hadde et poeng.<\/p>\n<p>\u2013 Du vet, press er et privilegium. Det sa han alltid ogs\u00e5. Og jeg f\u00f8lte meg privilegert i \u00e5 f\u00e5 v\u00e6re manager i Manchester United, understreker Solskj\u00e6r f\u00f8r han fortsetter:<\/p>\n<p>\u2013 Selvsagt, du er ansiktet utad, men det presset er et privilegium og jeg fikk lov til \u00e5 h\u00e5ndtere det p\u00e5 min egen m\u00e5te. Vi hadde et fantastisk team rundt oss, og atmosf\u00e6ren i og rundt klubben var veldig positiv.\u00a0<\/p>\n<p class=\"bold m-bold\" data-lab-font_weight=\"bold\">\u2013 Men til syvende og sist m\u00e5 du ha resultater.<\/p>\n<p>Etter Solskj\u00e6rs avgang har flere fors\u00f8kt, og feilet, i jobben som United-manager.\u00a0<\/p>\n<p>        <img class=\"image__img lazyload\" itemprop=\"image\" title=\"Foto: Mike Egerton \/ Pa Photos \/ NTB\" alt=\"IKKE EVENTYRSLUTT: \u2013 Til syvende og sist m\u00e5 du ha resultater, sier Solskj\u00e6r. Foto: Mike Egerton \/ Pa Photos \/ NTB\" width=\"675\" height=\"466\" bad-src=\"https:\/\/www.europesays.com\/no\/wp-content\/uploads\/2025\/11\/18334543.webp\" fetchpriority=\"auto\" \/><\/p>\n<p>      IKKE EVENTYRSLUTT: \u2013 Til syvende og sist m\u00e5 du ha resultater, sier Solskj\u00e6r.<br \/>\n         Foto: Mike Egerton \/ Pa Photos \/ NTB<\/p>\n<p>P\u00e5 sp\u00f8rsm\u00e5l om han f\u00f8ler han fikk tilstrekkelig anerkjennelse for det han oppn\u00e5dde i l\u00f8pet av sine tre \u00e5r, svarer nordmannen f\u00f8lgende:<\/p>\n<p>\u2013 Det handler ikke om anerkjennelse. Det var den verste tiden \u00e5 v\u00e6re manager for Manchester United, sier Solskj\u00e6r og peker p\u00e5 konkurrentene:<\/p>\n<p>\u2013 Du hadde J\u00fcrgen Klopp med sitt Liverpool-lag og du hadde Pep Guardiola med sitt Manchester City-lag. Verdens beste managere p\u00e5 den tiden, sannsynligvis de to beste lagene ogs\u00e5.<\/p>\n<p>\u2013 Men vi klarte \u00e5 bli nummer to og tre. S\u00e5, sammen med st\u00f8tteapparatet hadde vi noe p\u00e5 gang, men vi klarte ikke \u00e5 ta det neste steget.\u00a0<\/p>\n","protected":false},"excerpt":{"rendered":"\u2013 Jeg hadde dessverre en veldig d\u00e5rlig seksukersperiode og det er for lenge i en klubb som Manchester&hellip;\n","protected":false},"author":2,"featured_media":99583,"comment_status":"","ping_status":"","sticky":false,"template":"","format":"standard","meta":{"footnotes":""},"categories":[59],"tags":[30,28,29,83,82],"class_list":{"0":"post-99582","1":"post","2":"type-post","3":"status-publish","4":"format-standard","5":"has-post-thumbnail","7":"category-sport","8":"tag-no","9":"tag-norge","10":"tag-norway","11":"tag-sport","12":"tag-sports"},"share_on_mastodon":{"url":"https:\/\/pubeurope.com\/@no\/115629663359121082","error":""},"_links":{"self":[{"href":"https:\/\/www.europesays.com\/no\/wp-json\/wp\/v2\/posts\/99582","targetHints":{"allow":["GET"]}}],"collection":[{"href":"https:\/\/www.europesays.com\/no\/wp-json\/wp\/v2\/posts"}],"about":[{"href":"https:\/\/www.europesays.com\/no\/wp-json\/wp\/v2\/types\/post"}],"author":[{"embeddable":true,"href":"https:\/\/www.europesays.com\/no\/wp-json\/wp\/v2\/users\/2"}],"replies":[{"embeddable":true,"href":"https:\/\/www.europesays.com\/no\/wp-json\/wp\/v2\/comments?post=99582"}],"version-history":[{"count":0,"href":"https:\/\/www.europesays.com\/no\/wp-json\/wp\/v2\/posts\/99582\/revisions"}],"wp:featuredmedia":[{"embeddable":true,"href":"https:\/\/www.europesays.com\/no\/wp-json\/wp\/v2\/media\/99583"}],"wp:attachment":[{"href":"https:\/\/www.europesays.com\/no\/wp-json\/wp\/v2\/media?parent=99582"}],"wp:term":[{"taxonomy":"category","embeddable":true,"href":"https:\/\/www.europesays.com\/no\/wp-json\/wp\/v2\/categories?post=99582"},{"taxonomy":"post_tag","embeddable":true,"href":"https:\/\/www.europesays.com\/no\/wp-json\/wp\/v2\/tags?post=99582"}],"curies":[{"name":"wp","href":"https:\/\/api.w.org\/{rel}","templated":true}]}}