{"id":99584,"date":"2025-11-28T22:27:11","date_gmt":"2025-11-28T22:27:11","guid":{"rendered":"https:\/\/www.europesays.com\/no\/99584\/"},"modified":"2025-11-28T22:27:11","modified_gmt":"2025-11-28T22:27:11","slug":"trafikk-vaer-innstiller-all-busstrafikk-i-lofoten-lordag-avventer-situasjonen-i-vesteralen","status":"publish","type":"post","link":"https:\/\/www.europesays.com\/no\/99584\/","title":{"rendered":"Trafikk, V\u00e6r | Innstiller all busstrafikk i Lofoten l\u00f8rdag \u2013 avventer situasjonen i Vester\u00e5len"},"content":{"rendered":"\n<p>Med v\u00e6rmelding om heftig vind har Boreal fredag tatt en avgj\u00f8relse om \u00e5 innstille all ruteg\u00e5ende busstrafikk i Lofoten fra klokka 16 l\u00f8rdag, skriver <a href=\"https:\/\/www.lofotposten.no\/innstiller-all-trafikk-fra-lordag-ettermiddag\/s\/5-29-1255125\" rel=\"Follow nofollow noopener\" target=\"_blank\">Lofotposten<\/a>.<\/p>\n<p>Driftsleder for Boreal i Lofoten, Michael Pettersen, sier til avisa at avgj\u00f8relsen er basert p\u00e5 v\u00e6rvarsel om vindkast p\u00e5 over 40 m\/s p\u00e5 utsatte steder i Lofoten, og varsel om store mengder nedb\u00f8r.<\/p>\n<p>Presseansvarlig Jon Kristian Fadnes i Boral opplyser til Bladet Vester\u00e5len i 18-tida fredag at det forel\u00f8pig ikke er noen bussinnstillinger i Vester\u00e5len l\u00f8rdag.<\/p>\n<p>\u2013 Men vi oppfordrer v\u00e5re reisende til \u00e5 sjekke <a href=\"https:\/\/www.reisnordland.no\" rel=\"Follow nofollow noopener\" target=\"_blank\">Reisnordland.no<\/a> for oppdaterte trafikkmeldinger, for forholdene kan endre seg p\u00e5 kort tid, sier Fadnes.<\/p>\n<p>Meteorologisk institutt har sendt ut <a href=\"https:\/\/www.blv.no\/hold-deg-oppdatert-i-bladet-vesteralens-nyhetsstudio\/s\/5-9-571513?p=lc-10607358-30673-blv\" rel=\"Follow nofollow noopener\" target=\"_blank\">farevarsel<\/a> som gjelder fra klokka 16 l\u00f8rdag: <\/p>\n<p>\u2013 Det ventes lokalt kraftige, kan hende sv\u00e6rt kraftige vindkast p\u00e5 30-40 m\/s fra nordvest til vest, og periodevis sterk storm p\u00e5 kysten. Vinden vil \u00f8ke f\u00f8rst i Lofoten og Vester\u00e5len, og minke sist i Troms, skriver meteorologene.<\/p>\n","protected":false},"excerpt":{"rendered":"Med v\u00e6rmelding om heftig vind har Boreal fredag tatt en avgj\u00f8relse om \u00e5 innstille all ruteg\u00e5ende busstrafikk i&hellip;\n","protected":false},"author":2,"featured_media":4299,"comment_status":"","ping_status":"","sticky":false,"template":"","format":"standard","meta":{"footnotes":""},"categories":[10],"tags":[36,9065,20,21,24,25,15,22,23,13,30,28,29,14,16,1510,26,27,224,553],"class_list":{"0":"post-99584","1":"post","2":"type-post","3":"status-publish","4":"format-standard","5":"has-post-thumbnail","7":"category-norge","8":"tag-art","9":"tag-boreal","10":"tag-breaking-news","11":"tag-breakingnews","12":"tag-featured-news","13":"tag-featurednews","14":"tag-headlines","15":"tag-latest-news","16":"tag-latestnews","17":"tag-news","18":"tag-no","19":"tag-norge","20":"tag-norway","21":"tag-nyheter","22":"tag-overskrifter","23":"tag-story","24":"tag-top-stories","25":"tag-topstories","26":"tag-trafikk","27":"tag-vaer"},"share_on_mastodon":{"url":"https:\/\/pubeurope.com\/@no\/115629683053646815","error":""},"_links":{"self":[{"href":"https:\/\/www.europesays.com\/no\/wp-json\/wp\/v2\/posts\/99584","targetHints":{"allow":["GET"]}}],"collection":[{"href":"https:\/\/www.europesays.com\/no\/wp-json\/wp\/v2\/posts"}],"about":[{"href":"https:\/\/www.europesays.com\/no\/wp-json\/wp\/v2\/types\/post"}],"author":[{"embeddable":true,"href":"https:\/\/www.europesays.com\/no\/wp-json\/wp\/v2\/users\/2"}],"replies":[{"embeddable":true,"href":"https:\/\/www.europesays.com\/no\/wp-json\/wp\/v2\/comments?post=99584"}],"version-history":[{"count":0,"href":"https:\/\/www.europesays.com\/no\/wp-json\/wp\/v2\/posts\/99584\/revisions"}],"wp:featuredmedia":[{"embeddable":true,"href":"https:\/\/www.europesays.com\/no\/wp-json\/wp\/v2\/media\/4299"}],"wp:attachment":[{"href":"https:\/\/www.europesays.com\/no\/wp-json\/wp\/v2\/media?parent=99584"}],"wp:term":[{"taxonomy":"category","embeddable":true,"href":"https:\/\/www.europesays.com\/no\/wp-json\/wp\/v2\/categories?post=99584"},{"taxonomy":"post_tag","embeddable":true,"href":"https:\/\/www.europesays.com\/no\/wp-json\/wp\/v2\/tags?post=99584"}],"curies":[{"name":"wp","href":"https:\/\/api.w.org\/{rel}","templated":true}]}}