{"id":99585,"date":"2025-11-28T22:29:14","date_gmt":"2025-11-28T22:29:14","guid":{"rendered":"https:\/\/www.europesays.com\/no\/99585\/"},"modified":"2025-11-28T22:29:14","modified_gmt":"2025-11-28T22:29:14","slug":"henrik-kristoffersen-kjorte-seg-opp-pa-annenplass-i-copper-mountain","status":"publish","type":"post","link":"https:\/\/www.europesays.com\/no\/99585\/","title":{"rendered":"Henrik Kristoffersen kj\u00f8rte seg opp p\u00e5 annenplass i Copper Mountain"},"content":{"rendered":"\n<p class=\"_lead_o9xde_2 _lead_xtcu6_50 layout-component text-serif-m layout-normal text-serif-l layout-component layout-wide layout-padded _wide_17hqh_1 layout-padded\">Etter en skuffende start p\u00e5 sesongen slo Henrik Kristoffersen til med karrierens 96. pallplass.<\/p>\n<p> <img class=\"_image_qp4xg_65 layout-component layout-wide\" data-fullscreen- data-track-element-type=\"Article image fullscreen\" data-track-name=\"ImageFullscreen\" fetchpriority=\"high\" decoding=\"sync\" loading=\"eager\" height=\"102\" itemprop=\"image\"  src=\"https:\/\/www.europesays.com\/no\/wp-content\/uploads\/2025\/11\/cd5fa41b2696bc9d6b6d0cdcfcc417b5.jpg\"  style=\"object-position:50% 50%;aspect-ratio:1.75;height:auto;object-fit:cover;width:100%\" width=\"102\"\/>  <\/p>\n<ul aria-hidden=\"true\" class=\"_images_1uft6_111\">\n<li><a class=\"_link_1uft6_116\" href=\"https:\/\/www.vg.no\/forfatter\/andreas-hopen\" style=\"z-index:1\" title=\"Andreas Hopen\" rel=\"nofollow noopener\" target=\"_blank\"><img alt=\"Bilde av Andreas Hopen\" class=\"_image_1uft6_93\" fetchpriority=\"low\" loading=\"lazy\" decoding=\"async\" itemprop=\"image\"  src=\"https:\/\/www.europesays.com\/no\/wp-content\/uploads\/2025\/11\/1764368954_297_8d697287-ea03-4d54-ab67-6d65b82629eb\"  width=\"480\"\/><\/a><\/li>\n<\/ul>\n<p> Oppdatert fredag 28. november kl. 22:17    <\/p>\n<ul class=\"_list_o9xde_3 _list_64s2r_85 _unordered_o9xde_106 text-sans-m\">\n<li class=\"_item_o9xde_30\">Henrik Kristoffersen tok andreplass i Copper Mountain etter \u00e5 ha forbedret seg fra femteplass.<\/li>\n<li class=\"_item_o9xde_30\">Det er Kristoffersens 96. pallplass i karrieren.<\/li>\n<li class=\"_item_o9xde_30\">Stefan Brennsteiner vant sitt f\u00f8rste verdenscuprenn.<\/li>\n<li class=\"_item_o9xde_30\">Lucas Pinheiro Braathen endte femogtredve hundredeler bak Kristoffersen.<\/li>\n<li class=\"_item_o9xde_30\">Eirik Hystad Solberg oppn\u00e5dde karrierebeste med 14. plass.<\/li>\n<\/ul>\n<p>Vis mer <\/p>\n<p class=\"_paragraph_o9xde_4 _paragraph_xtcu6_10 layout-component text-serif-m layout-normal text-serif-m layout-padded\">Nordmannen l\u00e5 \u00e5tte tideler bak etter f\u00f8rste omgang p\u00e5 en femteplass \u2013 men kj\u00f8rte seg opp p\u00e5 en annenplass.<\/p>\n<p class=\"_paragraph_o9xde_4 _paragraph_xtcu6_10 layout-component text-serif-m layout-normal text-serif-m layout-padded\">Se Kristoffersens l\u00f8p \u00f8verst.<\/p>\n<p class=\"_paragraph_o9xde_4 _paragraph_xtcu6_10 layout-component text-serif-m layout-normal text-serif-m layout-padded\">Kristoffersen kj\u00f8rte str\u00e5lende p\u00e5 toppen i annen omgang og \u00f8kte forspranget til Zubcic i m\u00e5l.<\/p>\n<p class=\"_paragraph_o9xde_4 _paragraph_xtcu6_10 layout-component text-serif-m layout-normal text-serif-m layout-padded\">\u2013 Skiteknisk er det aldri noe \u00e5 si p\u00e5 <a href=\"https:\/\/www.vg.no\/tag\/henrik-kristoffersen?utm_source=vg-article&amp;utm_medium=auto-tagger&amp;utm_campaign=WvlK9L\" class=\"_link_o9xde_39\" rel=\"nofollow noopener\" target=\"_blank\">Henrik Kristoffersen<\/a>, sa Viaplay-ekspert Marius Arnesen.<\/p>\n<p class=\"_paragraph_o9xde_4 _paragraph_xtcu6_10 layout-component text-serif-m layout-normal text-serif-m layout-padded\">I nedre del holdt nordmannen p\u00e5 \u00e5 falle, men holdt seg p\u00e5 skiene og tok ledelsen i m\u00e5l med fem hundredeler p\u00e5 kroaten.<\/p>\n<p class=\"_paragraph_o9xde_4 _paragraph_xtcu6_10 layout-component text-serif-m layout-normal text-serif-m layout-padded\">Etter ham klarte hverken Lucas Pinheiro Braathen, Thomas Tumler eller Robert Kranjec \u00e5 hamle opp med Kristoffersens bestetid og pallplassen var et faktum.<\/p>\n<p class=\"_paragraph_o9xde_4 _paragraph_xtcu6_10 layout-component text-serif-m layout-normal text-serif-m layout-padded\">Stefan Brennsteiner ledet med \u00e5tte tideler til Kristoffersen og klarte \u00e5 forsvare forspranget. 34-\u00e5ringen fra \u00d8sterrike sikret med det sin f\u00f8rste verdenscupseier i karrieren. P\u00e5 pallen sto Kristoffersen fremdeles med kramper \u2013 over fem minutter etter m\u00e5lgang i bunnen av den krevende l\u00f8ypa.<\/p>\n<p class=\"_paragraph_o9xde_4 _paragraph_xtcu6_10 layout-component text-serif-m layout-normal text-serif-m layout-padded\">Lucas Pinheiro Braathen kom i m\u00e5l femogtredve hundredeler bak Kristoffersen etter \u00e5 ha startet omgangen fire hundredel foran sin tidligere lagkamerat.<\/p>\n<p class=\"_paragraph_o9xde_4 _paragraph_xtcu6_10 layout-component text-serif-m layout-normal text-serif-m layout-padded\">Eirik Hystad Solberg (23) var nest yngste p\u00e5 start i USA. 23-\u00e5ringen kj\u00f8rte inn til karrierebeste da han ble nummer 14.<\/p>\n<p class=\"_paragraph_o9xde_4 _paragraph_xtcu6_10 layout-component text-serif-m layout-normal text-serif-m layout-padded\">Stefan Brennsteiner var den klart beste fra startnummer en i den f\u00f8rste omgangen. 34-\u00e5ringen fra \u00d8sterrike ledet med 26 hundredeler ned til Kranjec etter omgangen \u2013 og hadde 76 hundredeler ned til Lucas Pinheiro Braathen p\u00e5 fjerdeplass.<\/p>\n<p class=\"_paragraph_o9xde_4 _paragraph_xtcu6_10 layout-component text-serif-m layout-normal text-serif-m layout-padded\">Under sesong\u00e5pningen i S\u00f6lden endte Kristoffersen p\u00e5 syvendeplass under storslal\u00e5men. I slal\u00e5mrennet i finske Ruka ble det en 13. plass p\u00e5 nordmannen.<\/p>\n<p class=\"_paragraph_o9xde_4 _paragraph_xtcu6_10 layout-component text-serif-m layout-normal text-serif-m layout-padded\">Marco Odermatt vant sesongens f\u00f8rste storslal\u00e5mrenn \u2013 men \u00f8sterrikeren kj\u00f8rte ut fredag \u2013 og mister dermed sammenlagtledelsen i storslal\u00e5m-cupen.<\/p>\n<p class=\"_paragraph_o9xde_4 _paragraph_xtcu6_10 layout-component text-serif-m layout-normal text-serif-m layout-padded\">Det var norsk mannefall i den f\u00f8rste omgangen i Copper Mountain. Timon Haugan og Oscar Andreas Sandvik kj\u00f8rte begge ut, mens Atle Lie McGrath var n\u00e6re \u2013 og fikk sin omgang \u00f8delagt. McGrath kom i m\u00e5l 3,78 bak Brennsteiner -og ble nummer 40 totalt.<\/p>\n","protected":false},"excerpt":{"rendered":"Etter en skuffende start p\u00e5 sesongen slo Henrik Kristoffersen til med karrierens 96. pallplass. Oppdatert fredag 28. november&hellip;\n","protected":false},"author":2,"featured_media":99586,"comment_status":"","ping_status":"","sticky":false,"template":"","format":"standard","meta":{"footnotes":""},"categories":[59],"tags":[249,9794,7183,30,28,29,83,82,12718],"class_list":{"0":"post-99585","1":"post","2":"type-post","3":"status-publish","4":"format-standard","5":"has-post-thumbnail","7":"category-sport","8":"tag-alpint","9":"tag-henrik-kristoffersen","10":"tag-lucas-braathen","11":"tag-no","12":"tag-norge","13":"tag-norway","14":"tag-sport","15":"tag-sports","16":"tag-storslalom"},"share_on_mastodon":{"url":"https:\/\/pubeurope.com\/@no\/115629691187532946","error":""},"_links":{"self":[{"href":"https:\/\/www.europesays.com\/no\/wp-json\/wp\/v2\/posts\/99585","targetHints":{"allow":["GET"]}}],"collection":[{"href":"https:\/\/www.europesays.com\/no\/wp-json\/wp\/v2\/posts"}],"about":[{"href":"https:\/\/www.europesays.com\/no\/wp-json\/wp\/v2\/types\/post"}],"author":[{"embeddable":true,"href":"https:\/\/www.europesays.com\/no\/wp-json\/wp\/v2\/users\/2"}],"replies":[{"embeddable":true,"href":"https:\/\/www.europesays.com\/no\/wp-json\/wp\/v2\/comments?post=99585"}],"version-history":[{"count":0,"href":"https:\/\/www.europesays.com\/no\/wp-json\/wp\/v2\/posts\/99585\/revisions"}],"wp:featuredmedia":[{"embeddable":true,"href":"https:\/\/www.europesays.com\/no\/wp-json\/wp\/v2\/media\/99586"}],"wp:attachment":[{"href":"https:\/\/www.europesays.com\/no\/wp-json\/wp\/v2\/media?parent=99585"}],"wp:term":[{"taxonomy":"category","embeddable":true,"href":"https:\/\/www.europesays.com\/no\/wp-json\/wp\/v2\/categories?post=99585"},{"taxonomy":"post_tag","embeddable":true,"href":"https:\/\/www.europesays.com\/no\/wp-json\/wp\/v2\/tags?post=99585"}],"curies":[{"name":"wp","href":"https:\/\/api.w.org\/{rel}","templated":true}]}}