{"id":99589,"date":"2025-11-28T22:34:15","date_gmt":"2025-11-28T22:34:15","guid":{"rendered":"https:\/\/www.europesays.com\/no\/99589\/"},"modified":"2025-11-28T22:34:15","modified_gmt":"2025-11-28T22:34:15","slug":"viking-feber-for-a-berge-lastebil-bygdanytt-no","status":"publish","type":"post","link":"https:\/\/www.europesays.com\/no\/99589\/","title":{"rendered":"\u00abViking-feber\u00bb for \u00e5 berge lastebil &#8211; bygdanytt.no"},"content":{"rendered":"<ol>\n<li><a href=\"https:\/\/news.google.com\/rss\/articles\/CBMikgFBVV95cUxOVm8xZTVwMmtwVWtaYXd6SFZPT1dsa1N5aC1USURHNWNXOWZyWjRPUDlsWWtYWXplVS1rcUNQUWc5dEhaVmMzeUNLclNfNVM4VktldENPdHBrQ0xLN3BxOGQ5MGtFWTJPUkZYTVJkTjdiX0xyMG9meVVTSUx3ejdFN3JZVXhwUVRISFo2YXFZT21mUQ?oc=5\" target=\"_blank\" rel=\"nofollow noopener\">\u00abViking-feber\u00bb for \u00e5 berge lastebil<\/a>&nbsp;&nbsp;bygdanytt.no<\/li>\n<li><a href=\"https:\/\/news.google.com\/rss\/articles\/CBMijwFBVV95cUxOSjFUZkxpeGh0Z0lzbVhGcm5uSmdGd0ZNYURRVmZWd09KUmY5NEZsV0RfNVFWa0xZcDF3LTZ2ZkdzSEpWLXk4QlVneG1PWEJLeDkzSWNUXzA4T20yR1phTDFDM3Z4TEdBRldMYWhFZkpMdld5TjUzMnBvaDZwWHNadXpsR21HLVJrWWpPNG1PQQ?oc=5\" target=\"_blank\" rel=\"nofollow noopener\">Oster\u00f8y: Viking-feber for \u00e5 berge lastebil<\/a>&nbsp;&nbsp;strilen.no<\/li>\n<li><a href=\"https:\/\/news.google.com\/rss\/articles\/CBMiWkFVX3lxTE8yX0JBZGNuaW1ONGVYeG5rT1lxRm9CMXhOMFB6Sm5iQkFZdF9qcVlUVWFZenZVSlhHTVlaY3otdVhNRU4yYXVwZUFmOG80Y3FXRGdPUlhVSnJWZw?oc=5\" target=\"_blank\" rel=\"nofollow noopener\">Trafikken direkte<\/a>&nbsp;&nbsp;Bergens Tidende<\/li>\n<li><a href=\"https:\/\/news.google.com\/rss\/articles\/CBMiWkFVX3lxTE5NTHY1NmsxR1ZMQXVOMEdDWE1lbkI1cGkydVNZY290a3lQTE9GYmJkTUtJaDFLN2RPN01nRHgyNXhEalFaZ19CbEprZFdjTUdvRk5uNVVhLTZvZw?oc=5\" target=\"_blank\" rel=\"nofollow noopener\">Trafikken direkte: F\u00e5 siste nytt om trafikken i Bergen og Vestland &#8211; Berging av vogntog stoppar trafikken<\/a>&nbsp;&nbsp;Bergens Tidende<\/li>\n<li><a href=\"https:\/\/news.google.com\/rss\/articles\/CBMiggFBVV95cUxQdlhhRVVMQ0RPNG1wR3VqWkNBWWlyTHJSbnU2MWdhWTVaZlZaRmlPa1ZaemppRkpLNEpKYVFIclg2Q0NONWNMVmhtMW00RmcwS0NJaVpKU0ZkNjFULU1fRGFRaHNYVDkyRHFkSjgtUWY2QWczQ1JzdVc5TjBoMm9GMWR3?oc=5\" target=\"_blank\" rel=\"nofollow noopener\">Bergingsaksjon i gang \u2013 stenger veg<\/a>&nbsp;&nbsp;bygdanytt.no<\/li>\n<\/ol>\n","protected":false},"excerpt":{"rendered":"\u00abViking-feber\u00bb for \u00e5 berge lastebil&nbsp;&nbsp;bygdanytt.no Oster\u00f8y: Viking-feber for \u00e5 berge lastebil&nbsp;&nbsp;strilen.no Trafikken direkte&nbsp;&nbsp;Bergens Tidende Trafikken direkte: F\u00e5 siste&hellip;\n","protected":false},"author":2,"featured_media":99590,"comment_status":"","ping_status":"","sticky":false,"template":"","format":"standard","meta":{"footnotes":""},"categories":[10],"tags":[20,21,24,25,15,22,23,13,30,28,29,14,16,26,27],"class_list":{"0":"post-99589","1":"post","2":"type-post","3":"status-publish","4":"format-standard","5":"has-post-thumbnail","7":"category-norge","8":"tag-breaking-news","9":"tag-breakingnews","10":"tag-featured-news","11":"tag-featurednews","12":"tag-headlines","13":"tag-latest-news","14":"tag-latestnews","15":"tag-news","16":"tag-no","17":"tag-norge","18":"tag-norway","19":"tag-nyheter","20":"tag-overskrifter","21":"tag-top-stories","22":"tag-topstories"},"share_on_mastodon":{"url":"https:\/\/pubeurope.com\/@no\/115629710576979985","error":""},"_links":{"self":[{"href":"https:\/\/www.europesays.com\/no\/wp-json\/wp\/v2\/posts\/99589","targetHints":{"allow":["GET"]}}],"collection":[{"href":"https:\/\/www.europesays.com\/no\/wp-json\/wp\/v2\/posts"}],"about":[{"href":"https:\/\/www.europesays.com\/no\/wp-json\/wp\/v2\/types\/post"}],"author":[{"embeddable":true,"href":"https:\/\/www.europesays.com\/no\/wp-json\/wp\/v2\/users\/2"}],"replies":[{"embeddable":true,"href":"https:\/\/www.europesays.com\/no\/wp-json\/wp\/v2\/comments?post=99589"}],"version-history":[{"count":0,"href":"https:\/\/www.europesays.com\/no\/wp-json\/wp\/v2\/posts\/99589\/revisions"}],"wp:featuredmedia":[{"embeddable":true,"href":"https:\/\/www.europesays.com\/no\/wp-json\/wp\/v2\/media\/99590"}],"wp:attachment":[{"href":"https:\/\/www.europesays.com\/no\/wp-json\/wp\/v2\/media?parent=99589"}],"wp:term":[{"taxonomy":"category","embeddable":true,"href":"https:\/\/www.europesays.com\/no\/wp-json\/wp\/v2\/categories?post=99589"},{"taxonomy":"post_tag","embeddable":true,"href":"https:\/\/www.europesays.com\/no\/wp-json\/wp\/v2\/tags?post=99589"}],"curies":[{"name":"wp","href":"https:\/\/api.w.org\/{rel}","templated":true}]}}