{"id":99597,"date":"2025-11-28T22:57:13","date_gmt":"2025-11-28T22:57:13","guid":{"rendered":"https:\/\/www.europesays.com\/no\/99597\/"},"modified":"2025-11-28T22:57:13","modified_gmt":"2025-11-28T22:57:13","slug":"krim-oslo-fire-personer-siktet-og-pagrepet-for-drapsforbund-tilknyttet-b-gjengen","status":"publish","type":"post","link":"https:\/\/www.europesays.com\/no\/99597\/","title":{"rendered":"Krim, Oslo | Fire personer siktet og p\u00e5grepet for drapsforbund. Tilknyttet B-gjengen"},"content":{"rendered":"\n<p>De fire mennene i 30- og 40-\u00e5rene ble p\u00e5grepet torsdag og er hjemmeh\u00f8rende i \u00f8stlandsomr\u00e5det, opplyser Oslo politidistrikt i en <a rel=\"noopener nofollow\" href=\"https:\/\/www.politiet.no\/nyheter-og-presse\/oslo\/nyhet\/2025-11-28\/fire-personer-pagrepet-for-drapsforbund?nyhetsmelding=0\" target=\"_blank\">pressemelding<\/a>.<\/p>\n<p>De er siktet for s\u00e5kalt drapsforbund, alts\u00e5 \u00e5 inng\u00e5 avtale om et drap eller \u00e5 volde betydelig skade p\u00e5 kropp og helse.<\/p>\n<p>En av de siktede, Ahmed Shahbaz Dad (44), er tidligere d\u00f8mt for bestillingsdrap, melder <a rel=\"noopener nofollow\" href=\"https:\/\/www.nrk.no\/norge\/fire-personer-siktet-og-pagrepet-for-drapsforbund-1.17671182\" target=\"_blank\">NRK<\/a> , <a rel=\"noopener nofollow\" href=\"https:\/\/www.vg.no\/nyheter\/i\/rrpJ4a\/doemt-for-bestilling-av-drap-naa-er-han-paagrepet-igjen\" target=\"_blank\">VG <\/a>og <a rel=\"noopener nofollow\" href=\"https:\/\/www.tv2.no\/nyheter\/innenriks\/gjengprofil-pagrepet-for-drapsforbund-tidligere-domt-for-bestillingsdrap\/18332780\/\" target=\"_blank\">TV 2.<\/a><\/p>\n<p>Tilknyttet B-gjengen<\/p>\n<p>Dommen omfatter et bestillingsdrap p\u00e5 Young Guns-leder Mohammed \u00abJeddi\u00bb Javed i Oslo i 2009. Det var Stig Millehaugen som utf\u00f8rte drapet. Han sitter for tiden i varetekt, siktet for drapet p\u00e5 Nokas-raner Metkel Betew.<\/p>\n<p>Dad ble d\u00f8mt til 20 \u00e5rs fengsel. Han har i mange \u00e5r v\u00e6rt tilknyttet den kriminelle B-gjengen.<\/p>\n<p>Det er ikke kjent hvordan han stiller seg til fredagens siktelse.<\/p>\n<p>De fire siktede vil bli fremstilt for varetektsfengsling i Oslo tingrett fredag. De er knyttet til et kriminelt milj\u00f8, if\u00f8lge VG.<\/p>\n<p>\u2013 Bakgrunnen for p\u00e5gripelsene er knyttet til en p\u00e5g\u00e5ende etterforskning av en hendelse fra 14. november i Oslo. Politiet knytter saken til en konflikt i et kriminelt milj\u00f8, skriver politiet.<\/p>\n<p>\u2013 Sv\u00e6rt alvorlig<\/p>\n<p>\u2013 Politiet ser sv\u00e6rt alvorlig p\u00e5 saken. Den etterforskes derfor for fullt og med h\u00f8y prioritet. V\u00e5rt fokus videre er \u00e5 danne oss et klarere bilde av motiv og hendelsesforl\u00f8p, sier politiadvokat Jon Inge Engesmo.<\/p>\n<p>Politiet er fremdeles tidlig i etterforskningen og kan derfor ikke g\u00e5 ytterligere i detaljer.<\/p>\n<p>Marius Dietrichson er oppnevnt som forsvarer for en av de siktede. Dietrichson opplyser til NRK at klienten nekter straffskyld.<\/p>\n<p>Forsvarerne til de andre siktede har ikke kommentert saken.<\/p>\n","protected":false},"excerpt":{"rendered":"De fire mennene i 30- og 40-\u00e5rene ble p\u00e5grepet torsdag og er hjemmeh\u00f8rende i \u00f8stlandsomr\u00e5det, opplyser Oslo politidistrikt&hellip;\n","protected":false},"author":2,"featured_media":4903,"comment_status":"","ping_status":"","sticky":false,"template":"","format":"standard","meta":{"footnotes":""},"categories":[10],"tags":[36,20,21,377,24,25,15,983,22,23,13,30,28,29,14,636,16,1510,26,27],"class_list":{"0":"post-99597","1":"post","2":"type-post","3":"status-publish","4":"format-standard","5":"has-post-thumbnail","7":"category-norge","8":"tag-art","9":"tag-breaking-news","10":"tag-breakingnews","11":"tag-drap","12":"tag-featured-news","13":"tag-featurednews","14":"tag-headlines","15":"tag-krim","16":"tag-latest-news","17":"tag-latestnews","18":"tag-news","19":"tag-no","20":"tag-norge","21":"tag-norway","22":"tag-nyheter","23":"tag-oslo","24":"tag-overskrifter","25":"tag-story","26":"tag-top-stories","27":"tag-topstories"},"share_on_mastodon":{"url":"https:\/\/pubeurope.com\/@no\/115629801044874102","error":""},"_links":{"self":[{"href":"https:\/\/www.europesays.com\/no\/wp-json\/wp\/v2\/posts\/99597","targetHints":{"allow":["GET"]}}],"collection":[{"href":"https:\/\/www.europesays.com\/no\/wp-json\/wp\/v2\/posts"}],"about":[{"href":"https:\/\/www.europesays.com\/no\/wp-json\/wp\/v2\/types\/post"}],"author":[{"embeddable":true,"href":"https:\/\/www.europesays.com\/no\/wp-json\/wp\/v2\/users\/2"}],"replies":[{"embeddable":true,"href":"https:\/\/www.europesays.com\/no\/wp-json\/wp\/v2\/comments?post=99597"}],"version-history":[{"count":0,"href":"https:\/\/www.europesays.com\/no\/wp-json\/wp\/v2\/posts\/99597\/revisions"}],"wp:featuredmedia":[{"embeddable":true,"href":"https:\/\/www.europesays.com\/no\/wp-json\/wp\/v2\/media\/4903"}],"wp:attachment":[{"href":"https:\/\/www.europesays.com\/no\/wp-json\/wp\/v2\/media?parent=99597"}],"wp:term":[{"taxonomy":"category","embeddable":true,"href":"https:\/\/www.europesays.com\/no\/wp-json\/wp\/v2\/categories?post=99597"},{"taxonomy":"post_tag","embeddable":true,"href":"https:\/\/www.europesays.com\/no\/wp-json\/wp\/v2\/tags?post=99597"}],"curies":[{"name":"wp","href":"https:\/\/api.w.org\/{rel}","templated":true}]}}