{"id":99606,"date":"2025-11-28T23:30:21","date_gmt":"2025-11-28T23:30:21","guid":{"rendered":"https:\/\/www.europesays.com\/no\/99606\/"},"modified":"2025-11-28T23:30:21","modified_gmt":"2025-11-28T23:30:21","slug":"sa-mye-kan-den-nye-iphone-fold-koste","status":"publish","type":"post","link":"https:\/\/www.europesays.com\/no\/99606\/","title":{"rendered":"S\u00e5 mye kan den nye iPhone Fold koste"},"content":{"rendered":"<p>Neste \u00e5rs iPhone-lansering blir helt annerledes enn vanlig. If\u00f8lge nye rapporter hopper Apple over iPhone 18-serien i 2026 og lanserer kun tre toppmodeller: iPhone 18 Pro, iPhone 18 Pro Max og den helt nye iPhone Fold. De rimeligere modellene kommer f\u00f8rst v\u00e5ren 2027. Det betyr \u00e9n ting: prisniv\u00e5et til h\u00f8stens lansering blir skyh\u00f8yt.<\/p>\n<p><strong>iPhone Fold kan starte p\u00e5 hele 2 399 dollar<\/strong><\/p>\n<p>If\u00f8lge analysene fra Investing forventes iPhone Fold \u00e5 f\u00e5 en startpris p\u00e5 2 399 dollar. Det gj\u00f8r den ikke bare til den dyreste iPhonen noensinne, men ogs\u00e5 en av de aller dyreste foldbare telefonene p\u00e5 markedet. Tidligere estimater antydet mellom 2 000 og 2 500 dollar, men n\u00e5 ser det ut til at prisen lander helt i toppen av intervallet.<\/p>\n<p><strong>Sammenlignes med konkurrentene \u2013 men er enda dyrere<\/strong><\/p>\n<p>Til sammenligning koster Samsung Galaxy Z Fold 7 og Google Pixel 10 Pro Fold rundt 2 000 dollar. Dersom Apple legger seg n\u00e6r 2 500, blir iPhone Fold den dyreste fold-telefonen som tilbys i dag.<\/p>\n<p><strong>Hvorfor blir prisen s\u00e5 h\u00f8y?<\/strong><\/p>\n<p>If\u00f8lge Fubon-analytiker Arthur Liao st\u00e5r smarttelefonmarkedet foran et krevende \u00e5r. Synkende salgstall kombinert med \u00f8kte komponentkostnader gj\u00f8r at produsentene m\u00e5 heve prisene. RAM-priser har \u00f8kt med 75 prosent det siste \u00e5ret, og total kostnad for komponenter kan stige med 5\u20137 prosent i 2026.<\/p>\n<p><strong>Foldbare telefoner krever dyre spesialdeler<\/strong><\/p>\n<p>For iPhone Fold er kostnadene enda h\u00f8yere. Det skyldes blant annet det fleksible OLED-panelet, avansert hengsel og lette, spesialtilpassede komponenter. I tillegg \u00f8nsker Apple etter sigende en brette-fri skjerm, noe som krever ekstra kostbare paneler \u2013 sannsynligvis levert av Samsung.<\/p>\n<p><strong>Apple forventer \u00e5 selge millioner \u2013 selv med h\u00f8y pris<\/strong><\/p>\n<p>Til tross for prislappen tror Fubon at Apple vil selge over 15 millioner iPhone Fold totalt, hvorav 5,4 millioner i 2026. Analytikerne mener modellen kan bli en viktig drivkraft i et marked som ellers er p\u00e5 vei ned.<\/p>\n<p><strong>Konklusjon: iPhone Fold blir et luksusprodukt<\/strong><\/p>\n<p>Med en startpris p\u00e5 rundt 2 399 dollar blir iPhone Fold et premiumprodukt for de mest dedikerte Apple-brukerne. Resten m\u00e5 trolig vente til 2027 for mer lommebokvennlige modeller.<\/p>\n","protected":false},"excerpt":{"rendered":"Neste \u00e5rs iPhone-lansering blir helt annerledes enn vanlig. If\u00f8lge nye rapporter hopper Apple over iPhone 18-serien i 2026&hellip;\n","protected":false},"author":2,"featured_media":99607,"comment_status":"","ping_status":"","sticky":false,"template":"","format":"standard","meta":{"footnotes":""},"categories":[57],"tags":[30,28,29,65,63,64,66,70,69,67,68],"class_list":{"0":"post-99606","1":"post","2":"type-post","3":"status-publish","4":"format-standard","5":"has-post-thumbnail","7":"category-vitenskap-og-teknologi","8":"tag-no","9":"tag-norge","10":"tag-norway","11":"tag-science","12":"tag-science-and-technology","13":"tag-scienceandtechnology","14":"tag-technology","15":"tag-teknologi","16":"tag-vitenskap","17":"tag-vitenskap-og-teknologi","18":"tag-vitenskapteknologi"},"share_on_mastodon":{"url":"https:\/\/pubeurope.com\/@no\/115629930789736646","error":""},"_links":{"self":[{"href":"https:\/\/www.europesays.com\/no\/wp-json\/wp\/v2\/posts\/99606","targetHints":{"allow":["GET"]}}],"collection":[{"href":"https:\/\/www.europesays.com\/no\/wp-json\/wp\/v2\/posts"}],"about":[{"href":"https:\/\/www.europesays.com\/no\/wp-json\/wp\/v2\/types\/post"}],"author":[{"embeddable":true,"href":"https:\/\/www.europesays.com\/no\/wp-json\/wp\/v2\/users\/2"}],"replies":[{"embeddable":true,"href":"https:\/\/www.europesays.com\/no\/wp-json\/wp\/v2\/comments?post=99606"}],"version-history":[{"count":0,"href":"https:\/\/www.europesays.com\/no\/wp-json\/wp\/v2\/posts\/99606\/revisions"}],"wp:featuredmedia":[{"embeddable":true,"href":"https:\/\/www.europesays.com\/no\/wp-json\/wp\/v2\/media\/99607"}],"wp:attachment":[{"href":"https:\/\/www.europesays.com\/no\/wp-json\/wp\/v2\/media?parent=99606"}],"wp:term":[{"taxonomy":"category","embeddable":true,"href":"https:\/\/www.europesays.com\/no\/wp-json\/wp\/v2\/categories?post=99606"},{"taxonomy":"post_tag","embeddable":true,"href":"https:\/\/www.europesays.com\/no\/wp-json\/wp\/v2\/tags?post=99606"}],"curies":[{"name":"wp","href":"https:\/\/api.w.org\/{rel}","templated":true}]}}