{"id":99608,"date":"2025-11-28T23:35:24","date_gmt":"2025-11-28T23:35:24","guid":{"rendered":"https:\/\/www.europesays.com\/no\/99608\/"},"modified":"2025-11-28T23:35:24","modified_gmt":"2025-11-28T23:35:24","slug":"hyllest-til-age-hareide-vikebladet-no","status":"publish","type":"post","link":"https:\/\/www.europesays.com\/no\/99608\/","title":{"rendered":"Hyllest til \u00c5ge Hareide &#8211; vikebladet.no"},"content":{"rendered":"<p>Takk for din \u00e5penhet om den forferdelige sykdommen. Det har helt sikkert kostet deg mye personlig, men det betyr enormt mye for andre. Du er \u2013 som din venn Arild Stavrum s\u00e5 treffende beskrev \u2013 et motsetningsfylt og bemerkelsesverdig menneske. Det viste du nylig da du og din s\u00f8nn Bendik delte historien med omverdenen. Den kombinasjonen av styrke og s\u00e5rbarhet gj\u00f8r deg til et stort menneske. Du er hel ved, \u00c5ge \u2013 og det er s\u00f8nnen din ogs\u00e5.<\/p>\n<p>Takk for at du er den du er. Selv om jeg ikke kjenner deg, f\u00f8les det som om jeg gj\u00f8r det. Du er en person som alltid gir av deg selv, som alltid har et smil p\u00e5 lur, og som det er utrolig lett \u00e5 bli glad i. Du har alltid v\u00e6rt en del av mitt liv, og for det er jeg evig takknemlig.<\/p>\n<p>Takk for alt du har gitt til fotballen \u2013 og til oss som elsker sporten. Din lidenskap, ditt engasjement og din vilje til \u00e5 dele kunnskap har gjort en forskjell for generasjoner. Du har hatt en imponerende karriere b\u00e5de som spiller og trener, med meritter som gj\u00f8r deg til en av de mest markante skikkelsene i nordisk fotball. Ditt navn vil for alltid st\u00e5 skrevet med gullskrift i fotballhistorien.<\/p>\n<p><img decoding=\"async\" src=\"data:image\/gif;base64,R0lGODlhEAAJAIAAAP\/\/\/wAAACH5BAEAAAAALAAAAAAQAAkAAAIKhI+py+0Po5yUFQA7\" alt=\"\"\/><br \/>\n  Bj\u00f8rn Druglimo<br \/>\n  <strong>Foto:<\/strong> Privat<\/p>\n<p>Takk for at du i 1981 ble den andre nordmannen som ble fotballproff i England \u2013 f\u00f8rst i Manchester City og senere i Norwich. Vit at du og Einar Jan Aas gjorde verden litt st\u00f8rre for en \u00e5tte\u00e5ring med hjertet fullt av fotball og engelske dr\u00f8mmer. Du kledde engelsk fotball \u2013 spesielt for oss som mener at en knallhard hodeduell eller en sklitakling i kneh\u00f8yde, der b\u00e5de ball og motspiller f\u00f8lger med, er noe av det vakreste som finnes.<\/p>\n<p>Takk for at du har vist at talent ikke handler om adresse eller \u00f8konomiske ressurser. Fra Hareid i havgapet til fotballens storhet \u2013 du har bevist at hardt arbeid sl\u00e5r alt. Det er ikke penger og akademi som skaper en spiller, men trening, trening og atter trening. Enten det skjer p\u00e5 en moderne kunstgressbane eller ved \u00e5 drible forbi lettb\u00e5ter og sette ballen i nothenget som var m\u00e5l.<\/p>\n<p>Takk betyr kanskje lite i din situasjon n\u00e5, \u00c5ge, men vi h\u00e5per du kjenner varmen fra alle rundt deg \u2013 oss fotballsupportere, spillere, trenere og alle menneskene du har m\u00f8tt p\u00e5 din vei. Du har utgjort en positiv forskjell i livet til veldig mange, og det er noe du skal v\u00e6re stolt av. N\u00e5 er det v\u00e5r tur til \u00e5 vise takknemlighet tilbake for den du er.<\/p>\n<p>Derfor: tusen takk for alt du har delt \u2013 b\u00e5de p\u00e5 banen og utenfor. Du har satt spor som varer. Vi setter um\u00e5telig stor pris p\u00e5 deg, \u00c5ge Hareide.<\/p>\n<p><a href=\"https:\/\/www.vikebladet.no\/nyhende\/i\/Gxl5j4\/hareide-ferdig-som-trener-bryter-tausheten-om-sjukdommen\" rel=\"nofollow noopener\" target=\"_blank\"> <img decoding=\"async\" src=\"data:image\/gif;base64,R0lGODlhEAAJAIAAAP\/\/\/wAAACH5BAEAAAAALAAAAAAQAAkAAAIKhI+py+0Po5yUFQA7\" alt=\"\"\/>   Hareide bryter tausheten om sjukdommen  <\/a> <a href=\"https:\/\/www.vikebladet.no\/sport\/n\/yEeP6e\/kjempar-sin-kamp\" rel=\"nofollow noopener\" target=\"_blank\"> <img decoding=\"async\" src=\"data:image\/gif;base64,R0lGODlhEAAJAIAAAP\/\/\/wAAACH5BAEAAAAALAAAAAAQAAkAAAIKhI+py+0Po5yUFQA7\" alt=\"\"\/>   \u2013 Kjempar sin kamp  <\/a> <\/p>\n","protected":false},"excerpt":{"rendered":"Takk for din \u00e5penhet om den forferdelige sykdommen. Det har helt sikkert kostet deg mye personlig, men det&hellip;\n","protected":false},"author":2,"featured_media":99609,"comment_status":"","ping_status":"","sticky":false,"template":"","format":"standard","meta":{"footnotes":""},"categories":[59],"tags":[11648,8419,92,30,28,29,83,82],"class_list":{"0":"post-99608","1":"post","2":"type-post","3":"status-publish","4":"format-standard","5":"has-post-thumbnail","7":"category-sport","8":"tag-age-hareide","9":"tag-drommer","10":"tag-fotball","11":"tag-no","12":"tag-norge","13":"tag-norway","14":"tag-sport","15":"tag-sports"},"share_on_mastodon":{"url":"https:\/\/pubeurope.com\/@no\/115629950456560187","error":""},"_links":{"self":[{"href":"https:\/\/www.europesays.com\/no\/wp-json\/wp\/v2\/posts\/99608","targetHints":{"allow":["GET"]}}],"collection":[{"href":"https:\/\/www.europesays.com\/no\/wp-json\/wp\/v2\/posts"}],"about":[{"href":"https:\/\/www.europesays.com\/no\/wp-json\/wp\/v2\/types\/post"}],"author":[{"embeddable":true,"href":"https:\/\/www.europesays.com\/no\/wp-json\/wp\/v2\/users\/2"}],"replies":[{"embeddable":true,"href":"https:\/\/www.europesays.com\/no\/wp-json\/wp\/v2\/comments?post=99608"}],"version-history":[{"count":0,"href":"https:\/\/www.europesays.com\/no\/wp-json\/wp\/v2\/posts\/99608\/revisions"}],"wp:featuredmedia":[{"embeddable":true,"href":"https:\/\/www.europesays.com\/no\/wp-json\/wp\/v2\/media\/99609"}],"wp:attachment":[{"href":"https:\/\/www.europesays.com\/no\/wp-json\/wp\/v2\/media?parent=99608"}],"wp:term":[{"taxonomy":"category","embeddable":true,"href":"https:\/\/www.europesays.com\/no\/wp-json\/wp\/v2\/categories?post=99608"},{"taxonomy":"post_tag","embeddable":true,"href":"https:\/\/www.europesays.com\/no\/wp-json\/wp\/v2\/tags?post=99608"}],"curies":[{"name":"wp","href":"https:\/\/api.w.org\/{rel}","templated":true}]}}