{"id":99614,"date":"2025-11-28T23:47:12","date_gmt":"2025-11-28T23:47:12","guid":{"rendered":"https:\/\/www.europesays.com\/no\/99614\/"},"modified":"2025-11-28T23:47:12","modified_gmt":"2025-11-28T23:47:12","slug":"klar-for-julestria-fa-ansatte-men-de-loper-fort-andalsnes-avis-no","status":"publish","type":"post","link":"https:\/\/www.europesays.com\/no\/99614\/","title":{"rendered":"(+) Klar for julestria: \u2013 F\u00e5 ansatte, men de l\u00f8per fort &#8211; andalsnes-avis.no"},"content":{"rendered":"<ol>\n<li><a href=\"https:\/\/news.google.com\/rss\/articles\/CBMinAFBVV95cUxOVDVFMVJsRkJOeXUzMHZCQzdzR09qQ3V0enpoTGxuTUxQNWNRX0NWVE4wemVBZVBWaHYydTNyOTJOT3Y4OTlBYlRBVVBLRVBUNTB4cGx6RU1RSGZQWGRxbVF2eXdxaGwzMG1GdGZCRDFKX2VUYjFGNm9zOE9SVjBHTWJWT2ZnYWZrRkt3Z0lHWTVMblNHZnM2LXhSUE8?oc=5\" target=\"_blank\" rel=\"nofollow noopener\">(+) Klar for julestria: \u2013 F\u00e5 ansatte, men de l\u00f8per fort<\/a>&nbsp;&nbsp;andalsnes-avis.no<\/li>\n<li><a href=\"https:\/\/news.google.com\/rss\/articles\/CBMihwFBVV95cUxQZ1VnV3R3dTdVQlNPLXlqRzg2b0FFUVNjcjczRUlFZm5Sb25CUGV1UE9fS0dlRmdBQlNxN3NpWUpfU1F1cF9saDEwc2lRcjRHZk1PX0NvXzhRSEE0NmZ2cXQtSk81Q2lYU0VZdHptZDFCUDA4UlhGVkZUZFFIWDF0Ri0wZFJxam8?oc=5\" target=\"_blank\" rel=\"nofollow noopener\">Butikksjefens b\u00f8nn: \u2013 Kom og hent pakkene kjapt!<\/a>&nbsp;&nbsp;Bergens Tidende<\/li>\n<li><a href=\"https:\/\/news.google.com\/rss\/articles\/CBMihAFBVV95cUxOVzBKZGNVdFB6Wng4U1B1ZXUzR05rY3B1SUhJeEZzaEZpMTEzNmItSHBZa1ItN2ROV01Qa2drX1Z6b2gwc3NVY1BTcHdUNGhMalNyUTIwQ0ttZXk4WEQ5cVA0bWlGLWhzTWF0WVNNWHJFUTZQVmRxT3h5aExIOWZaQjMtNVg?oc=5\" target=\"_blank\" rel=\"nofollow noopener\">Pakkekaos: \u2013 Vi har ikke plass i hyllene<\/a>&nbsp;&nbsp;Bergensavisen<\/li>\n<li><a href=\"https:\/\/news.google.com\/rss\/articles\/CBMitAFBVV95cUxOUERzX1ItYmtyU2k0YmxLWmNyZm9QNUNubFVxcGRPMVRtNEt1d2VhZzNBWnNrYUhWMGVvYk5ubzg3Y0ZSakZmUEItY21ES3J3N2FZdkhnaVZVdXNrbmVHTFJqMW1jUzE5QkpaRTNUZWZ5Ym5xaEhpSmJibFVBM3NQa3VPZ1FackUzS2hIVkNWRkhVTkJ4UXF4ank0ZU9vdnJISEk2TVFOS3luZ1ZNaWdScWJWMks?oc=5\" target=\"_blank\" rel=\"nofollow noopener\">Hyrer inn 700 ekstra ansatte<\/a>&nbsp;&nbsp;varden.no<\/li>\n<li><a href=\"https:\/\/news.google.com\/rss\/articles\/CBMiiAFBVV95cUxNLV9ub2I4UW1RbHJsVTIxNURCTkh6Z0tTV3NQR2JQZFdJUGF6NWRBMlB3V1ctTjJyQTM4MUwwZzVwUDdLSXlmbFhtMGVZOXk0d04yLVJMdmFSZzhPLXM2QlpSZWN6c3k2X2tsV0RJUTlPQ1NkdDZHUFpiTmVBSWd6d2dLM1Y2U0g0?oc=5\" target=\"_blank\" rel=\"nofollow noopener\">(+) Her er det fullt. M\u00e5tte sende ut meldinger til kundene.<\/a>&nbsp;&nbsp;fvn.no<\/li>\n<\/ol>\n","protected":false},"excerpt":{"rendered":"(+) Klar for julestria: \u2013 F\u00e5 ansatte, men de l\u00f8per fort&nbsp;&nbsp;andalsnes-avis.no Butikksjefens b\u00f8nn: \u2013 Kom og hent pakkene&hellip;\n","protected":false},"author":2,"featured_media":99615,"comment_status":"","ping_status":"","sticky":false,"template":"","format":"standard","meta":{"footnotes":""},"categories":[10],"tags":[559,20,21,24,25,4389,15,22,23,13,30,28,29,14,16,11984,26,27],"class_list":{"0":"post-99614","1":"post","2":"type-post","3":"status-publish","4":"format-standard","5":"has-post-thumbnail","7":"category-norge","8":"tag-andalsnes","9":"tag-breaking-news","10":"tag-breakingnews","11":"tag-featured-news","12":"tag-featurednews","13":"tag-forjulstid","14":"tag-headlines","15":"tag-latest-news","16":"tag-latestnews","17":"tag-news","18":"tag-no","19":"tag-norge","20":"tag-norway","21":"tag-nyheter","22":"tag-overskrifter","23":"tag-postnord","24":"tag-top-stories","25":"tag-topstories"},"share_on_mastodon":{"url":"https:\/\/pubeurope.com\/@no\/115629997666474618","error":""},"_links":{"self":[{"href":"https:\/\/www.europesays.com\/no\/wp-json\/wp\/v2\/posts\/99614","targetHints":{"allow":["GET"]}}],"collection":[{"href":"https:\/\/www.europesays.com\/no\/wp-json\/wp\/v2\/posts"}],"about":[{"href":"https:\/\/www.europesays.com\/no\/wp-json\/wp\/v2\/types\/post"}],"author":[{"embeddable":true,"href":"https:\/\/www.europesays.com\/no\/wp-json\/wp\/v2\/users\/2"}],"replies":[{"embeddable":true,"href":"https:\/\/www.europesays.com\/no\/wp-json\/wp\/v2\/comments?post=99614"}],"version-history":[{"count":0,"href":"https:\/\/www.europesays.com\/no\/wp-json\/wp\/v2\/posts\/99614\/revisions"}],"wp:featuredmedia":[{"embeddable":true,"href":"https:\/\/www.europesays.com\/no\/wp-json\/wp\/v2\/media\/99615"}],"wp:attachment":[{"href":"https:\/\/www.europesays.com\/no\/wp-json\/wp\/v2\/media?parent=99614"}],"wp:term":[{"taxonomy":"category","embeddable":true,"href":"https:\/\/www.europesays.com\/no\/wp-json\/wp\/v2\/categories?post=99614"},{"taxonomy":"post_tag","embeddable":true,"href":"https:\/\/www.europesays.com\/no\/wp-json\/wp\/v2\/tags?post=99614"}],"curies":[{"name":"wp","href":"https:\/\/api.w.org\/{rel}","templated":true}]}}