{"id":99628,"date":"2025-11-29T00:15:16","date_gmt":"2025-11-29T00:15:16","guid":{"rendered":"https:\/\/www.europesays.com\/no\/99628\/"},"modified":"2025-11-29T00:15:16","modified_gmt":"2025-11-29T00:15:16","slug":"udemokratisk-og-kontrollerende-forslag-fra-ordforeren-eller-bare-effektivisering","status":"publish","type":"post","link":"https:\/\/www.europesays.com\/no\/99628\/","title":{"rendered":"Udemokratisk og kontrollerende forslag fra ordf\u00f8reren? \u2013 Eller bare effektivisering?"},"content":{"rendered":"<p>Hvis\u00a0vi \u00f8nsker oss engasjerte og dedikerte politikere i kommunen, s\u00e5 er det avgj\u00f8rende at man opplever eierskap, ansvar og respekt for det arbeidet som utf\u00f8res. De som sier ja til \u00e5 stille p\u00e5 liste til kommunevalget m\u00e5 oppleve at det er reell mulighet til \u00e5 p\u00e5virke de beslutningene som tas p\u00e5 vegne av innbyggerne. Lokalpolitikerne m\u00e5 ha mulighet til \u00e5 sette seg inn i saker, bruke tid i partigruppa og komme med forslag til endringer. Vi trenger ikke sandp\u00e5str\u00f8ere, men engasjerte kommunepolitikere!<\/p>\n<p><strong>1.\u00a0Siste m\u00f8te i utvalg for Helse, Oppvekst og Kultur (HOK-utvalget)<\/strong><\/p>\n<p>Under HOK- utvalgets m\u00f8te onsdag 26. november sto budsjettet for 2026 p\u00e5 dagsorden, \u2013 viser til <a href=\"https:\/\/www.banett.no\/nyheter\/n\/9plLQq\/ordfoerer-vil-utvalg-ikke-skal-behandle-budsjett-lenger\" rel=\"noopener nofollow\" target=\"_blank\">oppslag p\u00e5\u00a0BAnett\u00a027. november<\/a>.<\/p>\n<p>Under behandlingen av budsjettet foreslo ordf\u00f8rer Siv Aglen overraskende at utvalget i framtida ikke lenger skulle ha budsjett\u00a0og investeringsplan, samt terti\u00e6rrapport til behandling.<\/p>\n<p>Dette begrunnet hun med at det har v\u00e6rt f\u00e5 saker i budsjettm\u00f8tene i HOK som har blitt reist og vedtatt, og at det derfor er un\u00f8dvendig \u00e5 diskutere og vedta budsjett i utvalget framover. Dessuten har administrasjonen det travelt!<\/p>\n<p><strong>2. Ordf\u00f8reren sier f\u00e5 budsjettvedtak\u00a0fremmes i HOK- utvalget<\/strong>.<\/p>\n<p>Jeg vil minne ordf\u00f8reren p\u00e5 at det i behandlingen av budsjettet for 2025 kom forslag om \u00e5 styrke demensomsorgen i kommunen, blant annet ved \u00e5 \u00f8ke dagsentertilbudet fra 2 til 5 dager i uka. Vedtaket i HOK ble ikke akkurat m\u00f8tt med ovasjoner fra ordf\u00f8reren, men gjennom politisk arbeid og\u00a0politisk\u00a0dragkamp\u00a0ble resultatet at vi i dag har dagtilbud i Br\u00f8nn\u00f8ysund 5 dager i uka. I samme HOK \u2013 m\u00f8te ble det fremma forslag om \u00e5 utrede dagsenter i Velfjord.<\/p>\n<p><strong>3. Hensynet til administrasjonen.<\/strong><\/p>\n<p>Ordf\u00f8rerens andre\u00a0argument for \u00e5 ikke behandle budsjett i HOK- utvalget\u00a0og i utvalg for Plan og N\u00e6ring\u00a0er av hensyn til administrasjonen,\u00a0som rett og slett ikke har tid til \u00e5 informere de folkevalgte i utvalgene om budsjettet som legges fram.<\/p>\n<p>Her vil jeg p\u00e5peke at min lojalitet\u00a0som folkevalgt\u00a0f\u00f8rst og fremst g\u00e5r til de som har valgt oss som sine tillitsvalgte. Og ikke til administrasjonen.\u00a0Administrasjonen har det travelt,\u00a0ja vel,\u00a0\u2013\u00a0men demokrati tar tid!<\/p>\n<p><strong>4. Sak til vedtak lagt fram over bordet.<\/strong><\/p>\n<p>S\u00e5 til saken om dagsenter\u00a0for hjemmeboende demente\u00a0i Velfjord. Saken\u00a0ble kasta fram over bordet\u00a0p\u00e5 tampen av\u00a0onsdagens m\u00f8te, uten at utvalgsmedlemmene hadde f\u00e5tt sjanse til \u00e5 sette seg inn i saken, gj\u00f8re unders\u00f8kelser\u00a0og vurderinger\u00a0p\u00e5 forh\u00e5nd.\u00a0Medlemmer av utvalget\u00a0som kjenner lokalitetene i Velfjord bedre enn jeg gj\u00f8r, bestred argumentet med at det ikke er plass\u00a0til dagsentertilbud. Saker som skal til behandling av folkevalgte skal v\u00e6re kjent p\u00e5 forh\u00e5nd for \u00e5 sikre god politisk behandling. N\u00e5 ble HOK-utvalget satt i ei klemme, og kunne ikke annet enn \u00e5 vedta forslaget\u00a0fra administrasjonen.<\/p>\n<p>Denne saken er vi ikke ferdige med i kommunen! Jeg er enig i BAs\u00a0leder\u00a0i dagens avis; Mangelen p\u00e5 dagsenterplasser i Velfjord vil medf\u00f8re flere slitne p\u00e5r\u00f8rende\u00a0og flere som m\u00e5 ha held\u00f8gns omsorgstilbud. Denne saken m\u00e5 det jobbes med fortsatt, av administrasjon og av politikere!<\/p>\n<p><strong>5. Demokrati krever innsats, tid og engasjement.<\/strong><\/p>\n<p>Hvis lokaldemokratiet\u00a0skal lykkes, hvis vi skal f\u00e5 folk til \u00e5 stille p\u00e5 lister for partiene\u00a0framover, s\u00e5 m\u00e5 muligheten til \u00e5 bli h\u00f8rt og respektert v\u00e6re til\u00a0stede, b\u00e5de n\u00e5r vi fremmer forslag, og n\u00e5r vi tenker at vi trenger mer tid for \u00e5 utarbeide forlag til endring!<\/p>\n<p>R\u00f8dt vil stemme mot ordf\u00f8rerens forslag om\u00a0vingeklipping\u00a0av Plan- og N\u00e6ringsutvalget og HOK- utvalget.<\/p>\n<p>\u00c5 str\u00f8 p\u00e5 sand til administrasjonens forslag f\u00f8les ikke som medvirkning eller demokratisk!<\/p>\n<p><strong>Anne Marit Olsen<\/strong><\/p>\n<p><strong>R\u00f8dt<\/strong><\/p>\n<p><strong>Medlem av HOK utvalget og kommunestyret<\/strong><\/p>\n<p><a href=\"https:\/\/www.banett.no\/meninger\/leder\/i\/oELmG0\/dagsenter-i-velfjord\" rel=\"nofollow noopener\" target=\"_blank\">   Dagsenter i Velfjord  <\/a> <a href=\"https:\/\/www.banett.no\/nyheter\/n\/zO5eyr\/politikerne-ville-ha-dagsenter-i-velfjord-men-overstyrte-ikke-administrasjonen\" rel=\"nofollow noopener\" target=\"_blank\"> <img decoding=\"async\" src=\"data:image\/gif;base64,R0lGODlhEAAJAIAAAP\/\/\/wAAACH5BAEAAAAALAAAAAAQAAkAAAIKhI+py+0Po5yUFQA7\" alt=\"\"\/>   Poli\u00adtikerne ville ha dagsenter i Velfjord, men overstyrte ikke admi\u00adnistra\u00adsjonen  <\/a> <\/p>\n","protected":false},"excerpt":{"rendered":"Hvis\u00a0vi \u00f8nsker oss engasjerte og dedikerte politikere i kommunen, s\u00e5 er det avgj\u00f8rende at man opplever eierskap, ansvar&hellip;\n","protected":false},"author":2,"featured_media":99629,"comment_status":"","ping_status":"","sticky":false,"template":"","format":"standard","meta":{"footnotes":""},"categories":[10],"tags":[20,21,24,25,15,22,23,13,30,28,29,14,16,26,27],"class_list":{"0":"post-99628","1":"post","2":"type-post","3":"status-publish","4":"format-standard","5":"has-post-thumbnail","7":"category-norge","8":"tag-breaking-news","9":"tag-breakingnews","10":"tag-featured-news","11":"tag-featurednews","12":"tag-headlines","13":"tag-latest-news","14":"tag-latestnews","15":"tag-news","16":"tag-no","17":"tag-norge","18":"tag-norway","19":"tag-nyheter","20":"tag-overskrifter","21":"tag-top-stories","22":"tag-topstories"},"share_on_mastodon":{"url":"https:\/\/pubeurope.com\/@no\/115630108131482593","error":""},"_links":{"self":[{"href":"https:\/\/www.europesays.com\/no\/wp-json\/wp\/v2\/posts\/99628","targetHints":{"allow":["GET"]}}],"collection":[{"href":"https:\/\/www.europesays.com\/no\/wp-json\/wp\/v2\/posts"}],"about":[{"href":"https:\/\/www.europesays.com\/no\/wp-json\/wp\/v2\/types\/post"}],"author":[{"embeddable":true,"href":"https:\/\/www.europesays.com\/no\/wp-json\/wp\/v2\/users\/2"}],"replies":[{"embeddable":true,"href":"https:\/\/www.europesays.com\/no\/wp-json\/wp\/v2\/comments?post=99628"}],"version-history":[{"count":0,"href":"https:\/\/www.europesays.com\/no\/wp-json\/wp\/v2\/posts\/99628\/revisions"}],"wp:featuredmedia":[{"embeddable":true,"href":"https:\/\/www.europesays.com\/no\/wp-json\/wp\/v2\/media\/99629"}],"wp:attachment":[{"href":"https:\/\/www.europesays.com\/no\/wp-json\/wp\/v2\/media?parent=99628"}],"wp:term":[{"taxonomy":"category","embeddable":true,"href":"https:\/\/www.europesays.com\/no\/wp-json\/wp\/v2\/categories?post=99628"},{"taxonomy":"post_tag","embeddable":true,"href":"https:\/\/www.europesays.com\/no\/wp-json\/wp\/v2\/tags?post=99628"}],"curies":[{"name":"wp","href":"https:\/\/api.w.org\/{rel}","templated":true}]}}