{"id":99630,"date":"2025-11-29T00:16:14","date_gmt":"2025-11-29T00:16:14","guid":{"rendered":"https:\/\/www.europesays.com\/no\/99630\/"},"modified":"2025-11-29T00:16:14","modified_gmt":"2025-11-29T00:16:14","slug":"skyteverdakt-afghaner-ble-grundig-sjekket-for-usa-innreise","status":"publish","type":"post","link":"https:\/\/www.europesays.com\/no\/99630\/","title":{"rendered":"Skyteverdakt afghaner ble grundig sjekket f\u00f8r USA-innreise"},"content":{"rendered":"\n<p class=\"_lead_o9xde_2 _lead_xtcu6_50 layout-component text-serif-m layout-normal text-serif-l layout-component layout-wide layout-padded _wide_17hqh_1 layout-padded\">Terroreksperter gjennomgikk mannen f\u00f8r han kom til landet.<\/p>\n<p><img alt=\"Rahmanullah Lakanwal Foto: HANDOUT \/ AFP \/ NTB\" class=\"_image_qp4xg_65 layout-component layout-wide\" data-fullscreen- data-track-element-type=\"Article image fullscreen\" data-track-name=\"ImageFullscreen\" fetchpriority=\"high\" decoding=\"sync\" loading=\"eager\" height=\"3512\" itemprop=\"image\"  src=\"https:\/\/www.europesays.com\/no\/wp-content\/uploads\/2025\/11\/f8ea1716-c50e-4e9a-b587-fd49c39a701b\"  style=\"object-position:0% 0%\" width=\"2634\"\/>Rahmanullah Lakanwal Foto: HANDOUT \/ AFP \/ NTB<\/p>\n<ul aria-hidden=\"true\" class=\"_images_1uft6_111\">\n<li><a class=\"_link_1uft6_116\" href=\"https:\/\/www.vg.no\/forfatter\/kari-aarstad-aase\" style=\"z-index:1\" title=\"Kari Aarstad Aase\" rel=\"nofollow noopener\" target=\"_blank\"><img alt=\"Bilde av Kari Aarstad Aase\" class=\"_image_1uft6_93\" fetchpriority=\"low\" loading=\"lazy\" decoding=\"async\" itemprop=\"image\"  src=\"https:\/\/www.europesays.com\/no\/wp-content\/uploads\/2025\/11\/1764375372_593_0dbde33e-6d8e-4680-8e4f-e2a64281e2b8\"  width=\"480\"\/><\/a><\/li>\n<\/ul>\n<p> Oppdatert l\u00f8rdag 29. november kl. 01:03     <\/p>\n<p class=\"_paragraph_o9xde_4 _paragraph_xtcu6_10 layout-component text-serif-m layout-normal text-serif-m layout-padded\">Den afghanske mannen som er siktet for \u00e5 ha skutt to nasjonalgardister n\u00e6r Det hvite hus denne uken, skal ha blitt grundig unders\u00f8kt av terroreksperter f\u00f8r han kom til <a href=\"https:\/\/www.vg.no\/tag\/usa?utm_source=vg-article&amp;utm_medium=auto-tagger&amp;utm_campaign=rrpRr3\" class=\"_link_o9xde_39\" rel=\"nofollow noopener\" target=\"_blank\">USA<\/a>.<\/p>\n<p class=\"_paragraph_o9xde_4 _paragraph_xtcu6_10 layout-component text-serif-m layout-normal text-serif-m layout-padded\">Det opplyser personer med direkte kjennskap til saken til <a href=\"https:\/\/www.washingtonpost.com\/immigration\/2025\/11\/28\/dc-shooting-afghan-resettlement-immigration\/\" class=\"_link_o9xde_39\" rel=\"nofollow noopener\" target=\"_blank\">Washington Post<\/a>.<\/p>\n<p class=\"_paragraph_o9xde_4 _paragraph_xtcu6_10 layout-component text-serif-m layout-normal text-serif-m layout-padded\">Rahmanullah Lakanwal gjennomgikk angivelig omfattende sikkerhetskontroller av antiterror-myndigheter f\u00f8r han fikk innreise til USA, if\u00f8lge kildene.<\/p>\n<p><img alt=\"Foto: WILL OLIVER \/ EPA \/ NTB\" class=\"_image_qp4xg_65 layout-component layout-normal\" data-fullscreen- data-track-element-type=\"Article image fullscreen\" data-track-name=\"ImageFullscreen\" decoding=\"async\" loading=\"lazy\" height=\"3745\" itemprop=\"image\"  src=\"https:\/\/www.europesays.com\/no\/wp-content\/uploads\/2025\/11\/bd5603a5-414a-46cc-8605-a6db6c6e92d3\"  style=\"object-position:0% 0%\" width=\"5618\"\/>Foto: WILL OLIVER \/ EPA \/ NTB<\/p>\n<p class=\"_paragraph_o9xde_4 _paragraph_xtcu6_10 layout-component text-serif-m layout-normal text-serif-m layout-padded\">Opplysningene motsier p\u00e5stander fra h\u00f8ytst\u00e5ende Trump-tjenestemenn om at mannen ikke ble grundig unders\u00f8kt p\u00e5 forh\u00e5nd.<\/p>\n<p class=\"_paragraph_o9xde_4 _paragraph_xtcu6_10 layout-component text-serif-m layout-normal text-serif-m layout-padded\">Skyteepisoden skjedde onsdag n\u00e6r Farragut West Metro-stasjon i sentrum av Washington D.C. To medlemmer av nasjonalgarden ble skutt i hendelsen. Den ene d\u00f8de fredag, den andre kjemper fortsatt for livet.<\/p>\n<p><img alt=\"Foto: Rahmat Gul \/ AP \/ NTB\" class=\"_image_qp4xg_65 layout-component layout-normal\" data-fullscreen- data-track-element-type=\"Article image fullscreen\" data-track-name=\"ImageFullscreen\" decoding=\"async\" loading=\"lazy\" height=\"2432\" itemprop=\"image\"  src=\"https:\/\/www.europesays.com\/no\/wp-content\/uploads\/2025\/11\/6de3daec-3f28-45d0-b654-16aceea1b768\"  style=\"object-position:0% 0%\" width=\"3503\"\/>Foto: Rahmat Gul \/ AP \/ NTB<\/p>\n<p class=\"_paragraph_o9xde_4 _paragraph_xtcu6_10 layout-component text-serif-m layout-normal text-serif-m layout-padded\">Opplysningene om grundig sikkerhetskontroll kommer fra personer med direkte kjennskap til prosessen Lakanwal gjennomgikk.<\/p>\n<p class=\"_paragraph_o9xde_4 _paragraph_xtcu6_10 layout-component text-serif-m layout-normal text-serif-m layout-padded\">Alle som s\u00f8ker opphold i USA skal gjennomg\u00e5 bakgrunnssjekker f\u00f8r de f\u00e5r innreise til landet.<\/p>\n<p class=\"_paragraph_o9xde_4 _paragraph_xtcu6_10 layout-component text-serif-m layout-normal text-serif-m layout-padded\">Lakanwal er n\u00e5 siktet for skytingen som rystet hovedstaden denne uken.<\/p>\n<p>   Stanser behandling<\/p>\n<p class=\"_paragraph_o9xde_4 _paragraph_xtcu6_10 layout-component text-serif-m layout-normal text-serif-m layout-padded\">L\u00f8rdag morgen opplyser myndighetene at USA har stanset alle asylvedtak inntil videre.<\/p>\n<p class=\"_paragraph_o9xde_4 _paragraph_xtcu6_10 layout-component text-serif-m layout-normal text-serif-m layout-padded\">Det bekrefter Joseph Edlow, direkt\u00f8r for U.S. Citizenship and Immigration Services (USCIS), p\u00e5 X, melder\u00a0Reuters.<\/p>\n<p class=\"_paragraph_o9xde_4 _paragraph_xtcu6_10 layout-component text-serif-m layout-normal text-serif-m layout-padded\">\u2013 USCIS har stanset alle asylvedtak til vi kan sikre at hver enkelt utlending blir kontrollert og unders\u00f8kt i st\u00f8rst mulig grad, skriver Edlow.<\/p>\n<p class=\"_paragraph_o9xde_4 _paragraph_xtcu6_10 layout-component text-serif-m layout-normal text-serif-m layout-padded\">USCIS er den amerikanske myndigheten som behandler s\u00f8knader om statsborgerskap og innvandring, inkludert asylsaker.<\/p>\n<p class=\"_paragraph_o9xde_4 _paragraph_xtcu6_10 layout-component text-serif-m layout-normal text-serif-m layout-padded\">Edlow ga ingen ytterligere detaljer om hvor lenge stansen vil vare, eller hvilke konkrete tiltak som skal iverksettes for \u00e5 styrke kontrollen av asyls\u00f8kere.<\/p>\n<p class=\"_paragraph_o9xde_4 _paragraph_xtcu6_10 layout-component text-serif-m layout-normal text-serif-m layout-padded\">Amerikanske myndigheter har allerede varslet en gjennomgang av oppholdstillatelser gitt til folk fra 19 land.<\/p>\n<p>Les ogs\u00e5<\/p>\n","protected":false},"excerpt":{"rendered":"Terroreksperter gjennomgikk mannen f\u00f8r han kom til landet. Rahmanullah Lakanwal Foto: HANDOUT \/ AFP \/ NTB Oppdatert l\u00f8rdag&hellip;\n","protected":false},"author":2,"featured_media":99631,"comment_status":"","ping_status":"","sticky":false,"template":"","format":"standard","meta":{"footnotes":""},"categories":[5],"tags":[20,21,73,55,24,25,15,19,22,23,17,18,13,30,28,29,14,16,26,27,50,46],"class_list":{"0":"post-99630","1":"post","2":"type-post","3":"status-publish","4":"format-standard","5":"has-post-thumbnail","7":"category-overskrifter","8":"tag-breaking-news","9":"tag-breakingnews","10":"tag-det-hvite-hus","11":"tag-donald-trump","12":"tag-featured-news","13":"tag-featurednews","14":"tag-headlines","15":"tag-hovedoppslag","16":"tag-latest-news","17":"tag-latestnews","18":"tag-main-news","19":"tag-mainnews","20":"tag-news","21":"tag-no","22":"tag-norge","23":"tag-norway","24":"tag-nyheter","25":"tag-overskrifter","26":"tag-top-stories","27":"tag-topstories","28":"tag-usa","29":"tag-vgai"},"share_on_mastodon":{"url":"https:\/\/pubeurope.com\/@no\/115630111897411757","error":""},"_links":{"self":[{"href":"https:\/\/www.europesays.com\/no\/wp-json\/wp\/v2\/posts\/99630","targetHints":{"allow":["GET"]}}],"collection":[{"href":"https:\/\/www.europesays.com\/no\/wp-json\/wp\/v2\/posts"}],"about":[{"href":"https:\/\/www.europesays.com\/no\/wp-json\/wp\/v2\/types\/post"}],"author":[{"embeddable":true,"href":"https:\/\/www.europesays.com\/no\/wp-json\/wp\/v2\/users\/2"}],"replies":[{"embeddable":true,"href":"https:\/\/www.europesays.com\/no\/wp-json\/wp\/v2\/comments?post=99630"}],"version-history":[{"count":0,"href":"https:\/\/www.europesays.com\/no\/wp-json\/wp\/v2\/posts\/99630\/revisions"}],"wp:featuredmedia":[{"embeddable":true,"href":"https:\/\/www.europesays.com\/no\/wp-json\/wp\/v2\/media\/99631"}],"wp:attachment":[{"href":"https:\/\/www.europesays.com\/no\/wp-json\/wp\/v2\/media?parent=99630"}],"wp:term":[{"taxonomy":"category","embeddable":true,"href":"https:\/\/www.europesays.com\/no\/wp-json\/wp\/v2\/categories?post=99630"},{"taxonomy":"post_tag","embeddable":true,"href":"https:\/\/www.europesays.com\/no\/wp-json\/wp\/v2\/tags?post=99630"}],"curies":[{"name":"wp","href":"https:\/\/api.w.org\/{rel}","templated":true}]}}