{"id":99654,"date":"2025-11-29T01:10:27","date_gmt":"2025-11-29T01:10:27","guid":{"rendered":"https:\/\/www.europesays.com\/no\/99654\/"},"modified":"2025-11-29T01:10:27","modified_gmt":"2025-11-29T01:10:27","slug":"investor-hugo-maurstad-flytter-til-sveits-for-andre-gang","status":"publish","type":"post","link":"https:\/\/www.europesays.com\/no\/99654\/","title":{"rendered":"Investor Hugo Maurstad flytter til Sveits for andre gang"},"content":{"rendered":"<p class=\"dn-text\" type=\"text\">I 2018 flyttet investoren Hugo Maurstad fra Sveits til Norge \u2013 motsatt av hva mange andre formuende har gjort de seneste \u00e5rene.<\/p>\n<p class=\"dn-text\" type=\"text\">Da hadde han bodd i Sveits i seks \u00e5r. Siden den gang har Maurstad hatt jevnlige turer til landet, men n\u00e5 har han p\u00e5 ny meldt flytting til Aleplandet.<\/p>\n<p class=\"dn-text\" type=\"text\">\u2013 Jeg har flyttet tilbake til Sveits, sier investoren til DN og fortsetter:<\/p>\n<p class=\"dn-text\" type=\"text\">\u2013 Jeg har allerede mesteparten av min virksomhet her, og jeg har i tillegg tatt p\u00e5 meg en mer operativ rolle i \u00absport apparel\u00bb, gjennom \u00e5 g\u00e5 inn som CEO i Monte Rosa Sport Group.<\/p>\n<p class=\"dn-text\" type=\"text\">Sammen med investoren forsvinner ogs\u00e5 skatteinntektene til Norge.<\/p>\n<p class=\"dn-text\" type=\"text\">\u2013 Jeg vil bruke majoriteten av min tid i Sveits fremover og blir derfor skattepliktig til Sveits i henhold til skatteavtalen mellom to landene, sier Maurstad.<\/p>\n<p>Satser p\u00e5 sportsmerker<\/p>\n<p class=\"dn-text\" type=\"text\">I flere \u00e5r var Maurstad toppsjef for det skandinaviske private equity-fondet Altor, f\u00f8r han ga seg i 2020. Da startet han det private investeringsselskapet Monte Rosa Capital ag sammen med den sveitsiske kompanjongen Christian Casal.<\/p>\n<p class=\"dn-text\" type=\"text\">Siden den gang har de kj\u00f8pt opp flere merkevarer innen sportssegmentet. Monte Rosas f\u00f8rste store investering var i det norskf\u00f8dte sportsmerket Odlo.<\/p>\n<p class=\"dn-text\" type=\"text\">I tillegg har selskapet kj\u00f8pt den britiske merkevaren Henri-Lloyd, som er mest kjent for maritim mote, og Janus, som er kjent for ullundert\u00f8y og andre tekstiler i ull.<\/p>\n<p>Hugo Maurstad<\/p>\n<ul>\n<li>Alder: 60<\/li>\n<li>Bakgrunn: Troms\u00f8v\u00e6ringen er sivil\u00f8konom og har en mastergrad i \u00f8konomi og ledelse fra Handelsh\u00f8yskolen BI (tidligere Bedrifts\u00f8konomisk Institutt). Begynte karrieren som finansdirekt\u00f8r i Lefac Group i 1989 og ble konsernsjef i samme selskap i 1990. Gikk over til strategi- og konsulentselskap McKinsey i 1991, der han gjorde kometkarriere og ble sjef for Oslo-kontoret i en alder av 36 \u00e5r. Han ble ogs\u00e5 direkt\u00f8r i McKinsey i 2001, men sluttet i 2003 for \u00e5 v\u00e6re med \u00e5 bygge opp oppkj\u00f8psfondet Altor sammen med Altor-grunnlegger Harald Mix. Har v\u00e6rt med \u00e5 \u00e5pne og lede b\u00e5de Oslo-kontoret og Z\u00fcrich-kontoret. Var i en \u00e5rrekke blant bransjens best betalte.<\/li>\n<li>Driver i dag sitt eget investeringsselskap, Monte Rosa Capital, sammen med sveitseren Christian Casal. Selskapet eier retailselskapene Odlo og Janus samt teknologiselskapene D-Fetch, Dignio og Meshtech.<\/li>\n<li>Er styreleder i Sats. Har ogs\u00e5 en rekke andre styreverv.<\/li>\n<\/ul>\n<p>Vis mer<\/p>\n<p class=\"dn-text\" type=\"text\">Maurstad st\u00e5r oppf\u00f8rt med en ligningsformue p\u00e5 n\u00e6r 563 millioner kroner i 2024, og en skattbar inntekt p\u00e5 2,1 millioner kroner.<\/p>\n<p>Eier Sats-aksjer<\/p>\n<p class=\"dn-text\" type=\"text\">Maurstad var tidligere styreleder i sportskjeden XXL og treningskjeden Sats, som var to av flere Altor-investeringer han hadde hovedansvar for.<\/p>\n<p class=\"dn-text\" type=\"text\">60-\u00e5ringen gikk ut av XXL i 2023. I tillegg til at han var styreleder, var han ogs\u00e5 en av sportskjedens st\u00f8rste investorer i en \u00e5rrekke. Dette gjennom sitt selskap Funkybiz.<\/p>\n<p class=\"dn-text\" type=\"text\">I dag er Maurstad fortsatt styreleder i den b\u00f8rsnoterte treningskjeden Sats, der han eier over 5,1 millioner aksjer.<\/p>\n<p>Maurstad har fra ung v\u00e6rt interessert i tall og \u00f8konomi. If\u00f8lge <a href=\"https:\/\/e24.no\/karriere-og-ledelse\/i\/Qm9pOq\/de-fleste-jeg-kjenner-i-finans-inkludert-meg-selv-er-vel-egentlig-relativt-nerdete\" rel=\"nofollow noopener\" target=\"_blank\">E24<\/a> fors\u00f8kte han allerede i 13-\u00e5rsalderen \u00e5 ta over farens skipsmeglerfirma mens faren var p\u00e5 ferie. Som 16-\u00e5ring begynte han \u00e5 f\u00f8re regnskap.<\/p>\n<p class=\"dn-text\" type=\"text\">Investoren kommer opprinnelig fra Troms\u00f8, men flyttet til Oslo for \u00e5 studere sivil\u00f8konomi p\u00e5 BI. Han jobbet i strategi- og konsulentselskapet McKinsey f\u00f8r han ble med \u00e5 bygge oppkj\u00f8psfondet Altor.<\/p>\n<p class=\"dn-text\" type=\"text\">Der var han b\u00e5de med p\u00e5 \u00e5 \u00e5pne og lede Oslo-kontoret og Z\u00fcrich-kontoret.<\/p>\n<p><b>Se videoen: Milliard\u00e6rs\u00f8nnen om Sveits: \u2013 Ser for meg at jeg flytter:<\/b><\/p>\n<p>Ikke alene i Zug<\/p>\n<p class=\"dn-text\" type=\"text\">Da Maurstad flyttet fra Sveits i 2018 beholdt han feriehuset sitt i alpelandsbyen St. Moritz.<\/p>\n<p class=\"dn-text\" type=\"text\">N\u00e5 st\u00e5r Maurstad if\u00f8lge Folkeregisteret oppf\u00f8rt med postadresse i kommunen H\u00fcnenberg i kantonen Zug i Sveits. <\/p>\n<p class=\"dn-text\" type=\"text\">Med det f\u00f8lger han etter andre kjente nordmenn som eiendomsmilliard\u00e6ren og arvingen Gustaf Aspelin, vindkraft- og batterigr\u00fcnder Tore Ivar Slettemoen, Dune-gr\u00fcnder Fredrik Haga og skikongen Bj\u00f8rn D\u00e6hlie, som alle har bosatt seg i Zug.<\/p>\n<p class=\"dn-text\" type=\"text\">Zug er s\u00e6rlig kjent for \u00e5 ha blant de laveste skattesatsene i Sveits, med en formuesskattesats p\u00e5 0,27 prosent. Byen ligger 20 minutter med tog utenfor storbyen Z\u00fcrich, ved bredden av en stille innsj\u00f8 og tett p\u00e5 motorveien fra Z\u00fcrich til Luzern, Alpene og s\u00f8rlige deler av Sveits.<\/p>\n<p class=\"dn-text\" type=\"text\">*<\/p>\n","protected":false},"excerpt":{"rendered":"I 2018 flyttet investoren Hugo Maurstad fra Sveits til Norge \u2013 motsatt av hva mange andre formuende har&hellip;\n","protected":false},"author":2,"featured_media":99655,"comment_status":"","ping_status":"","sticky":false,"template":"","format":"standard","meta":{"footnotes":""},"categories":[10],"tags":[20,21,24,25,15,22,23,13,30,28,29,14,16,26,27],"class_list":{"0":"post-99654","1":"post","2":"type-post","3":"status-publish","4":"format-standard","5":"has-post-thumbnail","7":"category-norge","8":"tag-breaking-news","9":"tag-breakingnews","10":"tag-featured-news","11":"tag-featurednews","12":"tag-headlines","13":"tag-latest-news","14":"tag-latestnews","15":"tag-news","16":"tag-no","17":"tag-norge","18":"tag-norway","19":"tag-nyheter","20":"tag-overskrifter","21":"tag-top-stories","22":"tag-topstories"},"share_on_mastodon":{"url":"https:\/\/pubeurope.com\/@no\/115630324036019979","error":""},"_links":{"self":[{"href":"https:\/\/www.europesays.com\/no\/wp-json\/wp\/v2\/posts\/99654","targetHints":{"allow":["GET"]}}],"collection":[{"href":"https:\/\/www.europesays.com\/no\/wp-json\/wp\/v2\/posts"}],"about":[{"href":"https:\/\/www.europesays.com\/no\/wp-json\/wp\/v2\/types\/post"}],"author":[{"embeddable":true,"href":"https:\/\/www.europesays.com\/no\/wp-json\/wp\/v2\/users\/2"}],"replies":[{"embeddable":true,"href":"https:\/\/www.europesays.com\/no\/wp-json\/wp\/v2\/comments?post=99654"}],"version-history":[{"count":0,"href":"https:\/\/www.europesays.com\/no\/wp-json\/wp\/v2\/posts\/99654\/revisions"}],"wp:featuredmedia":[{"embeddable":true,"href":"https:\/\/www.europesays.com\/no\/wp-json\/wp\/v2\/media\/99655"}],"wp:attachment":[{"href":"https:\/\/www.europesays.com\/no\/wp-json\/wp\/v2\/media?parent=99654"}],"wp:term":[{"taxonomy":"category","embeddable":true,"href":"https:\/\/www.europesays.com\/no\/wp-json\/wp\/v2\/categories?post=99654"},{"taxonomy":"post_tag","embeddable":true,"href":"https:\/\/www.europesays.com\/no\/wp-json\/wp\/v2\/tags?post=99654"}],"curies":[{"name":"wp","href":"https:\/\/api.w.org\/{rel}","templated":true}]}}