{"id":99662,"date":"2025-11-29T01:38:11","date_gmt":"2025-11-29T01:38:11","guid":{"rendered":"https:\/\/www.europesays.com\/no\/99662\/"},"modified":"2025-11-29T01:38:11","modified_gmt":"2025-11-29T01:38:11","slug":"nonnene-som-romte-far-bli","status":"publish","type":"post","link":"https:\/\/www.europesays.com\/no\/99662\/","title":{"rendered":"Nonnene som r\u00f8mte f\u00e5r bli"},"content":{"rendered":"\n<p class=\"_lead_o9xde_2 _lead_xtcu6_50 layout-component text-serif-m layout-normal text-serif-l layout-component layout-wide layout-padded _wide_17hqh_1 layout-padded\">Tre \u00f8sterrikske nonner i 80-\u00e5rene som r\u00f8mte fra sykehjemmet og br\u00f8t seg inn i sitt gamle kloster, f\u00e5r n\u00e5 bli der \u2013 p\u00e5 \u00e9n betingelse.<\/p>\n<p><img alt=\"S\u00f8strene Bernadette (H) og Rita Foto: JOE KLAMAR \/ AFP \/ NTB\" class=\"_image_qp4xg_65 layout-component layout-wide\" data-fullscreen- data-track-element-type=\"Article image fullscreen\" data-track-name=\"ImageFullscreen\" fetchpriority=\"high\" decoding=\"sync\" loading=\"eager\" height=\"7376\" itemprop=\"image\"  src=\"https:\/\/www.europesays.com\/no\/wp-content\/uploads\/2025\/11\/e97dba68-7c88-4e69-81c6-dbff8d778493\"  style=\"object-position:0% 0%\" width=\"10212\"\/>S\u00f8strene Bernadette (H) og Rita Foto: JOE KLAMAR \/ AFP \/ NTB<\/p>\n<ul aria-hidden=\"true\" class=\"_images_1uft6_111\">\n<li><a class=\"_link_1uft6_116\" href=\"https:\/\/www.vg.no\/forfatter\/kari-aarstad-aase\" style=\"z-index:1\" title=\"Kari Aarstad Aase\" rel=\"nofollow noopener\" target=\"_blank\"><img alt=\"Bilde av Kari Aarstad Aase\" class=\"_image_1uft6_93\" fetchpriority=\"low\" loading=\"lazy\" decoding=\"async\" itemprop=\"image\"  src=\"https:\/\/www.europesays.com\/no\/wp-content\/uploads\/2025\/11\/1764380289_141_0dbde33e-6d8e-4680-8e4f-e2a64281e2b8\"  width=\"480\"\/><\/a><\/li>\n<\/ul>\n<p> Oppdatert l\u00f8rdag 29. november kl. 02:32     <\/p>\n<p class=\"_paragraph_o9xde_4 _paragraph_xtcu6_10 layout-component text-serif-m layout-normal text-serif-m layout-padded\">S\u00f8ster Bernadette (88), s\u00f8ster Regina (86) og s\u00f8ster Rita (82) skapte overskrifter verden over da de r\u00f8mte fra sykehjemmet og dro tilbake klosteret sitt i september.<\/p>\n<p class=\"_paragraph_o9xde_4 _paragraph_xtcu6_10 layout-component text-serif-m layout-normal text-serif-m layout-padded\">N\u00e5 har abbedenabbedenEn abbed er lederen for et kloster, ofte en mannlig overordnet i et klosterfellesskap. gitt opp kampen, if\u00f8lge\u00a0The New York Times. Etter samtaler med Roma og det lokale erkebisped\u00f8mmet kunngjorde de fredag at s\u00f8strene f\u00e5r fortsette \u00e5 bo i klosteret.<\/p>\n<p class=\"_paragraph_o9xde_4 _paragraph_xtcu6_10 layout-component text-serif-m layout-normal text-serif-m layout-padded\">Kirkeledelsen lover ogs\u00e5 d\u00f8gnkontinuerlig omsorg, lege p\u00e5 vakt og en prest som skal holde ukentlige gudstjenester i klosterets kapell.<\/p>\n<p class=\"_paragraph_o9xde_4 _paragraph_xtcu6_10 layout-component text-serif-m layout-normal text-serif-m layout-padded\">Men tilbudet kommer med strenge betingelser.<\/p>\n<p> M\u00e5 gi opp Instagram-suksessen<img alt=\"S\u00f8strene Rita og Regina\u00a0  Foto: JOE KLAMAR \/ AFP \/ NTB\" class=\"_image_qp4xg_65 layout-component layout-normal\" data-fullscreen- data-track-element-type=\"Article image fullscreen\" data-track-name=\"ImageFullscreen\" decoding=\"async\" loading=\"lazy\" height=\"3143\" itemprop=\"image\"  src=\"https:\/\/www.europesays.com\/no\/wp-content\/uploads\/2025\/11\/0f031ef1-dc7e-41f4-b0db-3699ea962a7b\"  style=\"object-position:0% 0%\" width=\"4644\"\/>S\u00f8strene Rita og Regina\u00a0  Foto: JOE KLAMAR \/ AFP \/ NTB<\/p>\n<p class=\"_paragraph_o9xde_4 _paragraph_xtcu6_10 layout-component text-serif-m layout-normal text-serif-m layout-padded\">De tre nonnene har bygget opp en massiv f\u00f8lgerskare p\u00e5 sosiale medier siden de flyttet tilbake til klosteret. P\u00e5 <a href=\"https:\/\/www.instagram.com\/nonnen_goldenstein\/?g=5\" class=\"_link_o9xde_39\" rel=\"nofollow noopener\" target=\"_blank\">Instagram har de nesten 100.000 f\u00f8lgere<\/a>, og flere tusen p\u00e5 Facebook.<\/p>\n<p class=\"_paragraph_o9xde_4 _paragraph_xtcu6_10 layout-component text-serif-m layout-normal text-serif-m layout-padded\">Videoene viser nonnene i b\u00f8nn, under m\u00e5ltider og s\u00f8ster Ritas trenings\u00f8kter. <\/p>\n<p class=\"_paragraph_o9xde_4 _paragraph_xtcu6_10 layout-component text-serif-m layout-normal text-serif-m layout-padded\">Men n\u00e5 krever kirkeledelsen at de gir opp all aktivitet p\u00e5 sosiale medier som en betingelse for \u00e5 f\u00e5 bli, skriver flere medier.<\/p>\n<p class=\"_paragraph_o9xde_4 _paragraph_xtcu6_10 layout-component text-serif-m layout-normal text-serif-m layout-padded\">\u2013 N\u00e5 er det opp til s\u00f8strene, sier Harald Schiffl, talsmann for abbed Markus Grasl fra Reichersberg Abbey, til det \u00f8sterrikske nyhetsbyr\u00e5et APA.<\/p>\n<p class=\"_paragraph_o9xde_4 _paragraph_xtcu6_10 layout-component text-serif-m layout-normal text-serif-m layout-padded\">Kirkeledelsen krever ogs\u00e5 at nonnene m\u00e5 slutte \u00e5 slippe lekfolk inn i klosteret.<\/p>\n<p> \u2013 Som en munnkurvkontrakt<img alt=\"S\u00f8strene Rita (H), Regina (V), og Bernadette (M)  Foto: JOE KLAMAR \/ AFP \/ NTB\" class=\"_image_qp4xg_65 layout-component layout-normal\" data-fullscreen- data-track-element-type=\"Article image fullscreen\" data-track-name=\"ImageFullscreen\" decoding=\"async\" loading=\"lazy\" height=\"3764\" itemprop=\"image\"  src=\"https:\/\/www.europesays.com\/no\/wp-content\/uploads\/2025\/11\/df26c4d6-0122-464d-8e99-82c85aa75e8d\"  style=\"object-position:0% 0%\" width=\"5918\"\/>S\u00f8strene Rita (H), Regina (V), og Bernadette (M)  Foto: JOE KLAMAR \/ AFP \/ NTB<\/p>\n<p class=\"_paragraph_o9xde_4 _paragraph_xtcu6_10 layout-component text-serif-m layout-normal text-serif-m layout-padded\">Nonnene er ikke s\u00e6rlig forn\u00f8yde med tilbudet fra kirken.<\/p>\n<p class=\"_paragraph_o9xde_4 _paragraph_xtcu6_10 layout-component text-serif-m layout-normal text-serif-m layout-padded\">I en uttalelse sier de at forslaget har \u00abkarakter av \u00e5 ville gi dem munnkurv\u00bb, if\u00f8lge <a href=\"https:\/\/www.bbc.com\/news\/articles\/c0l9z176lnlo\" class=\"_link_o9xde_39\" rel=\"nofollow noopener\" target=\"_blank\">BBC<\/a>.<\/p>\n<p class=\"_paragraph_o9xde_4 _paragraph_xtcu6_10 layout-component text-serif-m layout-normal text-serif-m layout-padded\">De p\u00e5peker at kravet om \u00e5 slutte med sosiale medier \u00abikke har noe juridisk grunnlag\u00bb og vil frata dem \u00abderes eneste gjenv\u00e6rende beskyttelse fra offentligheten\u00bb.<\/p>\n<p class=\"_paragraph_o9xde_4 _paragraph_xtcu6_10 layout-component text-serif-m layout-normal text-serif-m layout-padded\">If\u00f8lge <a href=\"https:\/\/www.france24.com\/en\/live-news\/20251128-rebel-octogenarian-austrian-nuns-win-reprieve\" class=\"_link_o9xde_39\" rel=\"nofollow noopener\" target=\"_blank\">France 24<\/a> har alle tre s\u00f8strene enstemmig besluttet \u00e5 ikke signere avtalen etter r\u00e5d fra advokat.<\/p>\n<p> Dramatisk flukt fra sykehjemmet<\/p>\n<p class=\"_paragraph_o9xde_4 _paragraph_xtcu6_10 layout-component text-serif-m layout-normal text-serif-m layout-padded\">Historien startet i desember 2023, da nonnene ble flyttet til et katolsk sykehjem mot sin vilje. Der f\u00f8lte de seg ulykkelige.<\/p>\n<p class=\"_paragraph_o9xde_4 _paragraph_xtcu6_10 layout-component text-serif-m layout-normal text-serif-m layout-padded\">I september i \u00e5r reiste de tilbake til klosteret med god hjelp fra tidligere elever og en l\u00e5sesmed, noe som gjorde kirkeledelsen rasende.<\/p>\n<p><img alt=\"Schloss Goldenstein  Foto: JOE KLAMAR \/ AFP \/ NTB\" class=\"_image_qp4xg_65 layout-component layout-normal\" data-fullscreen- data-track-element-type=\"Article image fullscreen\" data-track-name=\"ImageFullscreen\" decoding=\"async\" loading=\"lazy\" height=\"4550\" itemprop=\"image\"  src=\"https:\/\/www.europesays.com\/no\/wp-content\/uploads\/2025\/11\/bd8c0429-ca53-47e1-9125-d3bb93875307\"  style=\"object-position:0% 0%\" width=\"6643\"\/>Schloss Goldenstein  Foto: JOE KLAMAR \/ AFP \/ NTB<\/p>\n<p class=\"_paragraph_o9xde_4 _paragraph_xtcu6_10 layout-component text-serif-m layout-normal text-serif-m layout-padded\">De tre nonnene har tilbrakt det meste av livet sitt p\u00e5 Schloss Goldenstein, et slott som har v\u00e6rt kloster og privatskole for jenter siden 1877. S\u00f8ster Bernadette kom dit som ten\u00e5ring i 1948, s\u00f8ster Regina i 1958 og s\u00f8ster Rita i 1962.<\/p>\n<p class=\"_paragraph_o9xde_4 _paragraph_xtcu6_10 layout-component text-serif-m layout-normal text-serif-m layout-padded\">Alle tre jobbet som l\u00e6rere p\u00e5 skolen i mange \u00e5r, og s\u00f8ster Regina var rektor.<\/p>\n<p><img alt=\"Foto: JOE KLAMAR \/ AFP \/ NTB\" class=\"_image_qp4xg_65 layout-component layout-normal\" data-fullscreen- data-track-element-type=\"Article image fullscreen\" data-track-name=\"ImageFullscreen\" decoding=\"async\" loading=\"lazy\" height=\"5472\" itemprop=\"image\"  src=\"https:\/\/www.europesays.com\/no\/wp-content\/uploads\/2025\/11\/e40039f2-ae3c-4918-8993-438a3848e8df\"  style=\"object-position:0% 0%\" width=\"7289\"\/>Foto: JOE KLAMAR \/ AFP \/ NTB<\/p>\n<p class=\"_paragraph_o9xde_4 _paragraph_xtcu6_10 layout-component text-serif-m layout-normal text-serif-m layout-padded\">Men antallet nonner sank. I 2022 ble bygningen overtatt av erkebisped\u00f8mmet i Salzburg og Reicherberg Abbey. Samfunnet ble offisielt oppl\u00f8st i begynnelsen av 2024.<\/p>\n<p class=\"_paragraph_o9xde_4 _paragraph_xtcu6_10 layout-component text-serif-m layout-normal text-serif-m layout-padded\">Abbed Markus Grasl har nylig betalt tilbake rundt 64.000 euro i sosiale ytelser han hadde mottatt for de tre nonnene, if\u00f8lge <a href=\"https:\/\/www.france24.com\/en\/live-news\/20251128-rebel-octogenarian-austrian-nuns-win-reprieve\" class=\"_link_o9xde_39\" rel=\"nofollow noopener\" target=\"_blank\">France 24<\/a>.<\/p>\n<p class=\"_paragraph_o9xde_4 _paragraph_xtcu6_10 layout-component text-serif-m layout-normal layout-padded\"><strong class=\"_strong_o9xde_25\">Les ogs\u00e5:<\/strong> <a href=\"https:\/\/www.vg.no\/i\/Jbj2v8\" data-track-element-type=\"Link\" data-track-id=\"link:Jbj2v8\" class=\"_link_o9xde_39\" rel=\"nofollow noopener\" target=\"_blank\">Nonner p\u00e5 r\u00f8mmen okkuperer kloster<\/a><\/p>\n<p>    <script async src=\"\/\/www.instagram.com\/embed.js\"><\/script><\/p>\n","protected":false},"excerpt":{"rendered":"Tre \u00f8sterrikske nonner i 80-\u00e5rene som r\u00f8mte fra sykehjemmet og br\u00f8t seg inn i sitt gamle kloster, f\u00e5r&hellip;\n","protected":false},"author":2,"featured_media":99663,"comment_status":"","ping_status":"","sticky":false,"template":"","format":"standard","meta":{"footnotes":""},"categories":[12],"tags":[20,21,12727,24,25,15,22,23,13,30,28,29,14,16,26,27,42,46,43,44,45],"class_list":{"0":"post-99662","1":"post","2":"type-post","3":"status-publish","4":"format-standard","5":"has-post-thumbnail","7":"category-verden","8":"tag-breaking-news","9":"tag-breakingnews","10":"tag-den-katolske-kirke","11":"tag-featured-news","12":"tag-featurednews","13":"tag-headlines","14":"tag-latest-news","15":"tag-latestnews","16":"tag-news","17":"tag-no","18":"tag-norge","19":"tag-norway","20":"tag-nyheter","21":"tag-overskrifter","22":"tag-top-stories","23":"tag-topstories","24":"tag-verden","25":"tag-vgai","26":"tag-world","27":"tag-world-news","28":"tag-worldnews"},"share_on_mastodon":{"url":"https:\/\/pubeurope.com\/@no\/115630434460555927","error":""},"_links":{"self":[{"href":"https:\/\/www.europesays.com\/no\/wp-json\/wp\/v2\/posts\/99662","targetHints":{"allow":["GET"]}}],"collection":[{"href":"https:\/\/www.europesays.com\/no\/wp-json\/wp\/v2\/posts"}],"about":[{"href":"https:\/\/www.europesays.com\/no\/wp-json\/wp\/v2\/types\/post"}],"author":[{"embeddable":true,"href":"https:\/\/www.europesays.com\/no\/wp-json\/wp\/v2\/users\/2"}],"replies":[{"embeddable":true,"href":"https:\/\/www.europesays.com\/no\/wp-json\/wp\/v2\/comments?post=99662"}],"version-history":[{"count":0,"href":"https:\/\/www.europesays.com\/no\/wp-json\/wp\/v2\/posts\/99662\/revisions"}],"wp:featuredmedia":[{"embeddable":true,"href":"https:\/\/www.europesays.com\/no\/wp-json\/wp\/v2\/media\/99663"}],"wp:attachment":[{"href":"https:\/\/www.europesays.com\/no\/wp-json\/wp\/v2\/media?parent=99662"}],"wp:term":[{"taxonomy":"category","embeddable":true,"href":"https:\/\/www.europesays.com\/no\/wp-json\/wp\/v2\/categories?post=99662"},{"taxonomy":"post_tag","embeddable":true,"href":"https:\/\/www.europesays.com\/no\/wp-json\/wp\/v2\/tags?post=99662"}],"curies":[{"name":"wp","href":"https:\/\/api.w.org\/{rel}","templated":true}]}}