{"id":99675,"date":"2025-11-29T04:01:47","date_gmt":"2025-11-29T04:01:47","guid":{"rendered":"https:\/\/www.europesays.com\/no\/99675\/"},"modified":"2025-11-29T04:01:47","modified_gmt":"2025-11-29T04:01:47","slug":"planla-massedrap-under-eurovision-i-2020","status":"publish","type":"post","link":"https:\/\/www.europesays.com\/no\/99675\/","title":{"rendered":"Planla massedrap under Eurovision i 2020"},"content":{"rendered":"<p>  Svensk 23-\u00e5ring d\u00f8mt til fengsel.<\/p>\n<p>\n    Eurovision Song Contest skulle egentlig ha blitt holdt i Rotterdam i 2020, men ble avlyst p\u00e5 grunn av pandemien. \u00c5ret etter vant M\u00e5neskin.<br \/>\nFoto: Rolf Klatt\/NTB\n  <\/p>\n<p>En 23 \u00e5r gammel svensk mann er d\u00f8mt i Luxembourg for planer om terror mot Eurovision i Rotterdam i 2020.<\/p>\n<p>Angrepet ble avverget av sikkerhetstjenester i Luxembourg, der han ble arrestert, skriver den nederlandske avisen\u00a0<a href=\"https:\/\/www.parool.nl\/nederland\/8-jaar-cel-waarvan-6-voorwaardelijk-voor-voorbereiden-aanslag-op-eurovisie-songfestival-2020-in-rotterdam~b825d320\/?referrer=https%3A%2F%2Fwww.expressen.se%2F\" rel=\"nofollow noopener\" target=\"_blank\">Het Parool.<\/a><\/p>\n<p>Svensken er n\u00e5 d\u00f8mt til \u00e5tte \u00e5rs fengsel, hvorav seks er betinget. Dommen ble kunngjort i Luxembourg.\u00a0<\/p>\n<p>    <a itemprop=\"url\" href=\"https:\/\/sol.no\/nyheter\/bbc-vil-kutte-droyt-13-milliarder\/83906717\" rel=\"nofollow noopener\" target=\"_blank\"><\/p>\n<p>      <img loading=\"lazy\" decoding=\"async\" src=\"https:\/\/www.europesays.com\/no\/wp-content\/uploads\/2025\/11\/83906739.webp\" width=\"980\" height=\"441\" title=\"BBC vil kutte dr\u00f8yt 1,3 milliarder\" alt=\"\" class=\"lazyload\" style=\"--aspect-ratio-image: 2.22; \"\/><\/p>\n<p>        BBC vil kutte dr\u00f8yt 1,3 milliarder<\/p>\n<p>sol.no<\/p>\n<p>    <\/a><\/p>\n<p>Han er d\u00f8mt til \u00e5 gjennomf\u00f8re et avradikaliseringsprogram innen fem \u00e5r og rapportere om framgangen i dette hvert halv\u00e5r. \u00c5rsaken til at han planla \u00e5 angripe Eurovision, var if\u00f8lge\u00a0<a href=\"https:\/\/www.aftonbladet.se\/nyheter\/a\/GxlXwV\/planerade-massmord-pa-eurovision-svensk-doms-i-luxemburg\" target=\"_blank\" rel=\"nofollow noopener\">Aftonbladet\u00a0<\/a>sangkonkurransens inkluderende holdning til skeive.<\/p>\n<p>Mannen er ogs\u00e5 d\u00f8mt for planer om \u00e5 angripe m\u00e5l i Sverige og Luxembourg, skriver avisen.\u00a0<\/p>\n<p>Planla massedrap\t<\/p>\n<p>Svensken skal ha hatt et bombelaboratorium i kjelleren og planla massedrap av Eurovision-bes\u00f8kende, skriver\u00a0<a href=\"https:\/\/www.aftonbladet.se\/nyheter\/a\/GxlXwV\/planerade-massmord-pa-eurovision-svensk-doms-i-luxemburg?utm_source=sdrn%3Avg%3Aarticle%3A6qwvzQ\" rel=\"nofollow noopener\" target=\"_blank\">Aftonbladet.\u00a0<\/a><\/p>\n<p>23-\u00e5ringen erkjente i retten b\u00e5de \u00e5 ha planlagt angrep, ha v\u00e6rt med i en terrororganisasjon, skaffet seg kjemikalier og \u00e5 ha spredt propaganda og oppmuntret til vold i retten.<\/p>\n<p>Sikkerhetstjenesten i Luxembourg skal ha funnet 538 h\u00f8yreekstremistiske dokumenter i hjemmet hans, melder <a href=\"https:\/\/www.parool.nl\/nederland\/8-jaar-cel-waarvan-6-voorwaardelijk-voor-voorbereiden-aanslag-op-eurovisie-songfestival-2020-in-rotterdam~b825d320\/\" rel=\"nofollow noopener\" target=\"_blank\">Het Parool<\/a>.<\/p>\n<p>        KAOS: Yasmin Cruz St\u00f8a (18) var p\u00e5 T-banen i Oslo da en rutinemessig billettkontroll br\u00e5tt eskalerte i et voldsomt basketak. Video: Yasmin Cruz St\u00f8a. Reporter: Silja Furset<\/p>\n","protected":false},"excerpt":{"rendered":"Svensk 23-\u00e5ring d\u00f8mt til fengsel. Eurovision Song Contest skulle egentlig ha blitt holdt i Rotterdam i 2020, men&hellip;\n","protected":false},"author":2,"featured_media":99676,"comment_status":"","ping_status":"","sticky":false,"template":"","format":"standard","meta":{"footnotes":""},"categories":[12],"tags":[20,21,2513,24,25,15,22,23,7703,13,30,28,29,14,16,3686,26,27,42,43,44,45],"class_list":{"0":"post-99675","1":"post","2":"type-post","3":"status-publish","4":"format-standard","5":"has-post-thumbnail","7":"category-verden","8":"tag-breaking-news","9":"tag-breakingnews","10":"tag-eurovision","11":"tag-featured-news","12":"tag-featurednews","13":"tag-headlines","14":"tag-latest-news","15":"tag-latestnews","16":"tag-mgp","17":"tag-news","18":"tag-no","19":"tag-norge","20":"tag-norway","21":"tag-nyheter","22":"tag-overskrifter","23":"tag-terror","24":"tag-top-stories","25":"tag-topstories","26":"tag-verden","27":"tag-world","28":"tag-world-news","29":"tag-worldnews"},"share_on_mastodon":{"url":"https:\/\/pubeurope.com\/@no\/115631000465154163","error":""},"_links":{"self":[{"href":"https:\/\/www.europesays.com\/no\/wp-json\/wp\/v2\/posts\/99675","targetHints":{"allow":["GET"]}}],"collection":[{"href":"https:\/\/www.europesays.com\/no\/wp-json\/wp\/v2\/posts"}],"about":[{"href":"https:\/\/www.europesays.com\/no\/wp-json\/wp\/v2\/types\/post"}],"author":[{"embeddable":true,"href":"https:\/\/www.europesays.com\/no\/wp-json\/wp\/v2\/users\/2"}],"replies":[{"embeddable":true,"href":"https:\/\/www.europesays.com\/no\/wp-json\/wp\/v2\/comments?post=99675"}],"version-history":[{"count":0,"href":"https:\/\/www.europesays.com\/no\/wp-json\/wp\/v2\/posts\/99675\/revisions"}],"wp:featuredmedia":[{"embeddable":true,"href":"https:\/\/www.europesays.com\/no\/wp-json\/wp\/v2\/media\/99676"}],"wp:attachment":[{"href":"https:\/\/www.europesays.com\/no\/wp-json\/wp\/v2\/media?parent=99675"}],"wp:term":[{"taxonomy":"category","embeddable":true,"href":"https:\/\/www.europesays.com\/no\/wp-json\/wp\/v2\/categories?post=99675"},{"taxonomy":"post_tag","embeddable":true,"href":"https:\/\/www.europesays.com\/no\/wp-json\/wp\/v2\/tags?post=99675"}],"curies":[{"name":"wp","href":"https:\/\/api.w.org\/{rel}","templated":true}]}}