{"id":99681,"date":"2025-11-29T04:40:10","date_gmt":"2025-11-29T04:40:10","guid":{"rendered":"https:\/\/www.europesays.com\/no\/99681\/"},"modified":"2025-11-29T04:40:10","modified_gmt":"2025-11-29T04:40:10","slug":"nynazisme-australia-australske-nynazister-bruker-helly-hansen-jakker-som-uniform","status":"publish","type":"post","link":"https:\/\/www.europesays.com\/no\/99681\/","title":{"rendered":"Nynazisme, Australia | Australske nynazister bruker Helly Hansen-jakker som uniform"},"content":{"rendered":"\n<p>Det friluftsrettede klesmerket Helly Hansen har blitt sv\u00e6rt popul\u00e6rt blant sj\u00f8vante australiere, men n\u00e5 ser det ut som at det norske merket ogs\u00e5 har etablert seg hos en helt annen gruppe mennesker.<\/p>\n<p>P\u00e5 en nylig samling av nynazister i Sydney og Melbourne dukket flere medlemmer opp i svarte regnjakker og hatter fra Helly Hansen med merkets logo \u00abHH\u00bb, tilsynelatende valgt fordi det kan tolkes som en forkortelse for slagordet \u00abHeil Hitler.\u00bb<\/p>\n<p>Saken ble f\u00f8rst omtalt av de australske avisene <a rel=\"Follow nofollow noopener\" href=\"https:\/\/www.theage.com.au\/lifestyle\/fashion\/helly-hansen-is-the-new-uniform-of-choice-for-neo-nazis-why-20251119-p5ngky.html\" target=\"_blank\">The Age<\/a> og <a rel=\"Follow nofollow noopener\" href=\"https:\/\/www.smh.com.au\/lifestyle\/fashion\/helly-hansen-is-the-new-uniform-of-choice-for-neo-nazis-why-20251119-p5ngky.html\" target=\"_blank\">The Sydney Morning Herald.<\/a><\/p>\n<p>Avisene, som begge opererer under samme konsern, har fors\u00f8kt \u00e5 f\u00e5 en kommentar fra Helly Hansen, uten og lyktes. Selskapet har heller ikke kommet med noen offentlig uttalelse om de nylige samlingene hvor nynazister ble sett i deres produkter, og det er ingenting som tilsier at merket p\u00e5 noen m\u00e5te st\u00f8tter nynazisters bruk av Helly Hansen-kl\u00e6r.<\/p>\n<p>Nettavisen har ogs\u00e5 fors\u00f8kt \u00e5 kontakte Helly Hansen for en kommentar.<\/p>\n<p>   <img decoding=\"async\" width=\"7212\" height=\"4808\" fetchpriority=\"low\"  loading=\"lazy\"  src=\"https:\/\/www.europesays.com\/no\/wp-content\/uploads\/2025\/11\/NTB_ocaHYtIXYw4.jpg\" alt=\"National Socialist Network member Thomas Sewell (C) leads his supporters during a \" march=\"\" for=\"\" australia=\"\" anti-immigration=\"\" rally=\"\" in=\"\" melbourne=\"\" on=\"\" august=\"\" by=\"\" william=\"\" west=\"\" afp=\"\" class=\"brick-c-cFOWSL\" style=\"--brick-image-ratio: 7212 \/ 4808;\"\/><\/p>\n<p>      UNIFORM: Flere av medlemmene av National Socialist Network ble sett i svarte regnjakker fra det norske merket Helly Hansen.<br \/>\n      Foto: WILLIAM WEST (AFP\/NTB)\n    <\/p>\n<p>  Ikke tilfeldig<\/p>\n<p>Tidligere har blant annet merker som Fred Perry og Burberry blitt brukt som \u00abuniform\u00bb av lignende h\u00f8yreekstreme grupper.<\/p>\n<p>Dr. Cynthia Miller-Idriss, grunnlegger og direkt\u00f8r for Polarization &amp; Extremism Research &amp; Innovation Lab, sier til den australske avisa at kl\u00e6r er sentralt for \u00e5 bygge en sammenhengende identitet, ut\u00f8ve makt og unng\u00e5 loven. Basert p\u00e5 sin egen forskning mener hun at merker kan fungere som en inngangsbillett til undergrunnsm\u00f8ter eller arrangementer.<\/p>\n<p>Dr. Liam Gillespie, f\u00f8rstelektor i kriminologi ved University of Melbourne, legger til at valget av svarte kl\u00e6r, ofte med referanser til milit\u00e6ret, skaper en estetikk av maskulinitet og ogs\u00e5 troverdighet. Han mener ogs\u00e5 at det ikke sikkert er tilfeldig at valget falt p\u00e5 et norsk merke som Helly Hansen.<\/p>\n<p>\u2013 Disse gruppene lever av \u00e5 skape sine egne narrativer og koder, som at det er knyttet til Norr\u00f8n Mytologi. Det kan tilf\u00f8re alle disse sm\u00e5 lagene med mening, sier han.<\/p>\n<p>Nye symboler<\/p>\n<p>I 2024 be det ulovlig \u00e5 offentlig vise nazistiske symboler som hakekorset i Australia. Etter at loven ble tatt i bruk har nynazistiske grupper i landet tatt i bruk andre symboler, som for eksempel tallet 14 og 88. Tallet 14 viser til slagordet \u00abWe must secure the existence of our people and a future for white children\u00bb, og 88 viser til \u00abHeil Hitler\u00bb fordi H er den \u00e5ttende bokstaven i alfabetet.<\/p>\n","protected":false},"excerpt":{"rendered":"Det friluftsrettede klesmerket Helly Hansen har blitt sv\u00e6rt popul\u00e6rt blant sj\u00f8vante australiere, men n\u00e5 ser det ut som&hellip;\n","protected":false},"author":2,"featured_media":99682,"comment_status":"","ping_status":"","sticky":false,"template":"","format":"standard","meta":{"footnotes":""},"categories":[5],"tags":[20,21,24,25,15,19,22,23,17,18,13,30,28,29,14,16,26,27],"class_list":{"0":"post-99681","1":"post","2":"type-post","3":"status-publish","4":"format-standard","5":"has-post-thumbnail","7":"category-overskrifter","8":"tag-breaking-news","9":"tag-breakingnews","10":"tag-featured-news","11":"tag-featurednews","12":"tag-headlines","13":"tag-hovedoppslag","14":"tag-latest-news","15":"tag-latestnews","16":"tag-main-news","17":"tag-mainnews","18":"tag-news","19":"tag-no","20":"tag-norge","21":"tag-norway","22":"tag-nyheter","23":"tag-overskrifter","24":"tag-top-stories","25":"tag-topstories"},"share_on_mastodon":{"url":"https:\/\/pubeurope.com\/@no\/115631149906974919","error":""},"_links":{"self":[{"href":"https:\/\/www.europesays.com\/no\/wp-json\/wp\/v2\/posts\/99681","targetHints":{"allow":["GET"]}}],"collection":[{"href":"https:\/\/www.europesays.com\/no\/wp-json\/wp\/v2\/posts"}],"about":[{"href":"https:\/\/www.europesays.com\/no\/wp-json\/wp\/v2\/types\/post"}],"author":[{"embeddable":true,"href":"https:\/\/www.europesays.com\/no\/wp-json\/wp\/v2\/users\/2"}],"replies":[{"embeddable":true,"href":"https:\/\/www.europesays.com\/no\/wp-json\/wp\/v2\/comments?post=99681"}],"version-history":[{"count":0,"href":"https:\/\/www.europesays.com\/no\/wp-json\/wp\/v2\/posts\/99681\/revisions"}],"wp:featuredmedia":[{"embeddable":true,"href":"https:\/\/www.europesays.com\/no\/wp-json\/wp\/v2\/media\/99682"}],"wp:attachment":[{"href":"https:\/\/www.europesays.com\/no\/wp-json\/wp\/v2\/media?parent=99681"}],"wp:term":[{"taxonomy":"category","embeddable":true,"href":"https:\/\/www.europesays.com\/no\/wp-json\/wp\/v2\/categories?post=99681"},{"taxonomy":"post_tag","embeddable":true,"href":"https:\/\/www.europesays.com\/no\/wp-json\/wp\/v2\/tags?post=99681"}],"curies":[{"name":"wp","href":"https:\/\/api.w.org\/{rel}","templated":true}]}}